{"id":37349,"date":"2007-04-01T18:51:55","date_gmt":"2007-04-01T18:51:55","guid":{"rendered":"http:\/\/diariodominicano.ddns.net\/?p=37349"},"modified":"2007-04-01T18:51:55","modified_gmt":"2007-04-01T18:51:55","slug":"la-reeleccion-en-corea-del-sur","status":"publish","type":"post","link":"https:\/\/diariodominicano.com\/?p=37349","title":{"rendered":"La reelecci\u00f3n en Corea del Sur"},"content":{"rendered":"<p><body><\/p>\n<p class=\"titulogrande1\"><em>La reelecci\u00f3n en Corea del Sur <\/em><\/p>\n<p>&#13;<\/p>\n<p><span class=\"linksnoticias\"><em>Por<\/em><\/span> <span class=\"textogrande\"><em>H\u00e9ctor Galv\u00e1n<\/em><\/span><\/p>\n<p>&#13;<\/p>\n<p align=\"justify\" class=\"text1noticias\">El presidente de la Rep\u00fablica de Corea, Roh Moo Hyun, someti\u00f3 a la  consideraci\u00f3n de la   Asamblea Nacional y de los partidos pol\u00edticos all\u00ed  representados una enmienda a la   Constituci\u00f3n del pa\u00eds para permitir la reelecci\u00f3n  presidencial.<\/p>\n<p>&#13;<\/p>\n<p align=\"justify\" class=\"text1noticias\">En lugar de optar por un per\u00edodo de cinco a\u00f1os, como lo  establece la Constituci\u00f3n  actual, lo que persigue el primer mandatario coreano es que el pr\u00f3ximo  Presidente pueda optar por dos per\u00edodos consecutivos, de cuatro a\u00f1os cada uno.<\/p>\n<p>&#13;<\/p>\n<p align=\"justify\" class=\"text1noticias\">De igual manera, en su proyecto de reforma constitucional,  se procura unificar las elecciones presidenciales y las legislativas a fin de  que sean celebradas para febrero del a\u00f1o 2012. Las pr\u00f3ximas elecciones  presidenciales en Corea est\u00e1n programadas para diciembre del 2007, mientras que  las\u00a0 elecciones legislativas estar\u00edan  fijadas para la primera mitad del 2008.<\/p>\n<p>&#13;<\/p>\n<p align=\"justify\" class=\"text1noticias\">Bajo la actual constituci\u00f3n, seg\u00fan las informaciones  divulgadas, el ahora Jefe de Estado coreano no es elegible para optar por otro  per\u00edodo de cinco a\u00f1os en la presidencia.<\/p>\n<p>&#13;<\/p>\n<p align=\"justify\" class=\"text1noticias\">La propuesta la someti\u00f3 el Gobierno el pasado 8 de marzo, y  el d\u00eda 15, un equipo de expertos en leyes y en an\u00e1lisis de la Constituci\u00f3n, se  reuni\u00f3 para analizar la propuesta presidencial. Seg\u00fan puede verse en la p\u00e1gina de  noticias Korea.net (www.korea.net), los resultados fueron mayormente a favor de  la reelecci\u00f3n contenida en la enmienda sometida por el presidente coreano.<\/p>\n<p>&#13;<\/p>\n<p align=\"justify\" class=\"text1noticias\">Lo m\u00e1s interesante son los argumentos que se exponen a favor  del sistema de reelecci\u00f3n presidencial. Por ejemplo, se considera que bajo el  sistema presidencial de un solo t\u00e9rmino, se tiende a producir una p\u00e9rdida de  estabilidad del gobierno.<\/p>\n<p>&#13;<\/p>\n<p align=\"justify\" class=\"text1noticias\">Los resultados de la ejecuci\u00f3n de los jefes de Estado no son  evaluados para una segunda elecci\u00f3n, lo que le resta motivaci\u00f3n al Presidente  para permanecer en el cargo.<\/p>\n<p>&#13;<\/p>\n<p align=\"justify\" class=\"text1noticias\">En otras palabras, la posibilidad de la reelecci\u00f3n implica  que el gobernante debe tener un buen desempe\u00f1o en su gesti\u00f3n, porque sabe que  ser\u00e1 evaluado por los votantes, y de ah\u00ed, de ese proceso, depender\u00e1 su elecci\u00f3n  o no. En ese caso, el votante, el pueblo, es el gran beneficiado con el sistema  de reelecci\u00f3n presidencial.<\/p>\n<p>&#13;<\/p>\n<p align=\"justify\" class=\"text1noticias\">Asimismo, el sistema bajo un solo t\u00e9rmino puede conllevar a  una competencia presidencial prematura. Se plantea que los ex presidentes Roh  Taw Woo, Kim Young Sam y Kim Dae Jung fueron forzados a salir de sus propios  partidos en el \u00faltimo a\u00f1o del periodo de los cinco a\u00f1os.<\/p>\n<p>&#13;<\/p>\n<p align=\"justify\" class=\"text1noticias\">Pero lo que es m\u00e1s importante, seg\u00fan lo que publica la  p\u00e1gina de noticias ya mencionada, es que el per\u00edodo presidencial de un solo  t\u00e9rmino impide la formulaci\u00f3n de una estrategia nacional a largo plazo y la  fijaci\u00f3n de tareas de manera consistente y continua. Se considera que el  sistema de un solo t\u00e9rmino se implant\u00f3 para evitar el surgimiento de posibles  dictadores en forma prolongada. Pero, algunos analistas entienden que la  democracia en Corea ha madurado, y que los tiempos reclaman eficiencia,  responsabilidad y estabilidad en el manejo de los asuntos del Estado.<\/p>\n<p>&#13;<\/p>\n<p align=\"justify\" class=\"text1noticias\">Para el investigador de la Universidad\u00a0 Kyunghee, profesor Kan Hyo  Baek, en el mundo hay 95 gobiernos que tienen un sistema presidencial, de los  cuales 12, es decir el 12.5 % permite a sus presidentes optar por un solo  t\u00e9rmino. Esos pa\u00edses incluyen a Corea, Filipinas, L\u00edbano, Per\u00fa, Costa Rica,  Paraguay, Bolivia, Honduras, Panam\u00e1, Chile y Colombia. Consideran los expertos,  que el sistema de reelecci\u00f3n presidencial es com\u00fan en las naciones  desarrolladas, en donde hay una gran experiencia democr\u00e1tica. Y la posibilidad  de la unificaci\u00f3n del sistema de elecci\u00f3n presidencial con el legislativo,  podr\u00eda contribuir a una mayor estabilidad, eficiencia, continuidad y  transparencia en la administraci\u00f3n p\u00fablica.<\/p>\n<p>&#13;<\/p>\n<p align=\"justify\" class=\"text1noticias\">As\u00ed pues, en los actuales momentos, los argumentos del  debate coreano\u00a0 son importantes porque  ofrecen muchas luces a la pol\u00e9mica existente en la Rep\u00fablica Dominicana  respecto a la reelecci\u00f3n presidencial.<br \/>&#13;<br \/>\n  <br \/>&#13;<br \/>\n    <em><strong>El autor es embajador en Corea del Sur. <\/strong><\/em><\/p>\n<p>&#13;<\/p>\n<h6> 2007-04-01 18:51:55 <\/h6>\n<p><!--\n<link rel=\"stylesheet\" href=\"css\/bootstrap.min.css\">\n\n\n<ul class=\"pagination\">\n\t    \n\t\n\n<li >\n\t<a href='?page_no=13119'>Previous<\/a>\n\t<\/li>\n\n\n       \n    \n\n<li><a href='?page_no=1'>1<\/a><\/li>\n\n\n\n<li><a href='?page_no=2'>2<\/a><\/li>\n\n\n\n<li><a>...<\/a><\/li>\n\n\n\n<li><a href='?page_no=13118'>13118<\/a><\/li>\n\n\n\n<li><a href='?page_no=13119'>13119<\/a><\/li>\n\n\n\n<li class='active'><a>13120<\/a><\/li>\n\n\n\n<li><a href='?page_no=13121'>13121<\/a><\/li>\n\n\n\n<li><a href='?page_no=13122'>13122<\/a><\/li>\n\n\n\n<li><a>...<\/a><\/li>\n\n\n\n<li><a href='?page_no=13611'>13611<\/a><\/li>\n\n\n\n<li><a href='?page_no=13612'>13612<\/a><\/li>\n\n    \n\t\n\n<li >\n\t<a href='?page_no=13121'>Next<\/a>\n\t<\/li>\n\n\n    \n\n<li><a href='?page_no=13612'>Last &rsaquo;&rsaquo;<\/a><\/li>\n\n<\/ul>\n\n\n--><br \/>\n<\/body><\/p>\n","protected":false},"excerpt":{"rendered":"<p>La reelecci\u00f3n en Corea del Sur &#13; Por H\u00e9ctor Galv\u00e1n &#13; El presidente de la Rep\u00fablica de Corea, Roh Moo Hyun, someti\u00f3 a la consideraci\u00f3n de la Asamblea Nacional y de los partidos pol\u00edticos all\u00ed representados una enmienda a la Constituci\u00f3n del pa\u00eds para permitir la reelecci\u00f3n presidencial. &#13; En lugar de optar por un [&hellip;]<\/p>\n","protected":false},"author":3,"featured_media":0,"comment_status":"open","ping_status":"open","sticky":false,"template":"","format":"standard","meta":{"footnotes":""},"categories":[16],"tags":[],"class_list":["post-37349","post","type-post","status-publish","format-standard","hentry","category-opiniones"],"_links":{"self":[{"href":"https:\/\/diariodominicano.com\/index.php?rest_route=\/wp\/v2\/posts\/37349","targetHints":{"allow":["GET"]}}],"collection":[{"href":"https:\/\/diariodominicano.com\/index.php?rest_route=\/wp\/v2\/posts"}],"about":[{"href":"https:\/\/diariodominicano.com\/index.php?rest_route=\/wp\/v2\/types\/post"}],"author":[{"embeddable":true,"href":"https:\/\/diariodominicano.com\/index.php?rest_route=\/wp\/v2\/users\/3"}],"replies":[{"embeddable":true,"href":"https:\/\/diariodominicano.com\/index.php?rest_route=%2Fwp%2Fv2%2Fcomments&post=37349"}],"version-history":[{"count":0,"href":"https:\/\/diariodominicano.com\/index.php?rest_route=\/wp\/v2\/posts\/37349\/revisions"}],"wp:attachment":[{"href":"https:\/\/diariodominicano.com\/index.php?rest_route=%2Fwp%2Fv2%2Fmedia&parent=37349"}],"wp:term":[{"taxonomy":"category","embeddable":true,"href":"https:\/\/diariodominicano.com\/index.php?rest_route=%2Fwp%2Fv2%2Fcategories&post=37349"},{"taxonomy":"post_tag","embeddable":true,"href":"https:\/\/diariodominicano.com\/index.php?rest_route=%2Fwp%2Fv2%2Ftags&post=37349"}],"curies":[{"name":"wp","href":"https:\/\/api.w.org\/{rel}","templated":true}]}}