{"id":37345,"date":"2007-04-03T15:24:46","date_gmt":"2007-04-03T15:24:46","guid":{"rendered":"http:\/\/diariodominicano.ddns.net\/?p=37345"},"modified":"2007-04-03T15:24:46","modified_gmt":"2007-04-03T15:24:46","slug":"que-buscas-diogenes","status":"publish","type":"post","link":"https:\/\/diariodominicano.com\/?p=37345","title":{"rendered":"\u00bfQu\u00e9 buscas, Di\u00f3genes?"},"content":{"rendered":"<p><body><\/p>\n<h1 class=\"titulogrande1\"><em>\u00bfQu\u00e9 buscas, Di\u00f3genes? <\/em><\/h1>\n<p>&#13;<\/p>\n<h1 class=\"titulogrande\"><em>Espec\u00edmenes de la pol\u00edtica Dominicana <\/em><\/h1>\n<p>&#13;<\/p>\n<p><span class=\"Estilo1\"><strong>o el Arte en\/de la   Pol\u00edtica<\/strong><strong> <\/strong><\/span><\/p>\n<p>&#13;<\/p>\n<p align=\"justify\"><strong><em>\u00bfQu\u00e9 buscas, Di\u00f3genes?. (Di\u00f3genes de Sinope, fil\u00f3sofos c\u00ednico)<\/em><\/strong><br \/>&#13;<br \/>\n  <br \/>&#13;<br \/>\n<strong><em>Di\u00f3genes fue un fil\u00f3sofo griego. El cre\u00eda que no hab\u00eda sinceridad  en ning\u00fan ser humano. Para probar de forma v\u00edvida este punto, se dec\u00eda que iba  por las calles de Corinto a plena luz del d\u00eda con una linterna encendida  buscando alg\u00fan hombre sincero, de ah\u00ed que hablemos de la \u201cLinterna de Di\u00f3genes\u201d  al referirnos a un grupo de personas cuya sinceridad brilla totalmente por su  ausencia.<\/em><\/strong> <\/p>\n<p>&#13;<\/p>\n<h2><span class=\"linksnoticias\"><em>Por:<\/em><\/span> <span class=\"textogrande\"><em>Onorio  Mont\u00e1s\u00a0\u00a0\u00a0<\/em><\/span>\u00a0\u00a0\u00a0\u00a0\u00a0\u00a0\u00a0\u00a0\u00a0\u00a0\u00a0\u00a0\u00a0\u00a0\u00a0\u00a0\u00a0\u00a0\u00a0\u00a0\u00a0\u00a0\u00a0\u00a0\u00a0\u00a0\u00a0\u00a0\u00a0\u00a0\u00a0\u00a0\u00a0\u00a0\u00a0\u00a0\u00a0\u00a0\u00a0\u00a0\u00a0\u00a0\u00a0\u00a0\u00a0\u00a0\u00a0\u00a0\u00a0\u00a0\u00a0\u00a0\u00a0\u00a0\u00a0\u00a0\u00a0\u00a0\u00a0\u00a0\u00a0\u00a0\u00a0\u00a0\u00a0\u00a0\u00a0\u00a0\u00a0\u00a0\u00a0\u00a0\u00a0\u00a0\u00a0\u00a0\u00a0\u00a0 <\/h2>\n<p>&#13;<\/p>\n<p align=\"justify\" class=\"text1noticias\">En los diarios de hoy  aparecen en el Diario Libre y el List\u00edn Diario dos notas interesantes \u201cTres  reformistas han estado con Balaguer, Mej\u00eda y Leonel\u201d y \u201cArtistas que apoyan a  Leonel\u201d, pero DL se han quedado corto en el se\u00f1alamiento de los \u201cpol\u00edticos pues  esa ha sido una larga lista de tr\u00e1nsfugas de la pol\u00edtica dominicana que han  hecho de la pol\u00edtica su principal profesi\u00f3n, se han convertido en profesionales  de la pol\u00edtica o pol\u00edticos profesionales y han olvidado que la pol\u00edtica es el  arte de hacer posible lo necesario para una comunidad.<\/p>\n<p>&#13;<\/p>\n<p align=\"justify\" class=\"text1noticias\">Y la lista es larga se  olvidaron de mencionar a Andr\u00e9s Vanderhorst un CPA que se cobij\u00f3 bajo la sombra  de Jacobo Majluta y le cogi\u00f3 el \u201cgustico\u201d a la pol\u00edtica y se ha arrimado a  todos los gobiernos negociando su partido \u201cLa Estructura\u201d, Rafael  Bonilla Aybar que despu\u00e9s de su huida de las turbas que lo buscaban para  lincharlo al inicio de la   Revoluci\u00f3n de Abril a cogido cabeza y ha vivido de todos los  gobiernos desde esa \u00e9poca como \u201casesor\u201d hasta como embajador alterno de la Canciller\u00eda (est\u00e1 en  el presupuesto nacional), el simp\u00e1tico Rafael Corpor\u00e1n de los Santos que lleg\u00f3  hasta ser sindico del Distrito Nacional y ha disfrutado de la cercan\u00eda del  poder desde entonces, el difunto R. A. Font Bernal que desde la ca\u00edda Trujillo  del cual fue escribidor de infamias y hasta la hora de su muerte fue Il  Consiglieri de todos los gobiernos y gobernantes.<\/p>\n<p>&#13;<\/p>\n<p align=\"justify\" class=\"text1noticias\">Pero ser\u00eda interminable  mencionar \u201cpol\u00edticos\u201d no solo Angel Lockward, Leonardo Matos Berrido y H\u00e9ctor  Rodr\u00edguez Pimentel como destaca la nota de Diario Libre y es que habr\u00eda que  preguntarse \u00bfLos pol\u00edticos se est\u00e1n convirtiendo en profesionales del inter\u00e9s,  en herramientas del poder econ\u00f3mico y del Estado para subvertir y corromper al  resto de la sociedad?, y esto lo dejo como una reflexi\u00f3n o mas bien como un  ejercicio que tal vez justifique el descreimiento o la desconfianza en los  pol\u00edticos dominicanos, porque quienes ejercen el poder pol\u00edtico, definido como  el arte de gobernar, se han preocupado y se preocupan esencialmente de  favorecer las condiciones de vida de su propia gente o de ellos y no de la  sociedad.<\/p>\n<p>&#13;<\/p>\n<p align=\"justify\" class=\"text1noticias\"><strong><em>\u00abLa pol\u00edtica es el arte de buscar problemas, encontrarlos,  hacer un diagn\u00f3stico falso y aplicar despu\u00e9s los remedios equivocados\u201d.<\/em><\/strong><br \/>&#13;<br \/>\n  <br \/>&#13;<br \/>\n    <span class=\"textopq1\"><em>Groucho  Marx<\/em><\/span> <\/p>\n<p>&#13;<\/p>\n<p align=\"justify\" class=\"text1noticias\">As\u00ed tambi\u00e9n sucede con los  artistas populares a pesar de que no se le puede o no se debe \u201cponer l\u00edmites al  arte\u00bb pues son un reflejo permanente de las inquietudes y circunstancias  del momento y aparecen cuando el \u201cpueblo est\u00e1 en chercha\u201d, por eso en la  frontera del arte y la pol\u00edtica, una generaci\u00f3n de activistas del arte producen  parodias, denuncias y bromas que, en su mayor\u00eda, aprovechan o utilizan. \u00bfSon  arte o militancia?.<\/p>\n<p>&#13;<\/p>\n<p><span class=\"textogrande\"><em>Onorio Mont\u00e1s<\/em><\/span><br \/>&#13;<br \/>\n  <br \/>&#13;<br \/>\n    <span class=\"ttmediao\"><em>26 de marzo de 2007<\/em><\/span><\/p>\n<p>&#13;<\/p>\n<h6> 2007-04-03 15:24:46 <\/h6>\n<p><!--\n<link rel=\"stylesheet\" href=\"css\/bootstrap.min.css\">\n\n\n<ul class=\"pagination\">\n\t    \n\t\n\n<li >\n\t<a href='?page_no=13116'>Previous<\/a>\n\t<\/li>\n\n\n       \n    \n\n<li><a href='?page_no=1'>1<\/a><\/li>\n\n\n\n<li><a href='?page_no=2'>2<\/a><\/li>\n\n\n\n<li><a>...<\/a><\/li>\n\n\n\n<li><a href='?page_no=13115'>13115<\/a><\/li>\n\n\n\n<li><a href='?page_no=13116'>13116<\/a><\/li>\n\n\n\n<li class='active'><a>13117<\/a><\/li>\n\n\n\n<li><a href='?page_no=13118'>13118<\/a><\/li>\n\n\n\n<li><a href='?page_no=13119'>13119<\/a><\/li>\n\n\n\n<li><a>...<\/a><\/li>\n\n\n\n<li><a href='?page_no=13611'>13611<\/a><\/li>\n\n\n\n<li><a href='?page_no=13612'>13612<\/a><\/li>\n\n    \n\t\n\n<li >\n\t<a href='?page_no=13118'>Next<\/a>\n\t<\/li>\n\n\n    \n\n<li><a href='?page_no=13612'>Last &rsaquo;&rsaquo;<\/a><\/li>\n\n<\/ul>\n\n\n--><br \/>\n<\/body><\/p>\n","protected":false},"excerpt":{"rendered":"<p>\u00bfQu\u00e9 buscas, Di\u00f3genes? &#13; Espec\u00edmenes de la pol\u00edtica Dominicana &#13; o el Arte en\/de la Pol\u00edtica &#13; \u00bfQu\u00e9 buscas, Di\u00f3genes?. (Di\u00f3genes de Sinope, fil\u00f3sofos c\u00ednico)&#13; &#13; Di\u00f3genes fue un fil\u00f3sofo griego. El cre\u00eda que no hab\u00eda sinceridad en ning\u00fan ser humano. Para probar de forma v\u00edvida este punto, se dec\u00eda que iba por las calles [&hellip;]<\/p>\n","protected":false},"author":3,"featured_media":0,"comment_status":"open","ping_status":"open","sticky":false,"template":"","format":"standard","meta":{"footnotes":""},"categories":[16],"tags":[],"class_list":["post-37345","post","type-post","status-publish","format-standard","hentry","category-opiniones"],"_links":{"self":[{"href":"https:\/\/diariodominicano.com\/index.php?rest_route=\/wp\/v2\/posts\/37345","targetHints":{"allow":["GET"]}}],"collection":[{"href":"https:\/\/diariodominicano.com\/index.php?rest_route=\/wp\/v2\/posts"}],"about":[{"href":"https:\/\/diariodominicano.com\/index.php?rest_route=\/wp\/v2\/types\/post"}],"author":[{"embeddable":true,"href":"https:\/\/diariodominicano.com\/index.php?rest_route=\/wp\/v2\/users\/3"}],"replies":[{"embeddable":true,"href":"https:\/\/diariodominicano.com\/index.php?rest_route=%2Fwp%2Fv2%2Fcomments&post=37345"}],"version-history":[{"count":0,"href":"https:\/\/diariodominicano.com\/index.php?rest_route=\/wp\/v2\/posts\/37345\/revisions"}],"wp:attachment":[{"href":"https:\/\/diariodominicano.com\/index.php?rest_route=%2Fwp%2Fv2%2Fmedia&parent=37345"}],"wp:term":[{"taxonomy":"category","embeddable":true,"href":"https:\/\/diariodominicano.com\/index.php?rest_route=%2Fwp%2Fv2%2Fcategories&post=37345"},{"taxonomy":"post_tag","embeddable":true,"href":"https:\/\/diariodominicano.com\/index.php?rest_route=%2Fwp%2Fv2%2Ftags&post=37345"}],"curies":[{"name":"wp","href":"https:\/\/api.w.org\/{rel}","templated":true}]}}