{"id":37343,"date":"2007-04-03T15:32:00","date_gmt":"2007-04-03T15:32:00","guid":{"rendered":"http:\/\/diariodominicano.ddns.net\/?p=37343"},"modified":"2007-04-03T15:32:00","modified_gmt":"2007-04-03T15:32:00","slug":"politica-y-justicia","status":"publish","type":"post","link":"https:\/\/diariodominicano.com\/?p=37343","title":{"rendered":"POLITICA y JUSTICIA"},"content":{"rendered":"<p><body><\/p>\n<p align=\"justify\"><span class=\"titulogrande1\"><em>POLITICA y JUSTICIA<\/em><\/span><br \/>&#13;<br \/>\n  \u00a0<br \/>&#13;<br \/>\n  <em><strong>Qu\u00e9 paso ah\u00ed\u2026<\/strong><\/em><br \/>&#13;<br \/>\n  \u00a0<br \/>&#13;<br \/>\n  <span class=\"textogrande\"><em>ROBERTO LEBRON<\/em><\/span><br \/>&#13;<br \/>\n  \u00a0<br \/>&#13;<br \/>\n  <span class=\"text1noticias\">Conozco bien a Bernardo Santana P\u00e1ez, a quien considero un  hombre correcto. Por eso, probablemente, es el jefe de la Polic\u00eda Nacional,  uno de los mejores que ha tenido esa instituci\u00f3n en toda su historia. Le tengo  mucho aprecio al amigo Bernardo, que dicho sea de paso es querido por la gran  mayor\u00eda de periodistas, para no decir por todos.<\/span><\/p>\n<p>&#13;<\/p>\n<p align=\"justify\" class=\"text1noticias\">Eso no implica, en cambio, que me vea en obligaci\u00f3n de  criticarle, ahora que acaba de cometer un error, a prop\u00f3sito de la muerte  tr\u00e1gica y lamentable del buen amigo y colega V\u00edctor Gul\u00edas. Confieso que no me  sent\u00ed bien al escuchar de boca de Santana P\u00e1ez que el deceso del comunicador  fue por causas pasionales.<\/p>\n<p>&#13;<\/p>\n<p align=\"justify\" class=\"text1noticias\">No era necesario que el jefe policial se expresara de ese  modo, porque as\u00ed le asest\u00f3 otra pu\u00f1alada profunda al cad\u00e1ver de Gul\u00edas, un  extraordinario ser humano al que todos le ten\u00edamos afecto. Y fue tambi\u00e9n igual  de profunda la herida para sus deudos, de eso no hay dudas, inmediatamente  escucharon la declaraci\u00f3n del teniente general.<\/p>\n<p>&#13;<\/p>\n<p align=\"justify\" class=\"text1noticias\">Tengo la impresi\u00f3n de que Santana P\u00e1ez no pens\u00f3 que su  expresi\u00f3n har\u00eda reaccionar a la familia de Gul\u00edas, lo mismo que a sus amigos. Y  digo esto porque el jefe de la   Polic\u00eda tambi\u00e9n goza del aprecio de mucho, en raz\u00f3n de que se  trata de un hombre de bien, forjado entre los periodistas, a los que \u00e9l conoce  muy bien.<\/p>\n<p>&#13;<\/p>\n<p align=\"justify\" class=\"text1noticias\">Todo periodista en ejercicio que haya pasado por el Palacio  de la Polic\u00eda, cumpliendo su funci\u00f3n de reportero, conoce a Santana P\u00e1ez.  Todo periodista que haya tenido la oportunidad de ser cronista judicial conoce  a muy buen amigo Santana P\u00e1ez, uno de los mejores investigadores que han pasado  por la instituci\u00f3n del orden, como se escribe frecuentemente en los diarios y  medios electr\u00f3nicos.<\/p>\n<p>&#13;<\/p>\n<p align=\"justify\" class=\"text1noticias\">No ten\u00eda ning\u00fan valor, y que me excuse el jefe de la Polic\u00eda, que se dijera  poco despu\u00e9s de cometido el hecho que \u201cse trat\u00f3 de un crimen pasional\u201d y que se  encontraron instrumentos de tal y cual naturaleza. Eso no era lo importante en  ese momento. Lo elemental era que se recogieran las evidencias, que el cuerpo  sin vida fuera entregado a los pat\u00f3logos para que en el tiempo m\u00e1s  breve fueran apresados los autores del crimen.<\/p>\n<p>&#13;<\/p>\n<p align=\"justify\" class=\"text1noticias\">Si los autores materiales del homicidio actuaron de manera  atroz, con igual atrocidad actu\u00f3 mi amigo Santana P\u00e1ez al decir lo citado  precedentemente. Qu\u00e9 importancia ten\u00eda, insisto, este juicio preliminar, si en  ese momento a nadie le interesaba escuchar esa versi\u00f3n. Insisto que escribo  estas l\u00edneas porque le tengo aprecio al teniente general, un rango que lleva  por los m\u00e9ritos que tiene, los que muchos dominicanos sabemos valorar.<\/p>\n<p>&#13;<\/p>\n<p align=\"justify\" class=\"text1noticias\">No creo, y jam\u00e1s lo pensar\u00eda, que Santana P\u00e1ez reaccion\u00f3 as\u00ed  inc\u00f3modo con los periodistas por su actitud algunas veces critica contra la Polic\u00eda. Jam\u00e1s se  me ocurr\u00eda pensar eso, tomando en cuenta los v\u00ednculos extraordinarios que \u00e9l  tiene con los comunicadores, sin importar su jerarqu\u00eda en los medios de  comunicaci\u00f3n. Lo critico porque lo considero mi amigo y cada vez que un amigo  falla hay que hac\u00e9rselo saber.<\/p>\n<p>&#13;<\/p>\n<p align=\"justify\" class=\"text1noticias\">Estoy convencido de que Santana P\u00e1ez me agradece lo que  digo, a pesar de que otros pusil\u00e1nimes piensen lo contrario. El es teniente  general, que no \u2018no es paja de coco\u2019, y yo nada, pero estoy en el deber de  cuestionar lo que otros, por lo bajo, han criticado, o siguen criticando. Tengo  muchos amigos en la Polic\u00eda,  comenzando por el jefe, y no puedo callar cuando uno de ellos mete la pata.<\/p>\n<p>&#13;<\/p>\n<p align=\"justify\" class=\"text1noticias\">Lo mismo espero de ellos si cometo un error. Si Sim\u00f3n D\u00edaz,  por ejemplo, falla en algo lo llamo de inmediato y le hago saber de que se  trata, y lo mismo \u00e9l hace con este mortal, de modo que estoy el deber, y lo  hago p\u00fablico, de comunicarle a Santana P\u00e1ez que era innecesario decir que la  muerte de Gul\u00edas fue pasional, porque las laceraciones que esto provoc\u00f3 fueron  tan profundas como las heridas que les infringieron en su cuerpo.<\/p>\n<p>&#13;<\/p>\n<p align=\"justify\" class=\"text1noticias\">Por lo \u00fanico que abogo es para que los investigadores a  cargo del caso determinen quien le quit\u00f3 la vida, a los fines de que el autor o  los autores de ese hecho deleznable sean sancionados con todo el rigor que  establece la ley penal. Y no tengo dudas de que los asesinos del relacionador  p\u00fablico de la Liga   Municipal Dominicana ser\u00e1n detenidos y enviados a prisi\u00f3n.  Eso es lo que esperamos los amigos del correcto funcionario.<\/p>\n<p>&#13;<\/p>\n<h6> 2007-04-03 15:32:00 <\/h6>\n<p><!--\n<link rel=\"stylesheet\" href=\"css\/bootstrap.min.css\">\n\n\n<ul class=\"pagination\">\n\t    \n\t\n\n<li >\n\t<a href='?page_no=13114'>Previous<\/a>\n\t<\/li>\n\n\n       \n    \n\n<li><a href='?page_no=1'>1<\/a><\/li>\n\n\n\n<li><a href='?page_no=2'>2<\/a><\/li>\n\n\n\n<li><a>...<\/a><\/li>\n\n\n\n<li><a href='?page_no=13113'>13113<\/a><\/li>\n\n\n\n<li><a href='?page_no=13114'>13114<\/a><\/li>\n\n\n\n<li class='active'><a>13115<\/a><\/li>\n\n\n\n<li><a href='?page_no=13116'>13116<\/a><\/li>\n\n\n\n<li><a href='?page_no=13117'>13117<\/a><\/li>\n\n\n\n<li><a>...<\/a><\/li>\n\n\n\n<li><a href='?page_no=13611'>13611<\/a><\/li>\n\n\n\n<li><a href='?page_no=13612'>13612<\/a><\/li>\n\n    \n\t\n\n<li >\n\t<a href='?page_no=13116'>Next<\/a>\n\t<\/li>\n\n\n    \n\n<li><a href='?page_no=13612'>Last &rsaquo;&rsaquo;<\/a><\/li>\n\n<\/ul>\n\n\n--><br \/>\n<\/body><\/p>\n","protected":false},"excerpt":{"rendered":"<p>POLITICA y JUSTICIA&#13; \u00a0&#13; Qu\u00e9 paso ah\u00ed\u2026&#13; \u00a0&#13; ROBERTO LEBRON&#13; \u00a0&#13; Conozco bien a Bernardo Santana P\u00e1ez, a quien considero un hombre correcto. Por eso, probablemente, es el jefe de la Polic\u00eda Nacional, uno de los mejores que ha tenido esa instituci\u00f3n en toda su historia. Le tengo mucho aprecio al amigo Bernardo, que dicho [&hellip;]<\/p>\n","protected":false},"author":3,"featured_media":0,"comment_status":"open","ping_status":"open","sticky":false,"template":"","format":"standard","meta":{"footnotes":""},"categories":[16],"tags":[],"class_list":["post-37343","post","type-post","status-publish","format-standard","hentry","category-opiniones"],"_links":{"self":[{"href":"https:\/\/diariodominicano.com\/index.php?rest_route=\/wp\/v2\/posts\/37343","targetHints":{"allow":["GET"]}}],"collection":[{"href":"https:\/\/diariodominicano.com\/index.php?rest_route=\/wp\/v2\/posts"}],"about":[{"href":"https:\/\/diariodominicano.com\/index.php?rest_route=\/wp\/v2\/types\/post"}],"author":[{"embeddable":true,"href":"https:\/\/diariodominicano.com\/index.php?rest_route=\/wp\/v2\/users\/3"}],"replies":[{"embeddable":true,"href":"https:\/\/diariodominicano.com\/index.php?rest_route=%2Fwp%2Fv2%2Fcomments&post=37343"}],"version-history":[{"count":0,"href":"https:\/\/diariodominicano.com\/index.php?rest_route=\/wp\/v2\/posts\/37343\/revisions"}],"wp:attachment":[{"href":"https:\/\/diariodominicano.com\/index.php?rest_route=%2Fwp%2Fv2%2Fmedia&parent=37343"}],"wp:term":[{"taxonomy":"category","embeddable":true,"href":"https:\/\/diariodominicano.com\/index.php?rest_route=%2Fwp%2Fv2%2Fcategories&post=37343"},{"taxonomy":"post_tag","embeddable":true,"href":"https:\/\/diariodominicano.com\/index.php?rest_route=%2Fwp%2Fv2%2Ftags&post=37343"}],"curies":[{"name":"wp","href":"https:\/\/api.w.org\/{rel}","templated":true}]}}