{"id":37342,"date":"2007-04-03T15:34:36","date_gmt":"2007-04-03T15:34:36","guid":{"rendered":"http:\/\/diariodominicano.ddns.net\/?p=37342"},"modified":"2007-04-03T15:34:36","modified_gmt":"2007-04-03T15:34:36","slug":"la-semana-del-periodista-2","status":"publish","type":"post","link":"https:\/\/diariodominicano.com\/?p=37342","title":{"rendered":"LA SEMANA DEL PERIODISTA"},"content":{"rendered":"<p><body><\/p>\n<p><strong class=\"titulogrande\"><em>PUNTO Y COMA<\/em><\/strong><br \/>&#13;<br \/>\n  <br \/>&#13;<br \/>\n    <span class=\"linksnoticias\"><em>Por<\/em><\/span><strong class=\"textogrande\"><em> Santos Aquino Rubio.<\/em><\/strong><br \/>&#13;<br \/>\n    <br \/>&#13;<br \/>\n    <span class=\"titulogrande1\"><em><strong>LA SEMANA DEL PERIODISTA<\/strong><\/em><\/span><\/p>\n<p>&#13;<\/p>\n<p align=\"justify\" class=\"text1noticias\">El Colegio  Dominicano de Periodistas (CDP), inici\u00f3 la celebraci\u00f3n de las actividades  relacionadas con la Semana  del Periodista y, conjuntamente con Instituto de previsi\u00f3n y Protecci\u00f3n del Periodista  (IPPP), han elaborado un calendario con esos fines.<\/p>\n<p>&#13;<\/p>\n<p align=\"justify\" class=\"text1noticias\">Es tradici\u00f3n que  los periodistas, en el marco de su semana acudan a una gran fiesta, a ofrendas  florales para recordar a los m\u00e1rtires de esta dif\u00edcil profesi\u00f3n, pero desde  hace un buen tiempo, se reconoce a comunicadores con una condecoraci\u00f3n del  Gobierno.<\/p>\n<p>&#13;<\/p>\n<p align=\"justify\" class=\"text1noticias\">El algunas  ocasiones hemos asistido a parte de estas actividades, pese a que somos un  activista gremial dentro de la instituci\u00f3n y lo que m\u00e1s me afecta en cada  ocasi\u00f3n es, que se reconoce reiterativamente a personas por afinidad\u00a0 pol\u00edtica, personal y, a veces por estar del  lado de quien las propone.<\/p>\n<p>&#13;<\/p>\n<p align=\"justify\" class=\"text1noticias\">Pocas veces, se ha  consultado a los periodistas del pa\u00eds y, menos a\u00fan, se han hecho las  evaluaciones imparciales y desprendidas para seleccionar a los condaditos a  esos reconocimientos.<\/p>\n<p>&#13;<\/p>\n<p align=\"justify\" class=\"text1noticias\">Son muchos los y  las colegas que han entregado sus vidas al trabajo period\u00edsticos, sin incluir a  los que la han perdido, Pero esta entrega no tiene valoraci\u00f3n para los  seleccionadores de estos reconocimientos, quienes, por lo general caen en la  injusticia y en los privilegios,\u00a0 al  decidirlos.<\/p>\n<p>&#13;<\/p>\n<p align=\"justify\" class=\"text1noticias\">Esta vez, est\u00e1  previsto de nuevo el reconocimiento a comunicadores y comunicadoras sociales y,  esperamos que sean beneficiados los que verdaderamente han hecho algo para  merecerlo.<\/p>\n<p>&#13;<\/p>\n<p align=\"justify\" class=\"text1noticias\">Los privilegios  deben cesar en el CDP, el favoritismo debe desaparecer y dar paso a los  verdaderos valores para que los periodistas podamos defender con dignidad  nuestra profesi\u00f3n. Ojala as\u00ed ocurra.<\/p>\n<p>&#13;<\/p>\n<p><strong><em>El autor es  periodista y abogado. \u00a0<\/em>\u00a0\u00a0<\/strong> <\/p>\n<p>&#13;<\/p>\n<h6> 2007-04-03 15:34:36 <\/h6>\n<p><!--\n<link rel=\"stylesheet\" href=\"css\/bootstrap.min.css\">\n\n\n<ul class=\"pagination\">\n\t    \n\t\n\n<li >\n\t<a href='?page_no=13113'>Previous<\/a>\n\t<\/li>\n\n\n       \n    \n\n<li><a href='?page_no=1'>1<\/a><\/li>\n\n\n\n<li><a href='?page_no=2'>2<\/a><\/li>\n\n\n\n<li><a>...<\/a><\/li>\n\n\n\n<li><a href='?page_no=13112'>13112<\/a><\/li>\n\n\n\n<li><a href='?page_no=13113'>13113<\/a><\/li>\n\n\n\n<li class='active'><a>13114<\/a><\/li>\n\n\n\n<li><a href='?page_no=13115'>13115<\/a><\/li>\n\n\n\n<li><a href='?page_no=13116'>13116<\/a><\/li>\n\n\n\n<li><a>...<\/a><\/li>\n\n\n\n<li><a href='?page_no=13611'>13611<\/a><\/li>\n\n\n\n<li><a href='?page_no=13612'>13612<\/a><\/li>\n\n    \n\t\n\n<li >\n\t<a href='?page_no=13115'>Next<\/a>\n\t<\/li>\n\n\n    \n\n<li><a href='?page_no=13612'>Last &rsaquo;&rsaquo;<\/a><\/li>\n\n<\/ul>\n\n\n--><br \/>\n<\/body><\/p>\n","protected":false},"excerpt":{"rendered":"<p>PUNTO Y COMA&#13; &#13; Por Santos Aquino Rubio.&#13; &#13; LA SEMANA DEL PERIODISTA &#13; El Colegio Dominicano de Periodistas (CDP), inici\u00f3 la celebraci\u00f3n de las actividades relacionadas con la Semana del Periodista y, conjuntamente con Instituto de previsi\u00f3n y Protecci\u00f3n del Periodista (IPPP), han elaborado un calendario con esos fines. &#13; Es tradici\u00f3n que los [&hellip;]<\/p>\n","protected":false},"author":3,"featured_media":0,"comment_status":"open","ping_status":"open","sticky":false,"template":"","format":"standard","meta":{"footnotes":""},"categories":[16],"tags":[],"class_list":["post-37342","post","type-post","status-publish","format-standard","hentry","category-opiniones"],"_links":{"self":[{"href":"https:\/\/diariodominicano.com\/index.php?rest_route=\/wp\/v2\/posts\/37342","targetHints":{"allow":["GET"]}}],"collection":[{"href":"https:\/\/diariodominicano.com\/index.php?rest_route=\/wp\/v2\/posts"}],"about":[{"href":"https:\/\/diariodominicano.com\/index.php?rest_route=\/wp\/v2\/types\/post"}],"author":[{"embeddable":true,"href":"https:\/\/diariodominicano.com\/index.php?rest_route=\/wp\/v2\/users\/3"}],"replies":[{"embeddable":true,"href":"https:\/\/diariodominicano.com\/index.php?rest_route=%2Fwp%2Fv2%2Fcomments&post=37342"}],"version-history":[{"count":0,"href":"https:\/\/diariodominicano.com\/index.php?rest_route=\/wp\/v2\/posts\/37342\/revisions"}],"wp:attachment":[{"href":"https:\/\/diariodominicano.com\/index.php?rest_route=%2Fwp%2Fv2%2Fmedia&parent=37342"}],"wp:term":[{"taxonomy":"category","embeddable":true,"href":"https:\/\/diariodominicano.com\/index.php?rest_route=%2Fwp%2Fv2%2Fcategories&post=37342"},{"taxonomy":"post_tag","embeddable":true,"href":"https:\/\/diariodominicano.com\/index.php?rest_route=%2Fwp%2Fv2%2Ftags&post=37342"}],"curies":[{"name":"wp","href":"https:\/\/api.w.org\/{rel}","templated":true}]}}