{"id":37340,"date":"2007-04-03T16:40:06","date_gmt":"2007-04-03T16:40:06","guid":{"rendered":"http:\/\/diariodominicano.ddns.net\/?p=37340"},"modified":"2007-04-03T16:40:06","modified_gmt":"2007-04-03T16:40:06","slug":"el-tiro-rapido-408","status":"publish","type":"post","link":"https:\/\/diariodominicano.com\/?p=37340","title":{"rendered":"EL TIRO RAPIDO"},"content":{"rendered":"<p><body><\/p>\n<p><span class=\"titulogrande1\"><em>EL TIRO RAPIDO<\/em><\/span><br \/>&#13;<br \/>\n  <br \/>&#13;<br \/>\n    <span class=\"textopq1\"><em>de<\/em><\/span><br \/>&#13;<br \/>\n  <br \/>&#13;<br \/>\n  <span class=\"textogrande\"><em>Mario Rivadulla<\/em><\/span><\/p>\n<p>&#13;<\/p>\n<p align=\"justify\" class=\"text1noticias\">Infame es lo menos que merece de  calificativo la campa\u00f1a que han montado varias ONGs, aparentemente preocupadas  por garantizar los derechos humanos de los haitianos&#8230;pero no en Hait\u00ec sino en  la Rep\u00f9blica   Dominicana, para lo cual reciben fondos sustanciosos de  fuente extranjera.<\/p>\n<p>&#13;<\/p>\n<p align=\"justify\" class=\"text1noticias\">La campa\u00f1a est\u00e0 orquestada sin  embargo en contra del pa\u00ecs m\u00e0s que a favor de los haitianos que residen  aqu\u00ec.\u00a0 Y se basa en medias verdades,  exageraciones, burdas mentiras y turbios prop\u00f3sitos.\u00a0 <\/p>\n<p>&#13;<\/p>\n<p align=\"justify\" class=\"text1noticias\">No a otra conclusi\u00f3n puede  llegarse frente a la pretensi\u00f3n de algunos de estos grupos al dirigirse a la Comisi\u00f2n Interamericana  de Derechos Humanos para que exija que el Estado Dominicano se declare racista.<\/p>\n<p>&#13;<\/p>\n<p align=\"justify\" class=\"text1noticias\">M\u00e0s todav\u00eca, cuando otras ONGs  anuncian la celebraci\u00f3n de un evento que tendr\u00e0 como sede la ciudad de Par\u00ecs  para denunciar que la   Rep\u00f9blica Dominicana mantiene en esclavitud a 800 mil  haitianos que residen en territorio nacional, de los cuales apenas 5 mil han  legalizado su estancia.<\/p>\n<p>&#13;<\/p>\n<p align=\"justify\" class=\"text1noticias\">Que hay gente aqu\u00ec que discrimina  por el color de la piel, la nacionalidad o la condici\u00f3n social, es cierto.\u00a0 Pero no m\u00e0s que en cualquier otro pa\u00ecs,  incluyendo aquellos que se presentan como campeones de los derechos humanos.\u00a0 Es un problema cultural que se registra en grupos  espec\u00edficos, siempre minoritarios, que existen en todas partes y en cualquier  \u00e8poca.<\/p>\n<p>&#13;<\/p>\n<p align=\"justify\" class=\"text1noticias\">Que tenemos quienes se aprovechan  de la mano de obra de haitianos indocumentados para explotarlos, tambi\u00e8n es  cierto.\u00a0 Pero se trata igualmente de  casos y situaciones espec\u00ecficas que se registran en todos los pa\u00ecses por lo  general con los inmigrantes ilegales. Y si alguien lo duda no tiene m\u00e0s que  preguntar a los braceros hispanos, principalmente mexicanos, que laboran en los  predios agr\u00edcolas norteamericanos.<\/p>\n<p>&#13;<\/p>\n<p align=\"justify\" class=\"text1noticias\">Pero de ah\u00ec a pretender que aqu\u00ec  existe una pol\u00edtica de Estado y una actitud social generalizada de exclusi\u00f3n,  hostigamiento y explotaci\u00f3n a los haitianos que han encontrado en nuestra  pobreza refugio y acogida a la agobiante miseria e inseguridad que reinan del  otro lado de la frontera, es un acto de aberrante abuso. Una aut\u00e8ntica  infamia.\u00a0 En el mejor de los casos, una  verdadera injusticia. <\/p>\n<p>&#13;<\/p>\n<p align=\"justify\" class=\"text1noticias\">Para desmentirlo bastar\u00eca apelar a  las terminantes expresiones con que el Presidente vecino, Ren\u00e8 Garc\u00eca Pr\u00e8val,  culmin\u00f2 su reciente visita al pa\u00ecs declarando de manera categ\u00f3rica que aqu\u00ec ni  se persigue ni se maltrata a los obreros haitianos.\u00a0 <\/p>\n<p>&#13;<\/p>\n<p align=\"justify\" class=\"text1noticias\">Nada de esto sin embargo interesa  ni es tomado en cuenta por esas ONGs.\u00a0 Su  real prop\u00f2sito es seguir mostrando un protagonismo en este campo que le redit\u00faa  cuantiosos recursos por un lado.\u00a0 Y por  el otro, seguir presionando para que el pa\u00ecs resigne su derecho soberano a  decidir la forma en que se puede acceder a la nacionalidad dominicana, inscribiendo  como tales a los hijos de haitianos indocumentados residentes en el pa\u00ecs.<\/p>\n<p>&#13;<\/p>\n<p align=\"justify\" class=\"text1noticias\">Para ello apelan entre otros  muchos cuestionables e insostenibles argumentos, a que de no hacerlo as\u00ec  nos\u00a0 convertimos en\u00a0 responsables de que esos menores queden en  condici\u00f3n de ap\u00e0tridas. Silencian el hecho de que la Constituci\u00f3n de Hait\u00ec  establece con toda claridad que los hijos de haitianos no importa donde nazcan  adquieren la nacionalidad de sus padres, que asimismo prohibe terminantemente  la doble nacionalidad, y obvian de ex profeso reclamar de sus autoridades que  los documenten como tales.<\/p>\n<p>&#13;<\/p>\n<p align=\"justify\" class=\"text1noticias\">La situaci\u00f2n a que estos grupos  han llevado el tema dom\u00ecnico-haitiano es de una peligrosidad que no puede ni  debe ignorarse por m\u00e0s tiempo.\u00a0  Ciertamente ha faltado una pol\u00edtica de Estado en este sentido a lo largo  de todos estos a\u00f1os.\u00a0 Es una situaci\u00f2n  que debe cesar.<\/p>\n<p>&#13;<\/p>\n<p align=\"justify\" class=\"text1noticias\">Ninguna voz se ha levantado en  defensa de Hait\u00ec y en reclamo de ayuda internacional para que pueda salir de su  postraci\u00f3n como pueblo e integrarse como naci\u00f2n, como la de Rep\u00f9blica  Dominicana en todos los foros en que participamos.\u00a0 Es hora que pongamos esa misma vehemencia en  defendernos de ataques tan injustos.<\/p>\n<p>&#13;<\/p>\n<p align=\"justify\" class=\"text1noticias\">El problema como bien se\u00f1al\u00f2 en  d\u00ecas pasados el Canciller Carlos Morales Troncoso y m\u00e0s recientemente el  Secretario Administrativo Luis Manuel Bonetti no es de gobierno ni de partido.  Es de toda la naci\u00f2n.\u00a0 Como tal tenemos  que reaccionar y hacer un frente com\u00f9n sin distingos ni exclusiones,\u00a0 para salir al paso a esta campa\u00f1a infame,  mezquina y abusiva que en vez de acercar a ambos pueblos, por el contrario  tiende a distanciarlos creando espacios de indebida confrontaci\u00f3n.<\/p>\n<p>&#13;<\/p>\n<p align=\"justify\" class=\"text1noticias\">O lo hacemos as\u00ec o estos grupos se  saldr\u00e0n con la suya, proyectando hacia el exterior una imagen totalmente  distorsionada de racista y abusador a un pueblo como el dominicano acogedor y  generoso,\u00a0 donde priman el negro y el  mulato conviviendo en armon\u00eca con la minoria blanca y con los inmigrantes del  otro lado de la frontera y de las diversas nacionalidades que han encontrado  abrigo en su suelo.<\/p>\n<p>&#13;<\/p>\n<h6> 2007-04-03 16:40:06 <\/h6>\n<p><!--\n<link rel=\"stylesheet\" href=\"css\/bootstrap.min.css\">\n\n\n<ul class=\"pagination\">\n\t    \n\t\n\n<li >\n\t<a href='?page_no=13111'>Previous<\/a>\n\t<\/li>\n\n\n       \n    \n\n<li><a href='?page_no=1'>1<\/a><\/li>\n\n\n\n<li><a href='?page_no=2'>2<\/a><\/li>\n\n\n\n<li><a>...<\/a><\/li>\n\n\n\n<li><a href='?page_no=13110'>13110<\/a><\/li>\n\n\n\n<li><a href='?page_no=13111'>13111<\/a><\/li>\n\n\n\n<li class='active'><a>13112<\/a><\/li>\n\n\n\n<li><a href='?page_no=13113'>13113<\/a><\/li>\n\n\n\n<li><a href='?page_no=13114'>13114<\/a><\/li>\n\n\n\n<li><a>...<\/a><\/li>\n\n\n\n<li><a href='?page_no=13611'>13611<\/a><\/li>\n\n\n\n<li><a href='?page_no=13612'>13612<\/a><\/li>\n\n    \n\t\n\n<li >\n\t<a href='?page_no=13113'>Next<\/a>\n\t<\/li>\n\n\n    \n\n<li><a href='?page_no=13612'>Last &rsaquo;&rsaquo;<\/a><\/li>\n\n<\/ul>\n\n\n--><br \/>\n<\/body><\/p>\n","protected":false},"excerpt":{"rendered":"<p>EL TIRO RAPIDO&#13; &#13; de&#13; &#13; Mario Rivadulla &#13; Infame es lo menos que merece de calificativo la campa\u00f1a que han montado varias ONGs, aparentemente preocupadas por garantizar los derechos humanos de los haitianos&#8230;pero no en Hait\u00ec sino en la Rep\u00f9blica Dominicana, para lo cual reciben fondos sustanciosos de fuente extranjera. &#13; La campa\u00f1a est\u00e0 [&hellip;]<\/p>\n","protected":false},"author":3,"featured_media":0,"comment_status":"open","ping_status":"open","sticky":false,"template":"","format":"standard","meta":{"footnotes":""},"categories":[16],"tags":[],"class_list":["post-37340","post","type-post","status-publish","format-standard","hentry","category-opiniones"],"_links":{"self":[{"href":"https:\/\/diariodominicano.com\/index.php?rest_route=\/wp\/v2\/posts\/37340","targetHints":{"allow":["GET"]}}],"collection":[{"href":"https:\/\/diariodominicano.com\/index.php?rest_route=\/wp\/v2\/posts"}],"about":[{"href":"https:\/\/diariodominicano.com\/index.php?rest_route=\/wp\/v2\/types\/post"}],"author":[{"embeddable":true,"href":"https:\/\/diariodominicano.com\/index.php?rest_route=\/wp\/v2\/users\/3"}],"replies":[{"embeddable":true,"href":"https:\/\/diariodominicano.com\/index.php?rest_route=%2Fwp%2Fv2%2Fcomments&post=37340"}],"version-history":[{"count":0,"href":"https:\/\/diariodominicano.com\/index.php?rest_route=\/wp\/v2\/posts\/37340\/revisions"}],"wp:attachment":[{"href":"https:\/\/diariodominicano.com\/index.php?rest_route=%2Fwp%2Fv2%2Fmedia&parent=37340"}],"wp:term":[{"taxonomy":"category","embeddable":true,"href":"https:\/\/diariodominicano.com\/index.php?rest_route=%2Fwp%2Fv2%2Fcategories&post=37340"},{"taxonomy":"post_tag","embeddable":true,"href":"https:\/\/diariodominicano.com\/index.php?rest_route=%2Fwp%2Fv2%2Ftags&post=37340"}],"curies":[{"name":"wp","href":"https:\/\/api.w.org\/{rel}","templated":true}]}}