{"id":37339,"date":"2007-04-04T14:37:13","date_gmt":"2007-04-04T14:37:13","guid":{"rendered":"http:\/\/diariodominicano.ddns.net\/?p=37339"},"modified":"2007-04-04T14:37:13","modified_gmt":"2007-04-04T14:37:13","slug":"el-tiro-rapido-407","status":"publish","type":"post","link":"https:\/\/diariodominicano.com\/?p=37339","title":{"rendered":"EL TIRO RAPIDO"},"content":{"rendered":"<p><body><\/p>\n<h1 align=\"center\" class=\"titulogrande1\"><em>EL TIRO RAPIDO<\/em><\/h1>\n<p>&#13;<\/p>\n<p align=\"center\"><span class=\"textopq1\"><em>de<\/em><\/span><br \/>&#13;<br \/>\n  <br \/>&#13;<br \/>\n    <span class=\"textogrande\"><em>Mario  Rivadulla.<\/em><\/span><\/p>\n<p>&#13;<\/p>\n<p align=\"justify\" class=\"text1noticias\">Lo menos que puede decirse de la investigaci\u00f2n y  cuestionamiento en torno a la nacionalidad de la activista de origen haitiano  Sonia Pierre, es que resulta totalmente inoportuno.\u00a0 En gran medida tambi\u00e8n, contraproducente.<\/p>\n<p>&#13;<\/p>\n<p align=\"justify\" class=\"text1noticias\">Con el pa\u00ecs enfrentando el reto  de una fuerte, bien orquestada y financiada campa\u00f1a de descr\u00e9dito internacional  por parte de algunas ONGs que reciben fuertes subsidios del extranjero,  tratando de presentarnos como pa\u00ecs esclavista en un pr\u00f2ximo evento a celebrarse  en Par\u00ecs, este caso viene a resultar un elemento de distracci\u00f3n y dispersi\u00f3n de  coincidencias, esfuerzos y voluntades de lo que debe ser un gran frente  nacional.<\/p>\n<p>&#13;<\/p>\n<p align=\"justify\" class=\"text1noticias\">\u00bfQu\u00e8 prioridad reviste querer  demostrar ahora mismo que Sonia Pierre haya sido inscripta como dominicana por  su padre utilizando una c\u00e8dula falsa, cuando hay muchos otros casos similares  no solo de haitianos y otros extranjeros sino hasta de peligrosos delincuentes  internacionales?<\/p>\n<p>&#13;<\/p>\n<p align=\"justify\" class=\"text1noticias\">Pero a\u00f9n en el caso de que  realmente fuese as\u00ec, lo que l\u00f3gicamente resultar\u00eca un hecho totalmente ajeno a  la responsabilidad de la se\u00f1ora Pierre, y que p\u00f2r razones estrictamente  legales, un tribunal decidiese anular su acta de nacimiento&#8230;\u00bfqu\u00e8 impedir\u00eca  que ella llenase todos los requisitos para acceder a la naturalizaci\u00f3n despu\u00e8s  de cuarenta y cuatro a\u00f1os residiendo en el pa\u00ecs?\u00a0 M\u00e0s a\u00f9n&#8230; \u00bfqu\u00e8 gobierno incurrir\u00eca en el  grav\u00edsimo error de neg\u00e0rsela?<\/p>\n<p>&#13;<\/p>\n<p align=\"justify\" class=\"text1noticias\">Desde hace 3 d\u00ecas, el caso de  Sonia Pierre no solo se ha convertido en noticia de portada y resultado tema principal  de comentarios en los medios radiales y televisivos, despertando toda una  oleada de reacciones emotivas, por lo general a su favor, sino que ha arropado  la cuesti\u00f3n nodal a que estamos abocados: enfrentar vigorosamente el infame y  p\u00e9rfido montaje que se pretende en la capital francesa.<\/p>\n<p>&#13;<\/p>\n<p align=\"justify\" class=\"text1noticias\">No s\u00f2lo ha distra\u00eddo la  atenci\u00f3n que debi\u00e8ramos tener focalizada en ese gran compromiso de naci\u00f2n.\u00a0 Ha contribu\u00ecdo tambi\u00e8n a dispersar fuerzas y  a que medios de comunicaci\u00f3n que coinciden en la necesidad de ir en defensa de  la imagen exterior del pa\u00ecs gravemente amenazada y se han pronunciado  vigorosamente en ese sentido, salgan en defensa de Sonia Pierre y expresen, con  sobrada raz\u00f3n, que esta acci\u00f2n totalmente extempor\u00e1nea y oportuna, pudiera  interpretarse como un acto de retaliaci\u00f2n y debilitar nuestra causa.<\/p>\n<p>&#13;<\/p>\n<p align=\"justify\" class=\"text1noticias\">Esta tiene sobrados elementos  de defensa.\u00a0 No es necesario repetirlos  una vez m\u00e0s.\u00a0 Por nuestra parte los hemos  se\u00f1alado en much\u00edsimas ocasiones.\u00a0 Pero  es preciso airearlos en forma organizada, siguiendo un plan y una estrategia  inteligentes.\u00a0 Fijar nuestra posici\u00f2n con  argumentos convincentes, sobrada de razones y despojada de pasiones. Formar un  frente inexpugnable y vigoroso,\u00a0\u00a0 dejando  bien en claro que si no somos \u00e0ngeles,\u00a0  mucho menos los demonios como se nos quiere presentar.\u00a0 <\/p>\n<p>&#13;<\/p>\n<p align=\"justify\" class=\"text1noticias\">Todo lo que contribuya a  desviar la atenci\u00f3n y el esfuerzo orientados en esa direcci\u00f2n resulta  inapropiado e improcedente.\u00a0 Y el caso de  Sonia Pierre cae dentro de esta clasificaci\u00f2n, que como bien se ha advertido, pudiera  convertirse en un boomerang que debilite en vez de fortalecer nuestra posici\u00f3n  frente al enemigo com\u00f9n y en el tema principal que debe ocuparnos.\u00a0 <\/p>\n<p>&#13;<\/p>\n<h6> 2007-04-04 14:37:13 <\/h6>\n<p><!--\n<link rel=\"stylesheet\" href=\"css\/bootstrap.min.css\">\n\n\n<ul class=\"pagination\">\n\t    \n\t\n\n<li >\n\t<a href='?page_no=13110'>Previous<\/a>\n\t<\/li>\n\n\n       \n    \n\n<li><a href='?page_no=1'>1<\/a><\/li>\n\n\n\n<li><a href='?page_no=2'>2<\/a><\/li>\n\n\n\n<li><a>...<\/a><\/li>\n\n\n\n<li><a href='?page_no=13109'>13109<\/a><\/li>\n\n\n\n<li><a href='?page_no=13110'>13110<\/a><\/li>\n\n\n\n<li class='active'><a>13111<\/a><\/li>\n\n\n\n<li><a href='?page_no=13112'>13112<\/a><\/li>\n\n\n\n<li><a href='?page_no=13113'>13113<\/a><\/li>\n\n\n\n<li><a>...<\/a><\/li>\n\n\n\n<li><a href='?page_no=13611'>13611<\/a><\/li>\n\n\n\n<li><a href='?page_no=13612'>13612<\/a><\/li>\n\n    \n\t\n\n<li >\n\t<a href='?page_no=13112'>Next<\/a>\n\t<\/li>\n\n\n    \n\n<li><a href='?page_no=13612'>Last &rsaquo;&rsaquo;<\/a><\/li>\n\n<\/ul>\n\n\n--><br \/>\n<\/body><\/p>\n","protected":false},"excerpt":{"rendered":"<p>EL TIRO RAPIDO &#13; de&#13; &#13; Mario Rivadulla. &#13; Lo menos que puede decirse de la investigaci\u00f2n y cuestionamiento en torno a la nacionalidad de la activista de origen haitiano Sonia Pierre, es que resulta totalmente inoportuno.\u00a0 En gran medida tambi\u00e8n, contraproducente. &#13; Con el pa\u00ecs enfrentando el reto de una fuerte, bien orquestada y [&hellip;]<\/p>\n","protected":false},"author":3,"featured_media":0,"comment_status":"open","ping_status":"open","sticky":false,"template":"","format":"standard","meta":{"footnotes":""},"categories":[16],"tags":[],"class_list":["post-37339","post","type-post","status-publish","format-standard","hentry","category-opiniones"],"_links":{"self":[{"href":"https:\/\/diariodominicano.com\/index.php?rest_route=\/wp\/v2\/posts\/37339","targetHints":{"allow":["GET"]}}],"collection":[{"href":"https:\/\/diariodominicano.com\/index.php?rest_route=\/wp\/v2\/posts"}],"about":[{"href":"https:\/\/diariodominicano.com\/index.php?rest_route=\/wp\/v2\/types\/post"}],"author":[{"embeddable":true,"href":"https:\/\/diariodominicano.com\/index.php?rest_route=\/wp\/v2\/users\/3"}],"replies":[{"embeddable":true,"href":"https:\/\/diariodominicano.com\/index.php?rest_route=%2Fwp%2Fv2%2Fcomments&post=37339"}],"version-history":[{"count":0,"href":"https:\/\/diariodominicano.com\/index.php?rest_route=\/wp\/v2\/posts\/37339\/revisions"}],"wp:attachment":[{"href":"https:\/\/diariodominicano.com\/index.php?rest_route=%2Fwp%2Fv2%2Fmedia&parent=37339"}],"wp:term":[{"taxonomy":"category","embeddable":true,"href":"https:\/\/diariodominicano.com\/index.php?rest_route=%2Fwp%2Fv2%2Fcategories&post=37339"},{"taxonomy":"post_tag","embeddable":true,"href":"https:\/\/diariodominicano.com\/index.php?rest_route=%2Fwp%2Fv2%2Ftags&post=37339"}],"curies":[{"name":"wp","href":"https:\/\/api.w.org\/{rel}","templated":true}]}}