{"id":373363,"date":"2022-08-02T23:47:00","date_gmt":"2022-08-03T03:47:00","guid":{"rendered":"http:\/\/diariodominicano.com\/?p=373363"},"modified":"2022-08-03T11:06:08","modified_gmt":"2022-08-03T15:06:08","slug":"notables-piden-en-la-capital-sanciones-contra-duarte","status":"publish","type":"post","link":"https:\/\/diariodominicano.com\/?p=373363","title":{"rendered":"\u201cNotables\u201d piden en la Capital sanciones contra Duarte"},"content":{"rendered":"\n<p>\u00a0Por H\u00e9ctor Tineo Nolasco<\/p>\n\n\n\n<p>Diariodominicano.com<\/p>\n\n\n\n<p>SANTO DOMINGO, RD,\u00a0 el\u00a0 3 de agosto de 1844 circul\u00f3 en  ciudad  Santo Domingo, un manifiesto en el que 68 padres de familia, calificados de ciudadanos notables, solicitaron a la Junta\u00a0 Central Gubernativa, que los trinitarios encabezados por Juan Pablo Duarte, fuesen declarados traidores\u00a0 a la patria. En ese momento el organismo de Gobierno era controlada por el General Pedro Santana,<\/p>\n\n\n\n<p>&nbsp;&nbsp;&nbsp; <strong>Tambi\u00e9n,  que Juan Pablo Duarte y dem\u00e1s trinitarios fueran expulsados del territorio nacional.<\/strong><\/p>\n\n\n\n<p>&nbsp;&nbsp;&nbsp; El manifiesto puesto a circular el d\u00eda 3 de agosto de 1844, se sum\u00f3 a otro que hab\u00edan dado&nbsp; a conocer el d\u00eda 1&nbsp; de ese mes,&nbsp; 628 oficiales y soldados del Ej\u00e9rcito del Sur, bautizado a partir de esa fecha como&nbsp; \u201cEj\u00e9rcito Libertador\u201d, en el cual acusaron a los trinitarios de ser traidores a la patria.<\/p>\n\n\n\n<p>&nbsp;&nbsp; Cuando se enter\u00f3 del contenido de los manifiestos, Juan Pablo Duarte se escondi\u00f3 en Puerto Plata, en una residencia que le buscaron&nbsp; amigos&nbsp; en las faldas de la Loma Isabel de&nbsp; Torres, pero fue detenido el d\u00eda 27 de agosto de 1844.<\/p>\n\n\n\n<figure class=\"wp-block-image size-large\"><img loading=\"lazy\" decoding=\"async\" width=\"1024\" height=\"526\" src=\"https:\/\/diariodominicano.com\/wp-content\/uploads\/2022\/01\/Jose-Gabriel-Garcia-1024x526.jpg\" alt=\"\" class=\"wp-image-323764\" srcset=\"https:\/\/diariodominicano.com\/wp-content\/uploads\/2022\/01\/Jose-Gabriel-Garcia-1024x526.jpg 1024w, https:\/\/diariodominicano.com\/wp-content\/uploads\/2022\/01\/Jose-Gabriel-Garcia-300x154.jpg 300w, https:\/\/diariodominicano.com\/wp-content\/uploads\/2022\/01\/Jose-Gabriel-Garcia-768x395.jpg 768w, https:\/\/diariodominicano.com\/wp-content\/uploads\/2022\/01\/Jose-Gabriel-Garcia-1536x789.jpg 1536w, https:\/\/diariodominicano.com\/wp-content\/uploads\/2022\/01\/Jose-Gabriel-Garcia-2048x1052.jpg 2048w, https:\/\/diariodominicano.com\/wp-content\/uploads\/2022\/01\/Jose-Gabriel-Garcia-816x419.jpg 816w\" sizes=\"auto, (max-width: 1024px) 100vw, 1024px\" \/><figcaption>Jos\u00e9 Gabriel Garc\u00eda<\/figcaption><\/figure>\n\n\n\n<p>&nbsp;&nbsp;&nbsp; El historiador Jos\u00e9 Gabriel Garc\u00eda&nbsp; anota en su obra&nbsp; \u201cHistoria de Santo Domingo\u201d, que el pr\u00f3cer Mat\u00edas Ram\u00f3n Mella, quien promov\u00eda la proclamaci\u00f3n presidencial de Juan Pablo Duarte en el Cibao, al llegar a la ciudad de Santo Domingo fue detenido en la \u201cpuerta del Conde, cuna de su primera gloria\u201d.<\/p>\n\n\n\n<p>&nbsp;&nbsp;&nbsp; Destaca que Mella sufri\u00f3 \u201cserios ultrajes inferidos por el general Pedro Familias&nbsp; en los bajos del palacio en que celebraba la Junta sus sesiones\u201d. (sic)<\/p>\n\n\n\n<p>&nbsp;&nbsp;&nbsp;&nbsp; Agrega que no tard\u00f3 mucho tiempo en llegar a Puerto Plata, la goleta de guerra \u201cSeparaci\u00f3n&nbsp; Dominicana\u201d, con la orden&nbsp; terminante de la nueva Junta para que se redujera a prisi\u00f3n al general Duarte, junto con los oficiales de su Estado Mayor, \u201corden que fu\u00e9 cumplida al pi\u00e9&nbsp; de la letra por el&nbsp; general Pedro de Mena\u201d.<\/p>\n\n\n\n<p>&nbsp;&nbsp;&nbsp;&nbsp; Del contenido de los dos manifiestos puestos a circular contra los trinitarios al declararlos traidores a la patria, el historiador Jos\u00e9 Gabriel Garc\u00eda&nbsp; destaca que sus promotores expon\u00edan que \u201cera de absoluta necesidad que para la seguridad&nbsp; y tranquilidad del pa\u00eds, se castigara \u00e1&nbsp; todos los autores&nbsp; y c\u00f3mplices de la sedici\u00f3n, \u00e1 cuya cabeza hab\u00eda figurado el general Juan Pablo Duarte; y cuyo objeto fu\u00e9 trastornar&nbsp; y derrocar el Gobierno Supremo establecido en virtud del manifiesto del 16 de enero, que form\u00f3 las bases de la revoluci\u00f3n\u201d.<\/p>\n\n\n\n<figure class=\"wp-block-image size-large\"><img loading=\"lazy\" decoding=\"async\" width=\"1024\" height=\"526\" src=\"https:\/\/diariodominicano.com\/wp-content\/uploads\/2021\/02\/25-de-febrero-de-1816-Nace-Matias-Ramon-Mella-1024x526.jpg\" alt=\"\" class=\"wp-image-265091\" srcset=\"https:\/\/diariodominicano.com\/wp-content\/uploads\/2021\/02\/25-de-febrero-de-1816-Nace-Matias-Ramon-Mella-1024x526.jpg 1024w, https:\/\/diariodominicano.com\/wp-content\/uploads\/2021\/02\/25-de-febrero-de-1816-Nace-Matias-Ramon-Mella-300x154.jpg 300w, https:\/\/diariodominicano.com\/wp-content\/uploads\/2021\/02\/25-de-febrero-de-1816-Nace-Matias-Ramon-Mella-768x395.jpg 768w, https:\/\/diariodominicano.com\/wp-content\/uploads\/2021\/02\/25-de-febrero-de-1816-Nace-Matias-Ramon-Mella-1536x789.jpg 1536w, https:\/\/diariodominicano.com\/wp-content\/uploads\/2021\/02\/25-de-febrero-de-1816-Nace-Matias-Ramon-Mella-2048x1052.jpg 2048w, https:\/\/diariodominicano.com\/wp-content\/uploads\/2021\/02\/25-de-febrero-de-1816-Nace-Matias-Ramon-Mella-816x419.jpg 816w\" sizes=\"auto, (max-width: 1024px) 100vw, 1024px\" \/><figcaption>Matias Ram\u00f3n Mella<\/figcaption><\/figure>\n\n\n\n<p>&nbsp;&nbsp; Consideraban que en iguales circunstancias era necesario, \u201cobrar \u00e1 verdad sabida, buena f\u00e9 guardada, y con la primera mira de salvar la salud p\u00fablica, que era la suprema ley, y sin embargo de que las leyes en vigor y las de todas las naciones, hab\u00edan previsto la pena de muerte en iguales casos, usando de la facultad&nbsp; paternal que la caracterizaba&nbsp; y por otros motivos de equidad y consideraci\u00f3n, declaraba&nbsp; que los generales de brigada Juan Pablo Duarte, Ram\u00f3n Mella&nbsp; y Francisco S\u00e1nchez, los comandantes Pedro Alejandrino Pina, Gregorio del Valle,&nbsp; y Juan Evangelista Jim\u00e9nez; el capit\u00e1n&nbsp; Juan Jos\u00e9&nbsp; Iiias y el ciudadano Juan Isidro P\u00e9rez, hab\u00edan sido traidores&nbsp; \u00e9 infieles \u00e1 su patria, y como tales eran indignos&nbsp; de los empleos&nbsp; y cargos que ejerc\u00edan, de los que quedaban depuestos y destituidos, ordenando que todos ellos&nbsp; fueran inmediatamente desterrados y extra\u00f1ados \u00e1 perpetuidad del pa\u00eds, sin que pudieran volver \u00e1 poner el pi\u00e9 en \u00e9l, bajo la pena de muerte, que ser\u00eda ejecutada en la persona del que lo hiciera, despu\u00e9s que fuera aprehendido&nbsp; y se justificara la identidad de su persona, \u00e1 cuyo efecto se le daba poder y facultad \u00e1 cualquiera autoridad civil y militar que verificara la captura, todo ello sin perjuicio&nbsp; de las indemnizaciones&nbsp; civiles que debieran al erario p\u00fablico \u00f3 \u00e1 algunos ciudadanos particulares, por la mala inversi\u00f3n que hubieran tenido en sus empleos, por el abuso de poder que hubieran hecho, \u00f3 por los da\u00f1os y perjuicios&nbsp; que hubieran causado\u201d.<\/p>\n\n\n\n<p>&nbsp;&nbsp; El&nbsp; 1 de agosto de 1844, 628 oficiales del \u201cEj\u00e9rcito Libertador\u201d, que comandaba el General Pedro Santana pidieron en un manifiesto&nbsp; que se actuara contra los trinitarios, que lideraba el general Juan Pablo Duarte.<\/p>\n\n\n\n<p>&nbsp;&nbsp;&nbsp;&nbsp; En el documento exig\u00edan&nbsp; \u201cjusticia contra los asesinos de la patria\u201d, por lo que ped\u00edan las mayores penas contra los acusados.<\/p>\n\n\n\n<p>&nbsp;&nbsp;&nbsp;&nbsp; El Manifiesto fue otro hecho que se sum\u00f3 a las acciones que ejecutaba el general Pedro Santana contra los trinitarios.<\/p>\n\n\n\n<p>&nbsp;&nbsp;&nbsp; El&nbsp; 28 de julio de 1844, el general Mat\u00edas Ram\u00f3n Mella, recibi\u00f3 en Santiago el manifiesto que hab\u00eda emitido la Junta Central Gubernativa, en el cual declar\u00f3 a Juan Pablo Duarte y a Mella, traidores a la patria.<\/p>\n\n\n\n<p>&nbsp;&nbsp;&nbsp; Al conocer la medida, el General Mat\u00edas Ram\u00f3n Mella se traslad\u00f3 a la ciudad de Santo Domingo, para aclarar la situaci\u00f3n, pero al llegar fue detenido y encerrado junto a otros trinitarios que estaban presos.<\/p>\n\n\n\n<p>&nbsp;&nbsp;&nbsp; El d\u00eda 28 de febrero de 1844, el Presidente Pedro Santana emiti\u00f3 una proclama en la que acus\u00f3 a&nbsp; Duarte de ser un anarquista.<\/p>\n\n\n\n<p>&nbsp;&nbsp;&nbsp;&nbsp;&nbsp; El&nbsp; d\u00eda&nbsp; 24 de julio de 1844, la Junta Central Gubernativa, presidida por el general Pedro Santana, hab\u00eda rechazado&nbsp; la decisi\u00f3n de los pueblos del Cibao de proclamar a&nbsp; Duarte, Presidente de la Rep\u00fablica.<\/p>\n\n\n\n<p>&nbsp;&nbsp;&nbsp; La reacci\u00f3n de la Junta controlada por Pedro Santana,&nbsp; se produjo cuando una comisi\u00f3n encabezada por el coronel Domingo Mallol y Juan Luis Franco Bid\u00f3, le entreg\u00f3 el 24 de julio, la proclama aprobada en Santiago de los Caballeros, por los&nbsp; pueblos del Cibao,&nbsp; el d\u00eda 19 de julio de 1844.<\/p>\n\n\n\n<p>&nbsp;&nbsp;&nbsp;&nbsp; En la ocasi\u00f3n el pr\u00f3cer Mella, Jefe del Departamento de Santiago y frontera del Noroeste,&nbsp;&nbsp; envi\u00f3 el&nbsp; informe a la Junta Central Gubernativa, en el&nbsp; que le comunicaba de manera oficial que&nbsp; Duarte, hab\u00eda sido proclamado Presidente de la Rep\u00fablica por los pueblos del Cibao.<\/p>\n\n\n\n<p>&nbsp;&nbsp;&nbsp; En el&nbsp; momento que dirigi\u00f3 el documento&nbsp; a la Junta Central Gubernativa,&nbsp; Mella, el pr\u00f3cer del trabucazo del d\u00eda 27 de febrero de 1844, ignoraba que en la Capital el general Pedro Santana hab\u00eda dado un golpe el d\u00eda 16 de julio que desaloj\u00f3 del primer organismo de Gobierno dominicano a los trinitarios que encabezaba Francisco del Rosario S\u00e1nchez.<\/p>\n\n\n\n<p>&nbsp;&nbsp;&nbsp; De esa manera, los conservadores que presid\u00eda Tom\u00e1s Bobadilla, retomaron el control de la Junta Central Gubernativa, que era dirigida por los trinitarios desde el d\u00eda 9 de junio de 1844.<\/p>\n\n\n\n<p>&nbsp;&nbsp;&nbsp; La nueva Junta&nbsp; rechaz\u00f3 el documento de Mella,&nbsp; y el d\u00eda 24 de julio de 1844, dio a conocer el&nbsp;&nbsp; manifiesto&nbsp; en el que advirti\u00f3&nbsp; que \u201cno reconoce ni reconocer\u00e1 el nombramiento de Presidente en el General Duarte ni en ninguna otra&nbsp; persona,&nbsp; a menos que no sea hecho por el Congreso Constituyente\u201d.<\/p>\n\n\n\n<p>&nbsp;&nbsp; Adem\u00e1s,&nbsp; declar\u00f3&nbsp; a Duarte y dem\u00e1s trinitarios, traidores a la patria.&nbsp; De esa manera, fue traicionado el proyecto de los trinitarios liderados por Juan Pablo Duarte, de establecer en la Naci\u00f3n un r\u00e9gimen democr\u00e1tico basado en la justicia.<\/p>\n\n\n\n<p>&nbsp;&nbsp; Con el decurso de los d\u00edas los conservadores se&nbsp; fortalecieron e impusieron la administraci\u00f3n del Gobierno autoritaria.<\/p>\n\n\n\n<p>&nbsp;&nbsp;&nbsp;&nbsp; Los hechos definitivos comenzaron el&nbsp; d\u00eda&nbsp; 16 de julio de 1844, a las 3 de la tarde, cuando el general Pedro Santana, consum\u00f3 el golpe contra los miembros de la Junta Central Gubernativa, que presid\u00eda el pr\u00f3cer Francisco del Rosario S\u00e1nchez.<\/p>\n\n\n\n<p>&nbsp;&nbsp;&nbsp; Al tomar la decisi\u00f3n, asumi\u00f3 la Presidencia del organismo de Gobierno y reintegr\u00f3 a los miembros que desalojaron los trinitarios el d\u00eda 9 de junio de 1844, cuando dieron un golpe y nombraron Presidente a Francisco del Rosario S\u00e1nchez.<\/p>\n\n\n\n<p>El&nbsp; general Pedro Santana, jefe del Ej\u00e9rcito del Sur, entr\u00f3 con sus tropas a la ciudad de Santo Domingo, el 12 de julio de 1844.<\/p>\n\n\n\n<p>&nbsp; Con su llegada a la ciudad&nbsp; inici\u00f3 un plan para derrocar a la Junta Central Gubernativa que presid\u00eda el pr\u00f3cer Francisco del Rosario S\u00e1nchez.<\/p>\n\n\n\n<p>&nbsp;&nbsp;&nbsp; Pedro Santana logr\u00f3 su objetivo con el apoyo del c\u00f3nsul de Francia, Saint Denys.<\/p>\n\n\n\n<p>&nbsp;&nbsp;&nbsp;&nbsp;&nbsp;&nbsp; Saint Denys,&nbsp; calific\u00f3 de ilegales a los miembros de la Junta que fueron escogidos con&nbsp; S\u00e1nchez.<\/p>\n\n\n\n<p>&nbsp;&nbsp;&nbsp;&nbsp; El golpe que llev\u00f3 a los trinitarios a controlar la Junta fue ejecutado el d\u00eda 9 de junio. Lo hicieron para sacar del organismo a los&nbsp; conservadores que controlaban la Junta Central Gubernativa, presidida por Tom\u00e1s Bobadilla, quienes deseaban convertir la naciente Rep\u00fablica Dominicana en un protectorado de Francia.<\/p>\n\n\n\n<p>&nbsp;&nbsp;&nbsp;&nbsp;&nbsp; Los trinitarios estimaban que Tom\u00e1s Bobadilla y los miembros de la Junta Central Gubernativa, Jos\u00e9 Mar\u00eda Caminero, Francisco Javier Abr\u00e9u y Francisco Ruiz, eran culpables de conspirar contra la soberan\u00eda nacional al mantener negociaciones encaminadas a obtener la protecci\u00f3n de los franceses.<\/p>\n\n\n\n<p>&nbsp;&nbsp;&nbsp; Al consumarse el golpe de Estado contra la Junta Central&nbsp; Gubernativa, el pr\u00f3cer Francisco del Rosario S\u00e1nchez fue escogido Presidente en lugar de Tom\u00e1s Bobadilla.<\/p>\n\n\n\n<p>&nbsp; Como dem\u00e1s miembros de la Junta Central Gubernativa, fueron designados los trinitarios Pedro Alejandro Pina, Manuel Mar\u00eda Valverde y Juan Isidro P\u00e9rez, quienes fueron perseguidos por disposici\u00f3n del general Pedro Santana.<\/p>\n\n\n\n<figure class=\"wp-block-embed is-type-wp-embed is-provider-diario-dominicano wp-block-embed-diario-dominicano\"><div class=\"wp-block-embed__wrapper\">\n<blockquote class=\"wp-embedded-content\" data-secret=\"BYicXMMCbj\"><a href=\"https:\/\/diariodominicano.com\/?p=373361\">Col\u00f3n inicia el viaje que culmin\u00f3 en Am\u00e9rica<\/a><\/blockquote><iframe loading=\"lazy\" class=\"wp-embedded-content\" sandbox=\"allow-scripts\" security=\"restricted\" style=\"position: absolute; visibility: hidden;\" title=\"\u00abCol\u00f3n inicia el viaje que culmin\u00f3 en Am\u00e9rica\u00bb \u2014 Diario Dominicano\" src=\"https:\/\/diariodominicano.com\/?p=373361&#038;embed=true#?secret=P53FpD2aSR#?secret=BYicXMMCbj\" data-secret=\"BYicXMMCbj\" width=\"600\" height=\"338\" frameborder=\"0\" marginwidth=\"0\" marginheight=\"0\" scrolling=\"no\"><\/iframe>\n<\/div><\/figure>\n","protected":false},"excerpt":{"rendered":"<p>\u00a0Por H\u00e9ctor Tineo Nolasco Diariodominicano.com SANTO DOMINGO, RD,\u00a0 el\u00a0 3 de agosto de 1844 circul\u00f3 en ciudad Santo Domingo, un manifiesto en el que 68 padres de familia, calificados de ciudadanos notables, solicitaron a la Junta\u00a0 Central Gubernativa, que los trinitarios encabezados por Juan Pablo Duarte, fuesen declarados traidores\u00a0 a la patria. En ese momento [&hellip;]<\/p>\n","protected":false},"author":28,"featured_media":306311,"comment_status":"closed","ping_status":"","sticky":true,"template":"","format":"standard","meta":{"footnotes":""},"categories":[26,27],"tags":[],"class_list":["post-373363","post","type-post","status-publish","format-standard","has-post-thumbnail","hentry","category-efemerides","category-portada"],"_links":{"self":[{"href":"https:\/\/diariodominicano.com\/index.php?rest_route=\/wp\/v2\/posts\/373363","targetHints":{"allow":["GET"]}}],"collection":[{"href":"https:\/\/diariodominicano.com\/index.php?rest_route=\/wp\/v2\/posts"}],"about":[{"href":"https:\/\/diariodominicano.com\/index.php?rest_route=\/wp\/v2\/types\/post"}],"author":[{"embeddable":true,"href":"https:\/\/diariodominicano.com\/index.php?rest_route=\/wp\/v2\/users\/28"}],"replies":[{"embeddable":true,"href":"https:\/\/diariodominicano.com\/index.php?rest_route=%2Fwp%2Fv2%2Fcomments&post=373363"}],"version-history":[{"count":5,"href":"https:\/\/diariodominicano.com\/index.php?rest_route=\/wp\/v2\/posts\/373363\/revisions"}],"predecessor-version":[{"id":373398,"href":"https:\/\/diariodominicano.com\/index.php?rest_route=\/wp\/v2\/posts\/373363\/revisions\/373398"}],"wp:featuredmedia":[{"embeddable":true,"href":"https:\/\/diariodominicano.com\/index.php?rest_route=\/wp\/v2\/media\/306311"}],"wp:attachment":[{"href":"https:\/\/diariodominicano.com\/index.php?rest_route=%2Fwp%2Fv2%2Fmedia&parent=373363"}],"wp:term":[{"taxonomy":"category","embeddable":true,"href":"https:\/\/diariodominicano.com\/index.php?rest_route=%2Fwp%2Fv2%2Fcategories&post=373363"},{"taxonomy":"post_tag","embeddable":true,"href":"https:\/\/diariodominicano.com\/index.php?rest_route=%2Fwp%2Fv2%2Ftags&post=373363"}],"curies":[{"name":"wp","href":"https:\/\/api.w.org\/{rel}","templated":true}]}}