{"id":373361,"date":"2022-08-02T23:41:15","date_gmt":"2022-08-03T03:41:15","guid":{"rendered":"http:\/\/diariodominicano.com\/?p=373361"},"modified":"2022-08-03T11:07:06","modified_gmt":"2022-08-03T15:07:06","slug":"colon-inicia-el-viaje-que-culmino-en-america-3","status":"publish","type":"post","link":"https:\/\/diariodominicano.com\/?p=373361","title":{"rendered":"Col\u00f3n inicia el viaje que culmin\u00f3 en Am\u00e9rica"},"content":{"rendered":"\n<p>Por HTN<\/p>\n\n\n\n<p>Diariodominicano.com<\/p>\n\n\n\n<p>SANTO DOMINGO,\u00a0 el 3 de agosto de 1492, Crist\u00f3bal Col\u00f3n inici\u00f3 con su comitiva, en el puerto de Palos de Moguer,\u00a0 el viaje que culminar\u00eda con el descubrimiento del Continente Americano, el d\u00eda 12 de octubre de 1492, cuando pisaron la isla de Guahanan\u00ed, en las Bahamas, la cual bautizaron como San Salvador.<\/p>\n\n\n\n<p>&nbsp;&nbsp;&nbsp; Crist\u00f3bal Col\u00f3n inici\u00f3 su proyecto con el apoyo de los Reyes de Espa\u00f1a, Fernando el Cat\u00f3lico e Isabel la Cat\u00f3lica, quienes con su matrimonio hab\u00edan unido los reinos de Arag\u00f3n y Castilla.<\/p>\n\n\n\n<p>&nbsp;&nbsp;&nbsp; Como parte de su primer viaje Crist\u00f3bal Col\u00f3n y su comitiva descubrieron la isla de Santo Domingo, el 5 de diciembre de 1492.<\/p>\n\n\n\n<p>&nbsp;&nbsp;&nbsp; En&nbsp; ese momento los habitantes de Santo Domingo y las dem\u00e1s Antillas eran personas que s\u00f3lo hab\u00edan alcanzado un grado de civilizaci\u00f3n comparable al neol\u00edtico superior de los antiguos pueblos europeos.<\/p>\n\n\n\n<p>&nbsp;&nbsp;&nbsp; Los abor\u00edgenes de las Antillas vinieron de las cuencas de los r\u00edos Orinoco, Venezuela, y Xing\u00fa y Tapajos, en las Guayanas.<\/p>\n\n\n\n<p>&nbsp;&nbsp;&nbsp; Todos los abor\u00edgenes de la isla de Santo Domingo, fueron eliminados por las enfermedades y los maltratos que sufrieron de parte de los colonizadores.<\/p>\n\n\n\n<figure class=\"wp-block-embed is-type-wp-embed is-provider-diario-dominicano wp-block-embed-diario-dominicano\"><div class=\"wp-block-embed__wrapper\">\n<blockquote class=\"wp-embedded-content\" data-secret=\"6g2Qj3kpRF\"><a href=\"https:\/\/diariodominicano.com\/?p=373363\">\u201cNotables\u201d piden en la Capital sanciones contra Duarte<\/a><\/blockquote><iframe loading=\"lazy\" class=\"wp-embedded-content\" sandbox=\"allow-scripts\" security=\"restricted\" style=\"position: absolute; visibility: hidden;\" title=\"\u00ab\u201cNotables\u201d piden en la Capital sanciones contra Duarte\u00bb \u2014 Diario Dominicano\" src=\"https:\/\/diariodominicano.com\/?p=373363&#038;embed=true#?secret=0m9aaQtWe2#?secret=6g2Qj3kpRF\" data-secret=\"6g2Qj3kpRF\" width=\"600\" height=\"338\" frameborder=\"0\" marginwidth=\"0\" marginheight=\"0\" scrolling=\"no\"><\/iframe>\n<\/div><\/figure>\n","protected":false},"excerpt":{"rendered":"<p>Por HTN Diariodominicano.com SANTO DOMINGO,\u00a0 el 3 de agosto de 1492, Crist\u00f3bal Col\u00f3n inici\u00f3 con su comitiva, en el puerto de Palos de Moguer,\u00a0 el viaje que culminar\u00eda con el descubrimiento del Continente Americano, el d\u00eda 12 de octubre de 1492, cuando pisaron la isla de Guahanan\u00ed, en las Bahamas, la cual bautizaron como San [&hellip;]<\/p>\n","protected":false},"author":28,"featured_media":328971,"comment_status":"closed","ping_status":"","sticky":true,"template":"","format":"standard","meta":{"footnotes":""},"categories":[26,27],"tags":[],"class_list":["post-373361","post","type-post","status-publish","format-standard","has-post-thumbnail","hentry","category-efemerides","category-portada"],"_links":{"self":[{"href":"https:\/\/diariodominicano.com\/index.php?rest_route=\/wp\/v2\/posts\/373361","targetHints":{"allow":["GET"]}}],"collection":[{"href":"https:\/\/diariodominicano.com\/index.php?rest_route=\/wp\/v2\/posts"}],"about":[{"href":"https:\/\/diariodominicano.com\/index.php?rest_route=\/wp\/v2\/types\/post"}],"author":[{"embeddable":true,"href":"https:\/\/diariodominicano.com\/index.php?rest_route=\/wp\/v2\/users\/28"}],"replies":[{"embeddable":true,"href":"https:\/\/diariodominicano.com\/index.php?rest_route=%2Fwp%2Fv2%2Fcomments&post=373361"}],"version-history":[{"count":3,"href":"https:\/\/diariodominicano.com\/index.php?rest_route=\/wp\/v2\/posts\/373361\/revisions"}],"predecessor-version":[{"id":373399,"href":"https:\/\/diariodominicano.com\/index.php?rest_route=\/wp\/v2\/posts\/373361\/revisions\/373399"}],"wp:featuredmedia":[{"embeddable":true,"href":"https:\/\/diariodominicano.com\/index.php?rest_route=\/wp\/v2\/media\/328971"}],"wp:attachment":[{"href":"https:\/\/diariodominicano.com\/index.php?rest_route=%2Fwp%2Fv2%2Fmedia&parent=373361"}],"wp:term":[{"taxonomy":"category","embeddable":true,"href":"https:\/\/diariodominicano.com\/index.php?rest_route=%2Fwp%2Fv2%2Fcategories&post=373361"},{"taxonomy":"post_tag","embeddable":true,"href":"https:\/\/diariodominicano.com\/index.php?rest_route=%2Fwp%2Fv2%2Ftags&post=373361"}],"curies":[{"name":"wp","href":"https:\/\/api.w.org\/{rel}","templated":true}]}}