{"id":37335,"date":"2007-04-06T21:52:14","date_gmt":"2007-04-06T21:52:14","guid":{"rendered":"http:\/\/diariodominicano.ddns.net\/?p=37335"},"modified":"2007-04-06T21:52:14","modified_gmt":"2007-04-06T21:52:14","slug":"confieso-que-he-vivido","status":"publish","type":"post","link":"https:\/\/diariodominicano.com\/?p=37335","title":{"rendered":"Confieso que he vivido"},"content":{"rendered":"<p><body><\/p>\n<p align=\"justify\"><strong class=\"titulogrande1\"><em>Confieso que he vivido<\/em><\/strong> <br \/>&#13;<br \/>\n  <br \/>&#13;<br \/>\n    <span class=\"ttmediao\"><em><strong>Por <\/strong><\/em><\/span><strong class=\"textogrande\"><em>LEO HERNANDEZ*<\/em><\/strong><br \/>&#13;<br \/>\n    <br \/>&#13;<br \/>\n    <span class=\"text1noticias\">Ni  por asomo llega mi osad\u00eda (que en este caso pudiera ser m\u00e1s bien un  atrevimiento \u2013\u201cagentamiento\u201d, en buen dominicano-) a buscar comparaci\u00f3n alguna  con el poeta Neruda.<br \/>&#13;<br \/>\n    <br \/>&#13;<br \/>\n    Debo confesar que he vivido grandes satisfacciones durante mi  existencia: personales, profesionales, econ\u00f3micas, etc., pero mi art\u00edculo de la  semana pasada En un Tris\u2026(a Goyito\/in memoriam) me brind\u00f3 especiales estadios  de regocijo interior.<br \/>&#13;<br \/>\n    <br \/>&#13;<br \/>\n    Sent\u00ed profundamente el deber cumplido \u2013nunca terminal- con el amigo ido  a destiempo de la(s) mano(s) aleve(s) y vil(es) de la intolerancia y la  impunidad, pero sobretodo, me estremeci\u00f3 en el alma el eco de mis palabras en  colegas y amigos de ayer, hoy, ma\u00f1ana y siempre.<br \/>&#13;<br \/>\n    <br \/>&#13;<br \/>\n    Nunca antes, en casi 36 a\u00f1os de ejercicio period\u00edstico, hab\u00eda rebotado  lo que he escrito con tanta espontaneidad y nostalgia en quienes me dispensan  el privilegio de leer las reflexiones que inspiran estas l\u00edneas. He aqu\u00ed unos  pocos ejemplos:<br \/>&#13;<br \/>\n    <br \/>&#13;<br \/>\n    Santiago Estrella Veloz, veterano not retired de mayor data que yo en el  periodismo, me escribi\u00f3 diciendo: \u201cHoy le\u00ed tu art\u00edculo sobre Goyito y te confieso que sent\u00ed  nostalgia\u201d. Petra Savi\u00f1\u00f3n lo encontr\u00f3 \u201chermoso\u201d (lo que me halaga), Manuel  Miqui recuerda que estaba en la   Duarte con Mercedes la noche fat\u00eddica del asesinato y sostiene  que \u201cese periodismo de sentimiento y de honestidad,\u00a0es historia\u201d, Fausto  J\u00e1quez\u00a0 expresa su alegr\u00eda \u201cpor el  respeto con que recuerdas a tu maestro\u201d y Francisco P\u00e9rez Encarnaci\u00f3n dice que  \u201chabla muy bien de usted un gesto como \u00e9ste\u201d. Mi madre llor\u00f3 al leerlo y  Domingo Bautista se sobrecogi\u00f3 entristecido.<br \/>&#13;<br \/>\n    <br \/>&#13;<br \/>\n    Mar\u00eda E.  Garc\u00eda Caba (Tupper) coment\u00f3 en mi blog (www.paginadelh.blogspot.com) que \u201ctio Gregorio siempre  fue una persona digna de alabanza. Yo lo recuerdo aunque estaba peque\u00f1a como  una persona cari\u00f1osa y muy atenta. Gracias por su amabilidad y bonito recuerdo\u201d,  y M\u00e1ximo Manuel P\u00e9rez,  casi de mi misma generaci\u00f3n en el oficio, hizo diana al se\u00f1alarme: <br \/>&#13;<br \/>\n    <br \/>&#13;<br \/>\n    \u201cTe confieso, viejo  amigo, que tu art\u00edculo de esta fecha sobre Goyito me caus\u00f3 mucha pena y al  igual que t\u00fa, cuando yo estudiaba en el IDP, siempre fue receptivo\u00a0y  abierto a mis inquietudes. No tuve el honor de trabajar con \u00e9l; porque don  Rafael me cautiv\u00f3 primero, pero en verdad, creo que a pesar de que ambos se han  ido, fuimos afortunados. Cu\u00e1nta \u00a0solidaridad hab\u00eda entonces. Y a  prop\u00f3sito, \u00bfes igual ahora?\u201d. <br \/>&#13;<br \/>\n<br \/>&#13;<br \/>\nRicardo Rojas Le\u00f3n,  compadre, hermano y colega, sali\u00f3 de su cueva ejecutiva motiv\u00e1ndome mediante  e-mail y llamada telef\u00f3nica a \u201chacer un esfuerzo por revivir judicialmente el  caso\u201d y buscar ganar \u201cuna batalla moral\u201d. <br \/>&#13;<br \/>\n<br \/>&#13;<br \/>\nBien se ve que lleg\u00f3 el  mensaje. No puedo estar m\u00e1s satisfecho. Confieso que he vivido.<\/span><\/p>\n<p>&#13;<\/p>\n<ul>&#13;<\/p>\n<ul>&#13;<\/p>\n<li><em><strong>El autor es periodista y consultor de  comunicaci\u00f3n. <\/strong><\/em><\/li>\n<p>&#13;\n<\/ul>\n<p>&#13;<\/p>\n<ul>&#13;<\/p>\n<ul>&#13;<\/p>\n<ul>&#13;<\/p>\n<ul>&#13;<\/p>\n<ul>&#13;<\/p>\n<ul>&#13;<\/p>\n<ul>&#13;<\/p>\n<ul>&#13;<\/p>\n<li><strong><a href=\"mailto:leohernandez@indes.org\">leohernandez@indes.org<\/a><\/strong><\/li>\n<p>&#13;\n<\/ul>\n<p>&#13;<\/p>\n<h6> 2007-04-06 21:52:14 <\/h6>\n<p><!--\n<link rel=\"stylesheet\" href=\"css\/bootstrap.min.css\">\n\n\n<ul class=\"pagination\">\n\t    \n\t\n\n<li >\n\t<a href='?page_no=13107'>Previous<\/a>\n\t<\/li>\n\n\n       \n    \n\n<li><a href='?page_no=1'>1<\/a><\/li>\n\n\n\n<li><a href='?page_no=2'>2<\/a><\/li>\n\n\n\n<li><a>...<\/a><\/li>\n\n\n\n<li><a href='?page_no=13106'>13106<\/a><\/li>\n\n\n\n<li><a href='?page_no=13107'>13107<\/a><\/li>\n\n\n\n<li class='active'><a>13108<\/a><\/li>\n\n\n\n<li><a href='?page_no=13109'>13109<\/a><\/li>\n\n\n\n<li><a href='?page_no=13110'>13110<\/a><\/li>\n\n\n\n<li><a>...<\/a><\/li>\n\n\n\n<li><a href='?page_no=13611'>13611<\/a><\/li>\n\n\n\n<li><a href='?page_no=13612'>13612<\/a><\/li>\n\n    \n\t\n\n<li >\n\t<a href='?page_no=13109'>Next<\/a>\n\t<\/li>\n\n\n    \n\n<li><a href='?page_no=13612'>Last &rsaquo;&rsaquo;<\/a><\/li>\n\n<\/ul>\n\n\n-->\n<\/ul>\n<\/ul>\n<\/ul>\n<\/ul>\n<\/ul>\n<\/ul>\n<\/ul>\n<\/ul>\n<p><\/body><\/p>\n","protected":false},"excerpt":{"rendered":"<p>Confieso que he vivido &#13; &#13; Por LEO HERNANDEZ*&#13; &#13; Ni por asomo llega mi osad\u00eda (que en este caso pudiera ser m\u00e1s bien un atrevimiento \u2013\u201cagentamiento\u201d, en buen dominicano-) a buscar comparaci\u00f3n alguna con el poeta Neruda.&#13; &#13; Debo confesar que he vivido grandes satisfacciones durante mi existencia: personales, profesionales, econ\u00f3micas, etc., pero mi [&hellip;]<\/p>\n","protected":false},"author":3,"featured_media":0,"comment_status":"open","ping_status":"open","sticky":false,"template":"","format":"standard","meta":{"footnotes":""},"categories":[16],"tags":[],"class_list":["post-37335","post","type-post","status-publish","format-standard","hentry","category-opiniones"],"_links":{"self":[{"href":"https:\/\/diariodominicano.com\/index.php?rest_route=\/wp\/v2\/posts\/37335","targetHints":{"allow":["GET"]}}],"collection":[{"href":"https:\/\/diariodominicano.com\/index.php?rest_route=\/wp\/v2\/posts"}],"about":[{"href":"https:\/\/diariodominicano.com\/index.php?rest_route=\/wp\/v2\/types\/post"}],"author":[{"embeddable":true,"href":"https:\/\/diariodominicano.com\/index.php?rest_route=\/wp\/v2\/users\/3"}],"replies":[{"embeddable":true,"href":"https:\/\/diariodominicano.com\/index.php?rest_route=%2Fwp%2Fv2%2Fcomments&post=37335"}],"version-history":[{"count":0,"href":"https:\/\/diariodominicano.com\/index.php?rest_route=\/wp\/v2\/posts\/37335\/revisions"}],"wp:attachment":[{"href":"https:\/\/diariodominicano.com\/index.php?rest_route=%2Fwp%2Fv2%2Fmedia&parent=37335"}],"wp:term":[{"taxonomy":"category","embeddable":true,"href":"https:\/\/diariodominicano.com\/index.php?rest_route=%2Fwp%2Fv2%2Fcategories&post=37335"},{"taxonomy":"post_tag","embeddable":true,"href":"https:\/\/diariodominicano.com\/index.php?rest_route=%2Fwp%2Fv2%2Ftags&post=37335"}],"curies":[{"name":"wp","href":"https:\/\/api.w.org\/{rel}","templated":true}]}}