{"id":37334,"date":"2007-04-06T21:54:14","date_gmt":"2007-04-06T21:54:14","guid":{"rendered":"http:\/\/diariodominicano.ddns.net\/?p=37334"},"modified":"2007-04-06T21:54:14","modified_gmt":"2007-04-06T21:54:14","slug":"el-tiro-rapido-406","status":"publish","type":"post","link":"https:\/\/diariodominicano.com\/?p=37334","title":{"rendered":"EL TIRO RAPIDO"},"content":{"rendered":"<p><body><\/p>\n<p><span class=\"titulogrande1\"><em>EL TIRO RAPIDO<\/em><\/span><br \/>&#13;<br \/>\n  <br \/>&#13;<br \/>\n    <span class=\"textopq1\"><em>de<\/em><\/span><br \/>&#13;<br \/>\n  <br \/>&#13;<br \/>\n  <span class=\"textogrande\"><em>Mario  Rivadulla<\/em><\/span><\/p>\n<p>&#13;<\/p>\n<p align=\"justify\" class=\"text1noticias\">No es la primera vez que el S\u00ecndico de Santo Domingo  Oeste, Francisco Pe\u00f1a, ocupa lugar protag\u00f3nico en los medios de  comunicaci\u00f3n.\u00a0 El hombre, dicho sea de  paso y en estricta justicia, parece gozar de un buen respaldo electoral, fruto  de una gesti\u00f3n aceptable,\u00a0 lo que le ha  permitido acceder a un segundo per\u00ecodo consecutivo de gobierno.\u00a0 <\/p>\n<p>&#13;<\/p>\n<p align=\"justify\" class=\"text1noticias\">Pero aparte de ello resulta un  personaje bien at\u00edpico.\u00a0 Y esto, m\u00e0s que  su ejercicio municipal, es lo que lo ha convertido en llamativa noticia con  relativa frecuencia.<\/p>\n<p>&#13;<\/p>\n<p align=\"justify\" class=\"text1noticias\">De \u00e8l fue la iniciativa de  colocar en la explanada de la 27 de Febrero, frente a las Fuerzas Armadas, un  espantoso busto que trataba de representar la cabeza de Jos\u00e8 Francisco Pe\u00f1a  G\u00f2mez.\u00a0 Este motiv\u00f2 tantas cr\u00ecticas debido  a lo horrendo de la obra, que debi\u00f3 ser retirado. Luego \u00e8l mismo coron\u00f2 con su  testa, la r\u00e8plica de un elevado y luminoso \u00e1rbol de Navidad colocado en el  mismo sitio con motivo de las fiestas tradicionales.<\/p>\n<p>&#13;<\/p>\n<p align=\"justify\" class=\"text1noticias\">Fueron ocurrencias que si bien  resultaban chocantes eran a fin de cuentas inofensivas y no pasaban de ser un  atentado a la vista y al buen gusto.<\/p>\n<p>&#13;<\/p>\n<p align=\"justify\" class=\"text1noticias\">Pero Pe\u00f1a ha pasado ahora a  iniciativas m\u00e0s serias.\u00a0 Al hombre se le  ha ocurrido nada m\u00e0s y nada menos, contando con la complicidad aprobatoria de  su sala capitular, que inventarse un impuesto de un centavo por cada peso a las  ventas de los productos fabricados por numerosas industrias y empresas que  operan en ese municipio. <\/p>\n<p>&#13;<\/p>\n<p align=\"justify\" class=\"text1noticias\">Afectadas por la disposici\u00f2n  resultar\u00e0n la cerveza y el ron m\u00e0s de lo que ya est\u00e0n por el continuo aumento  de los selectivos que ha reducido sus ventas y sus aportes al fisco, las  hormigoneras, cementeras, pl\u00e1sticos, cigarrillos, productos qu\u00edmicos, gas,  gasolina, aceites y lubricantes, entre otras.<\/p>\n<p>&#13;<\/p>\n<p align=\"justify\" class=\"text1noticias\">La justificaci\u00f3n de todo este  desatino en un pa\u00ecs que ya no soporta m\u00e0s impuestos y en un sector empresarial  que est\u00e0 desafiado a sobrevivir en el marco de la dura y desigual competencia  de los tratados de libre comercio, es que esas industrias provocan da\u00f1os al  medio ambiente, lo que Pe\u00f1a entiende debe combatirse no con la instalaci\u00f3n de  equipos que controlen la alegada o posible contaminaci\u00f3n, sino recaudando m\u00e0s  fondos para,\u00a0 seg\u00f9n expresa,\u00a0 construir calles y parques.\u00a0 Una forma bien original y revolucionaria por  cierto de evitar la contaminaci\u00f3n industrial que sin duda pudiera catapultarlo  para un pr\u00f2ximo premio N\u00f2bel.<\/p>\n<p>&#13;<\/p>\n<p align=\"justify\" class=\"text1noticias\">Obviamente los sectores  empresariales han reaccionado con sorpresa por tratarse de una especie de palo  acechado y en actitud de oponerse a lo que sentar\u00eca adem\u00e1s un nuevo precedente  fiscal, en este caso no proveniente del escenario hasta ahora dominado por Juan  Hern\u00e1ndez, y en el que Pe\u00f1a y de progresar su iniciativa, seguramente despu\u00e8s  otros s\u00edndicos y ayuntamientos, buscar\u00ecan compartir su liderazgo. Todo ello  repercutir\u00eca tambi\u00e8n el \u00e0mbito judicial con los consiguientes recursos de  inconstitucionalidad en el entendido que de acuerdo a la Carta Magna, el  Congreso es el \u00f9nico facultado para crear o eliminar impuestos.<\/p>\n<p>&#13;<\/p>\n<p align=\"justify\" class=\"text1noticias\">Conste que los empresarios en  este caso defienden sus niveles de competitividad y ventas, lo que tambi\u00e8n es  del inter\u00e9s de su empleoman\u00eca con la finalidad de conservar sus puestos de  trabajo y no pasar a formar parte del todav\u00eca abultado ej\u00e8rcito de  desempleados.<\/p>\n<p>&#13;<\/p>\n<p align=\"justify\" class=\"text1noticias\">Pero los que a la corta o a la  larga tendr\u00edan que pagar el bendito centavo por peso ser\u00ecan, como siempre, los  consumidores finales sobre quienes recaen todas las cargas.\u00a0 Si \u00e8stos no gritan con la misma vehemencia  con que lo hacen aquellos es simplemente porque carecen de la debida  instrumentaci\u00f3n.\u00a0 Est\u00e0n solos en medio  del ring.\u00a0 Sin manager que los gu\u00ece ni  ayudantes que los asistan al llegar a su esquina. Reciben m\u00e0s golpes que en las  cinco pel\u00edculas de Rocky sin posibilidades de defenderse.\u00a0 La idea de Pe\u00f1a y su cabildo a fin de cuentas  vendr\u00eda a resultar simplemente otra paliza m\u00e0s, con la sola diferencia de que  el cine es ficci\u00f3n y en la vida real duelen de verdad.<\/p>\n<p>&#13;<\/p>\n<p align=\"justify\" class=\"text1noticias\">Ojal\u00e0 recapacite y vuelva a sus  anteriores iniciativas mucho m\u00e0s folkl\u00f2ricas y sin dudas, aunque bordeando el  rid\u00edculo, mucho m\u00e0s entretenidas y menos da\u00f1inas.<\/p>\n<p>&#13;<\/p>\n<h6> 2007-04-06 21:54:14 <\/h6>\n<p><!--\n<link rel=\"stylesheet\" href=\"css\/bootstrap.min.css\">\n\n\n<ul class=\"pagination\">\n\t    \n\t\n\n<li >\n\t<a href='?page_no=13106'>Previous<\/a>\n\t<\/li>\n\n\n       \n    \n\n<li><a href='?page_no=1'>1<\/a><\/li>\n\n\n\n<li><a href='?page_no=2'>2<\/a><\/li>\n\n\n\n<li><a>...<\/a><\/li>\n\n\n\n<li><a href='?page_no=13105'>13105<\/a><\/li>\n\n\n\n<li><a href='?page_no=13106'>13106<\/a><\/li>\n\n\n\n<li class='active'><a>13107<\/a><\/li>\n\n\n\n<li><a href='?page_no=13108'>13108<\/a><\/li>\n\n\n\n<li><a href='?page_no=13109'>13109<\/a><\/li>\n\n\n\n<li><a>...<\/a><\/li>\n\n\n\n<li><a href='?page_no=13611'>13611<\/a><\/li>\n\n\n\n<li><a href='?page_no=13612'>13612<\/a><\/li>\n\n    \n\t\n\n<li >\n\t<a href='?page_no=13108'>Next<\/a>\n\t<\/li>\n\n\n    \n\n<li><a href='?page_no=13612'>Last &rsaquo;&rsaquo;<\/a><\/li>\n\n<\/ul>\n\n\n--><br \/>\n<\/body><\/p>\n","protected":false},"excerpt":{"rendered":"<p>EL TIRO RAPIDO&#13; &#13; de&#13; &#13; Mario Rivadulla &#13; No es la primera vez que el S\u00ecndico de Santo Domingo Oeste, Francisco Pe\u00f1a, ocupa lugar protag\u00f3nico en los medios de comunicaci\u00f3n.\u00a0 El hombre, dicho sea de paso y en estricta justicia, parece gozar de un buen respaldo electoral, fruto de una gesti\u00f3n aceptable,\u00a0 lo que [&hellip;]<\/p>\n","protected":false},"author":3,"featured_media":0,"comment_status":"open","ping_status":"open","sticky":false,"template":"","format":"standard","meta":{"footnotes":""},"categories":[16],"tags":[],"class_list":["post-37334","post","type-post","status-publish","format-standard","hentry","category-opiniones"],"_links":{"self":[{"href":"https:\/\/diariodominicano.com\/index.php?rest_route=\/wp\/v2\/posts\/37334","targetHints":{"allow":["GET"]}}],"collection":[{"href":"https:\/\/diariodominicano.com\/index.php?rest_route=\/wp\/v2\/posts"}],"about":[{"href":"https:\/\/diariodominicano.com\/index.php?rest_route=\/wp\/v2\/types\/post"}],"author":[{"embeddable":true,"href":"https:\/\/diariodominicano.com\/index.php?rest_route=\/wp\/v2\/users\/3"}],"replies":[{"embeddable":true,"href":"https:\/\/diariodominicano.com\/index.php?rest_route=%2Fwp%2Fv2%2Fcomments&post=37334"}],"version-history":[{"count":0,"href":"https:\/\/diariodominicano.com\/index.php?rest_route=\/wp\/v2\/posts\/37334\/revisions"}],"wp:attachment":[{"href":"https:\/\/diariodominicano.com\/index.php?rest_route=%2Fwp%2Fv2%2Fmedia&parent=37334"}],"wp:term":[{"taxonomy":"category","embeddable":true,"href":"https:\/\/diariodominicano.com\/index.php?rest_route=%2Fwp%2Fv2%2Fcategories&post=37334"},{"taxonomy":"post_tag","embeddable":true,"href":"https:\/\/diariodominicano.com\/index.php?rest_route=%2Fwp%2Fv2%2Ftags&post=37334"}],"curies":[{"name":"wp","href":"https:\/\/api.w.org\/{rel}","templated":true}]}}