{"id":37332,"date":"2007-04-06T22:03:13","date_gmt":"2007-04-06T22:03:13","guid":{"rendered":"http:\/\/diariodominicano.ddns.net\/?p=37332"},"modified":"2007-04-06T22:03:13","modified_gmt":"2007-04-06T22:03:13","slug":"las-principales-en-teledebate-100","status":"publish","type":"post","link":"https:\/\/diariodominicano.com\/?p=37332","title":{"rendered":"LAS PRINCIPALES EN TELEDEBATE"},"content":{"rendered":"<p><body><\/p>\n<p><span class=\"titulogrande1\"><em>LAS PRINCIPALES EN TELEDEBATE<\/em><\/span><br \/>&#13;<br \/>\n  <br \/>&#13;<br \/>\n    <span class=\"ttmediao\"><em>Martes 3, 04, 07<\/em><\/span><\/p>\n<p>&#13;<\/p>\n<p align=\"justify\"><em><strong>UNA BUENA NOTICIA.\u00a0<\/strong><\/em><span class=\"text1noticias\"> Una buena noticia para alegrar la Semana Santa y el mes  es que la tarifa de electricidad no ser\u00e0 aumentada al menos en el presente  Abril pese al incremento en los precios de los combustibles, que determina una  variaci\u00f3n de 1.6 porciento.\u00a0 La Superintendencia  de Electricidad, de donde casi siempre proceden informaciones poco agradables,  inform\u00f2 que el gobierno decidi\u00f2 asumir esta diferencia.<\/span><\/p>\n<p>&#13;<\/p>\n<p align=\"justify\"><em><strong>\u00bfHABRA QUE DEPORTARLOS?<\/strong><\/em> <span class=\"text1noticias\">La Direcci\u00f2n Nacional  de Control de Drogas y la   Fiscal\u00eca del Distrito Nacional procedieron a intervenir  propiedades y bienes valorados en 300 millones de pesos en San Francisco de  Macor\u00eds, pertenecientes a un dominicano condenado por drogas en Nueva  York.\u00a0 La ocupaci\u00f3n se hizo a solicitud  de la DEA. La  pregunta es si esos bienes quedar\u00e0n a beneficio del pa\u00ecs o ser\u00e0n pedidos en  deportaci\u00f3n por los Estados Unidos.<\/span><\/p>\n<p>&#13;<\/p>\n<p align=\"justify\"><em><strong>SUERTE PARA ELLOS QUE NO ES ALLA, SINO AQU\u00cd.<\/strong><\/em> <span class=\"text1noticias\">El  neopresidente boliviano Evo Morales, quiere transitar por el mismo camino de su  padrino venezolano Hugo Ch\u00e0vez.\u00a0 El  hombre est\u00e0 dando una serie de pasos encaminados a mantenerlo en el poder nada  menos que hasta el a\u00f1o 2018.\u00a0 Si quienes  aqu\u00ec han perdido el sue\u00f1o por la aspiraci\u00f2n del Presidente Leonel Fern\u00e1ndez de  gobernar cuatro a\u00f1os m\u00e0s, vivieran en Bolivia andar\u00ecan de cabeza.\u00a0 \u00a1Suerte para ellos que no es all\u00e0, sino aqu\u00ec!<\/span><\/p>\n<p>&#13;<\/p>\n<p align=\"justify\"><em><strong>UN ERROR DE APRECIACI\u00d3N PRECIPITADA. <\/strong><\/em><span class=\"text1noticias\">Ahora resulta que el  brutal asesinato del periodista V\u00ecctor Gul\u00ecas fue con la intenci\u00f3n de robarle y  no obedeci\u00f3 como originalmente avanz\u00f2 la Polic\u00eca a un hecho pasional, bas\u00e1ndose en el  hallazgo de aparentes indicios que s\u00f2lo condujeron a alimentar el morbo  p\u00f9blico.\u00a0 Que sirva de lecci\u00f3n para en el  futuro ser m\u00e0s prudentes y no precipitar conclusiones sin el debido fundamento.<\/span><\/p>\n<p>&#13;<\/p>\n<p align=\"justify\"><em><strong>UN ELEMENTO DE DISTRACCI\u00d3N.\u00a0<\/strong><\/em> <span class=\"text1noticias\">El caso de Sonia Pierre sigue dando que  hablar.\u00a0 Ahora se ha convertido al  parecer en motivo de nuevas diferencias en el seno de la propia Junta Central  Electoral, que siguen saliendo a la superficie.\u00a0  El caso se ha convertido en un elemento de distracci\u00f3n de tiempo y  energ\u00ecas que debi\u00e8ramos dedicar a enfrentar\u00a0  la conspiraci\u00f3n de Par\u00ecs contra el pa\u00ecs montada por una serie de ONGs  con fuerte financiamiento externo.<\/span><\/p>\n<p>&#13;<\/p>\n<p align=\"justify\"><em><strong>OTRA PROMESA QUE PIERDE EL PAIS.<\/strong><\/em> <span class=\"text1noticias\">La vida humana contin\u00f9a  cotiz\u00e1ndose a valor de un simple celular.\u00a0  Ayer, en Santiago, un estudiante fue asesinado de dos disparos para  despojarlo de su tel\u00e9fono m\u00f3vil por parte de un grupo de atracadores.\u00a0 Su novia, que presenci\u00f2 el hecho, pudo darse  a la fuga intern\u00e1ndose en unos matorrales, gracias a lo cual salv\u00f2 la  vida.\u00a0 La v\u00ecctima, Manuel Enrique P\u00e9rez  Pe\u00f1a, ten\u00eca apenas 19 a\u00f1os y se asegura era un estudiante brillante. Otra  promesa valiosa que pierde el pa\u00ecs.<\/span><\/p>\n<p>&#13;<\/p>\n<p align=\"justify\"><em><strong>\u00a1UN INDICIO PELIGROSO! <\/strong><\/em><span class=\"text1noticias\">El primer mes de entrada en vigencia  del DR-CAFTA ha sido poco auspicioso para el pa\u00ecs.\u00a0<br \/>&#13;<br \/>\n  <br \/> &#13;<br \/>\nMientras importamos 311 millones 800 mil  d\u00f3lares, apenas exportamos 188 millones 900 mil.\u00a0 El balance negativo por consiguiente, alcanz\u00f2  a 122 millones 800 mil d\u00f3lares.\u00a0 De  seguir a este paso cerrar\u00ecamos el a\u00f1o con un d\u00e9ficit comercial superior a mil  400 millones de d\u00f3lares, que es m\u00e0s de lo que tiene en reserva de divisas el  Banco Central.\u00a0 De entrada es un indicio  peligroso.<\/span><\/p>\n<p>&#13;<\/p>\n<p align=\"justify\"><em><strong>EL PLANTON DE BANI.<\/strong><\/em>\u00a0  <span class=\"text1noticias\">Y en Ban\u00ec la gente se qued\u00f2 con la ropa de domingo puesta a la espera  del director de INAPA que supuestamente visitar\u00eca la localidad para informar de  los planes concretos a llevar a cabo por el organismo para resolver el problema  del agua de esa laboriosa comunidad.\u00a0\u00a0 El  director del organismo se excus\u00f2 por inesperados compromisos ineludibles que se  le presentaron.\u00a0\u00a0 Pero el plant\u00f2n caus\u00f2  una p\u00e9sima impresi\u00f3n mientras los banilejos siguen sin agua.<\/span><\/p>\n<p>&#13;<\/p>\n<p align=\"justify\"><em><strong>LOS GOLFISTAS ESTAN \u201cCHIVOS\u201d<\/strong><\/em><span class=\"text1noticias\"> Y los golfistas que utilizan  el campo privado de Las Lagunas se han puesto \u201cchivos\u201d con la presencia  inesperada de una brigada de top\u00f2grafos quienes sin previo aviso tomaron  medidas para el trazado de un tramo de carretera que comunicar\u00eca la Autopista Duarte  con El Higuero. Aunque la empresa constructora di\u00f2 seguridades de que no se  afectar\u00eca la propiedad, quedan las dudas y el por si acaso,\u00a0 de tantas cosas raras que suceden aqu\u00ec. <\/span><\/p>\n<p>&#13;<\/p>\n<h6> 2007-04-06 22:03:13 <\/h6>\n<p><!--\n<link rel=\"stylesheet\" href=\"css\/bootstrap.min.css\">\n\n\n<ul class=\"pagination\">\n\t    \n\t\n\n<li >\n\t<a href='?page_no=13104'>Previous<\/a>\n\t<\/li>\n\n\n       \n    \n\n<li><a href='?page_no=1'>1<\/a><\/li>\n\n\n\n<li><a href='?page_no=2'>2<\/a><\/li>\n\n\n\n<li><a>...<\/a><\/li>\n\n\n\n<li><a href='?page_no=13103'>13103<\/a><\/li>\n\n\n\n<li><a href='?page_no=13104'>13104<\/a><\/li>\n\n\n\n<li class='active'><a>13105<\/a><\/li>\n\n\n\n<li><a href='?page_no=13106'>13106<\/a><\/li>\n\n\n\n<li><a href='?page_no=13107'>13107<\/a><\/li>\n\n\n\n<li><a>...<\/a><\/li>\n\n\n\n<li><a href='?page_no=13611'>13611<\/a><\/li>\n\n\n\n<li><a href='?page_no=13612'>13612<\/a><\/li>\n\n    \n\t\n\n<li >\n\t<a href='?page_no=13106'>Next<\/a>\n\t<\/li>\n\n\n    \n\n<li><a href='?page_no=13612'>Last &rsaquo;&rsaquo;<\/a><\/li>\n\n<\/ul>\n\n\n--><br \/>\n<\/body><\/p>\n","protected":false},"excerpt":{"rendered":"<p>LAS PRINCIPALES EN TELEDEBATE&#13; &#13; Martes 3, 04, 07 &#13; UNA BUENA NOTICIA.\u00a0 Una buena noticia para alegrar la Semana Santa y el mes es que la tarifa de electricidad no ser\u00e0 aumentada al menos en el presente Abril pese al incremento en los precios de los combustibles, que determina una variaci\u00f3n de 1.6 porciento.\u00a0 [&hellip;]<\/p>\n","protected":false},"author":3,"featured_media":0,"comment_status":"open","ping_status":"open","sticky":false,"template":"","format":"standard","meta":{"footnotes":""},"categories":[16],"tags":[],"class_list":["post-37332","post","type-post","status-publish","format-standard","hentry","category-opiniones"],"_links":{"self":[{"href":"https:\/\/diariodominicano.com\/index.php?rest_route=\/wp\/v2\/posts\/37332","targetHints":{"allow":["GET"]}}],"collection":[{"href":"https:\/\/diariodominicano.com\/index.php?rest_route=\/wp\/v2\/posts"}],"about":[{"href":"https:\/\/diariodominicano.com\/index.php?rest_route=\/wp\/v2\/types\/post"}],"author":[{"embeddable":true,"href":"https:\/\/diariodominicano.com\/index.php?rest_route=\/wp\/v2\/users\/3"}],"replies":[{"embeddable":true,"href":"https:\/\/diariodominicano.com\/index.php?rest_route=%2Fwp%2Fv2%2Fcomments&post=37332"}],"version-history":[{"count":0,"href":"https:\/\/diariodominicano.com\/index.php?rest_route=\/wp\/v2\/posts\/37332\/revisions"}],"wp:attachment":[{"href":"https:\/\/diariodominicano.com\/index.php?rest_route=%2Fwp%2Fv2%2Fmedia&parent=37332"}],"wp:term":[{"taxonomy":"category","embeddable":true,"href":"https:\/\/diariodominicano.com\/index.php?rest_route=%2Fwp%2Fv2%2Fcategories&post=37332"},{"taxonomy":"post_tag","embeddable":true,"href":"https:\/\/diariodominicano.com\/index.php?rest_route=%2Fwp%2Fv2%2Ftags&post=37332"}],"curies":[{"name":"wp","href":"https:\/\/api.w.org\/{rel}","templated":true}]}}