{"id":37325,"date":"2020-07-28T23:51:10","date_gmt":"2020-07-28T23:51:10","guid":{"rendered":"http:\/\/diariodominicano.ddns.net\/?p=37325"},"modified":"2020-07-28T23:51:10","modified_gmt":"2020-07-28T23:51:10","slug":"genocidio-involuntario","status":"publish","type":"post","link":"https:\/\/diariodominicano.com\/?p=37325","title":{"rendered":"Genocidio involuntario"},"content":{"rendered":"<p><body><\/p>\n<p><strong>Diariodominicano.com<\/strong><\/p>\n<p><strong>VISI\u00d3N GLOBAL<\/strong><\/p>\n<p><strong>Genocidio involuntario<\/strong><\/p>\n<p><strong>Por Nelson Encarnaci\u00f3n<\/strong><\/p>\n<\/p>\n<p>Si el presidente Danilo Medina hubiese aprovechado su primer discurso del 20 de marzo para abordar la pandemia del nuevo coronavirus con la determinaci\u00f3n que el caso demandaba, a d\u00eda de hoy no tuvi\u00e9ramos a m\u00e1s de mil 100 familias lamentando la p\u00e9rdida de uno de los suyos que sucumbi\u00f3 al aliento vital porque no pudo rebasar la enfermedad.<\/p>\n<\/p>\n<p>Tampoco tendr\u00edamos a una alta poblaci\u00f3n de contagiados de COVID-19 con sus vidas al borde del final ni a miles m\u00e1s que no saben el momento en que su afecci\u00f3n se complicar\u00e1 ni a otros miles luchando por conseguir que les hagan una prueba ni a millones en el filo de la navaja porque no sabemos el momento en que pudi\u00e9ramos resultar infectados.<\/p>\n<\/p>\n<p>Es simplemente un drama. Un drama cuya responsabilidad recae enteramente en el Gobierno porque no supo?o no quiso?actuar a tiempo para arrinconar la pandemia en el momento en que se estaba a tiempo, cuando s\u00f3lo se contaban unos cuantos cientos de contagiados y los fallecidos no llegaban a 20.<\/p>\n<\/p>\n<p>El momento crucial se dej\u00f3 pasar porque el presidente y el resto del Gobierno ten\u00edan la agenda electoral como prioridad y la salud del pueblo como tema delegado hasta que Dios \u00abmetiera su mano\u00bb.<\/p>\n<\/p>\n<p>Un Gobierno canalla que prefiri\u00f3 pasar al candidato de su partido el protagonismo de importar las pruebas para determinar contagios; que entend\u00eda m\u00e1s importante la campa\u00f1a electoral que la salud del pueblo y que consideraba que \u00abtodo lo que ha ocurrido de marzo hasta hoy ha beneficiado a Gonzalo Castillo\u00bb.<\/p>\n<\/p>\n<p>Estas \u00faltimas palabras no son inventadas, sino que fueron dichas por el presidente de la Rep\u00fablica como arenga alentadora para sus huestes cuando desment\u00eda los resultados adversos de las encuestas.<\/p>\n<\/p>\n<p>Es decir, que la no masificaci\u00f3n de las pruebas; la negativa a involucrar a todos los sectores en la lucha contra la pandemia; el aprovechamiento del espacio de acci\u00f3n con fines electorales; la no aplicaci\u00f3n de medidas dr\u00e1sticas para sacar a la gente de la calle y un largo etc\u00e9tera, todo eso, \u00abde marzo a la fecha&#8230;\u00bb, se hizo para beneficiar a Gonzalo.<\/p>\n<\/p>\n<p>Gonzalo es historia, pero bajo el suelo de la Rep\u00fablica yacen m\u00e1s de mil 100 dominicanos que no pudieron vencer la COVID-19, y que al igual que Danilo Medina y los funcionarios ten\u00edan hijos, c\u00f3nyuges, hermanos, una parte de ellos padres y madres, en fin, personas con dolientes que jam\u00e1s podr\u00e1n ver sus rostros ni darles un abrazo.<\/p>\n<\/p>\n<p>Es una l\u00e1stima que no existan mecanismos institucionales que permitan organizar la acumulaci\u00f3n de cargos por genocidio involuntario contra el presidente Medina y los responsables de esta cat\u00e1strofe sanitaria cuyo agravamiento es una obra enteramente de ellos.<\/p>\n<\/p>\n<p>Nelsonencar10@gmail.com<\/p>\n<\/p>\n<h6> 2020-07-28 23:51:10 <\/h6>\n<p><!--\n<link rel=\"stylesheet\" href=\"css\/bootstrap.min.css\">\n\n\n<ul class=\"pagination\">\n\t    \n\t\n\n<li >\n\t<a href='?page_no=130'>Previous<\/a>\n\t<\/li>\n\n\n       \n    \n\n<li><a href='?page_no=1'>1<\/a><\/li>\n\n\n\n<li><a href='?page_no=2'>2<\/a><\/li>\n\n\n\n<li><a>...<\/a><\/li>\n\n\n\n<li><a href='?page_no=129'>129<\/a><\/li>\n\n\n\n<li><a href='?page_no=130'>130<\/a><\/li>\n\n\n\n<li class='active'><a>131<\/a><\/li>\n\n\n\n<li><a href='?page_no=132'>132<\/a><\/li>\n\n\n\n<li><a href='?page_no=133'>133<\/a><\/li>\n\n\n\n<li><a>...<\/a><\/li>\n\n\n\n<li><a href='?page_no=13611'>13611<\/a><\/li>\n\n\n\n<li><a href='?page_no=13612'>13612<\/a><\/li>\n\n    \n\t\n\n<li >\n\t<a href='?page_no=132'>Next<\/a>\n\t<\/li>\n\n\n    \n\n<li><a href='?page_no=13612'>Last &rsaquo;&rsaquo;<\/a><\/li>\n\n<\/ul>\n\n\n--><br \/>\n<\/body><\/p>\n","protected":false},"excerpt":{"rendered":"<p>Diariodominicano.com VISI\u00d3N GLOBAL Genocidio involuntario Por Nelson Encarnaci\u00f3n Si el presidente Danilo Medina hubiese aprovechado su primer discurso del 20 de marzo para abordar la pandemia del nuevo coronavirus con la determinaci\u00f3n que el caso demandaba, a d\u00eda de hoy no tuvi\u00e9ramos a m\u00e1s de mil 100 familias lamentando la p\u00e9rdida de uno de los [&hellip;]<\/p>\n","protected":false},"author":3,"featured_media":0,"comment_status":"open","ping_status":"open","sticky":false,"template":"","format":"standard","meta":{"footnotes":""},"categories":[16],"tags":[],"class_list":["post-37325","post","type-post","status-publish","format-standard","hentry","category-opiniones"],"_links":{"self":[{"href":"https:\/\/diariodominicano.com\/index.php?rest_route=\/wp\/v2\/posts\/37325","targetHints":{"allow":["GET"]}}],"collection":[{"href":"https:\/\/diariodominicano.com\/index.php?rest_route=\/wp\/v2\/posts"}],"about":[{"href":"https:\/\/diariodominicano.com\/index.php?rest_route=\/wp\/v2\/types\/post"}],"author":[{"embeddable":true,"href":"https:\/\/diariodominicano.com\/index.php?rest_route=\/wp\/v2\/users\/3"}],"replies":[{"embeddable":true,"href":"https:\/\/diariodominicano.com\/index.php?rest_route=%2Fwp%2Fv2%2Fcomments&post=37325"}],"version-history":[{"count":0,"href":"https:\/\/diariodominicano.com\/index.php?rest_route=\/wp\/v2\/posts\/37325\/revisions"}],"wp:attachment":[{"href":"https:\/\/diariodominicano.com\/index.php?rest_route=%2Fwp%2Fv2%2Fmedia&parent=37325"}],"wp:term":[{"taxonomy":"category","embeddable":true,"href":"https:\/\/diariodominicano.com\/index.php?rest_route=%2Fwp%2Fv2%2Fcategories&post=37325"},{"taxonomy":"post_tag","embeddable":true,"href":"https:\/\/diariodominicano.com\/index.php?rest_route=%2Fwp%2Fv2%2Ftags&post=37325"}],"curies":[{"name":"wp","href":"https:\/\/api.w.org\/{rel}","templated":true}]}}