{"id":37322,"date":"2007-04-12T04:01:59","date_gmt":"2007-04-12T04:01:59","guid":{"rendered":"http:\/\/diariodominicano.ddns.net\/?p=37322"},"modified":"2007-04-12T04:01:59","modified_gmt":"2007-04-12T04:01:59","slug":"reflexiones-del-presidente-fidel-castro-14","status":"publish","type":"post","link":"https:\/\/diariodominicano.com\/?p=37322","title":{"rendered":"REFLEXIONES DEL PRESIDENTE FIDEL CASTRO"},"content":{"rendered":"<p><body><\/p>\n<p align=\"justify\"><em><strong>REFLEXIONES DEL PRESIDENTE FIDEL CASTRO <\/strong><\/em><br \/>&#13;<br \/>\n  <br \/>&#13;<br \/>\n    <em><strong>La respuesta brutal<\/strong><\/em><br \/>&#13;<br \/>\n    <br \/>&#13;<br \/>\n    <span class=\"text1noticias\">EL m\u00e1s genuino representante de un sistema de terror  que ha sido impuesto al mundo por la superioridad tecnol\u00f3gica, econ\u00f3mica y  pol\u00edtica de la potencia m\u00e1s poderosa que ha conocido nuestro planeta, es sin  duda George W. Bush.<br \/>&#13;<br \/>\n    <br \/> &#13;<br \/>\n    Compartimos, por ello, la tragedia del propio pueblo  norteamericano y sus valores \u00e9ticos. Solo de la Casa Blanca pod\u00edan  proceder las instrucciones para el fallo dictado por Kathleen Cardone, jueza de  la Corte Federal  de El Paso, Texas, el pasado viernes, concedi\u00e9ndole la libertad bajo fianza a  Luis Posada Carriles.<br \/>&#13;<br \/>\n    <br \/>&#13;<br \/>\nFue el propio presidente Bush quien eludi\u00f3 en  todo momento el car\u00e1cter criminal y terrorista del acusado. Se le protegi\u00f3  imput\u00e1ndole una simple violaci\u00f3n de tr\u00e1mites migratorios. La respuesta es  brutal. El gobierno de Estados Unidos y sus instituciones m\u00e1s representativas  decidieron de antemano la libertad del monstruo.<br \/>&#13;<br \/>\n<br \/>&#13;<br \/>\nLos antecedentes son bien conocidos y vienen de  muy atr\u00e1s. Los que lo entrenaron y le ordenaron destruir una nave cubana de  pasajeros en pleno vuelo, con 73 atletas, estudiantes y otros viajeros  nacionales y extranjeros a bordo, adem\u00e1s de su abnegada tripulaci\u00f3n; los que,  estando preso el terrorista en Venezuela, compraron su libertad para suministrar  y pr\u00e1cticamente dirigir una guerra sucia contra el pueblo de Nicaragua, que  signific\u00f3 la p\u00e9rdida de miles de vidas y la ruina del pa\u00eds por d\u00e9cadas; los que  le dieron facultades para contrabandear con drogas y armas a fin de burlar las  leyes del Congreso; los que con \u00e9l crearon la terrible Operaci\u00f3n C\u00f3ndor e  internacionalizaron el terror; los que llevaron a la tortura, la muerte y  muchas veces a la desaparici\u00f3n f\u00edsica de cientos de miles de latinoamericanos,  era imposible que actuaran de otra forma.<br \/>&#13;<br \/>\n<br \/>&#13;<br \/>\nNo por esperada la decisi\u00f3n de Bush es menos  humillante para nuestro pueblo, porque fue Cuba la que, partiendo de las  revelaciones de \u00abPor Esto!\u00bb, \u00f3rgano de prensa del Estado mexicano de  Quintana Roo, complementadas despu\u00e9s por nuestros propios medios, supo con toda  precisi\u00f3n que Posada Carriles entr\u00f3 desde Centroam\u00e9rica, v\u00eda Canc\u00fan, hacia Isla  Mujeres, desde donde, a bordo del Santrina, despu\u00e9s de ser inspeccionada la  nave por las autoridades federales de M\u00e9xico, se dirigi\u00f3 junto a otros  terroristas directamente a Miami. <br \/>&#13;<br \/>\n<br \/>&#13;<br \/>\nDenunciado y emplazado p\u00fablicamente el gobierno  de ese pa\u00eds con datos exactos sobre el tema desde el 11 de abril del 2005,  demor\u00f3 m\u00e1s de un mes en arrestar al terrorista y tard\u00f3 un a\u00f1o y dos meses en  reconocer que Luis Posada Carriles entr\u00f3 ilegalmente por las costas de la Florida a bordo del  Santrina, un supuesto buque-escuela matriculado en EE.UU. <br \/>&#13;<br \/>\n<br \/>&#13;<br \/>\nDe sus incontables v\u00edctimas, de sus bombas  contra instalaciones tur\u00edsticas en a\u00f1os recientes, de sus decenas de planes  financiados por el gobierno de Estados Unidos para eliminarme f\u00edsicamente no se  dice una sola palabra. <br \/>&#13;<br \/>\n<br \/>&#13;<br \/>\nNo era suficiente para Bush haber ultrajado el  nombre de Cuba instalando en el territorio ilegalmente ocupado de Guant\u00e1namo un  horrible centro de tortura similar al de Abu Ghraib, que al ser conocido caus\u00f3  espanto en el mundo. La cruel acci\u00f3n de sus antecesores no le parec\u00eda  suficiente. No le bastaban los 100 mil millones de d\u00f3lares que obligaron a  gastar a un pa\u00eds pobre y subdesarrollado como Cuba. Acusar a Posada Carriles  era acusarse a s\u00ed mismo.<br \/>&#13;<br \/>\n<br \/>&#13;<br \/>\nA lo largo de casi medio siglo, todo era v\u00e1lido  contra nuestra peque\u00f1a isla a 90   millas de sus costas, que deseaba ser independiente. En la Florida se instal\u00f3 la m\u00e1s  grande estaci\u00f3n de inteligencia y subversi\u00f3n que hab\u00eda existido en el planeta. <br \/>&#13;<br \/>\n<br \/>&#13;<br \/>\nNo bastaba la invasi\u00f3n mercenaria de Gir\u00f3n, que  cost\u00f3 a nuestro pueblo 176 muertos y m\u00e1s de 300 heridos cuando los pocos  especialistas de Medicina que nos dejaron no ten\u00edan experiencia en heridas de  guerra. <br \/>&#13;<br \/>\n<br \/>&#13;<br \/>\nAntes hab\u00eda estallado en los muelles del puerto  de La Habana  el buque franc\u00e9s La Coubre,  que transportaba armas y granadas de fabricaci\u00f3n belga para Cuba, causando con  sus dos explosiones, bien sincronizadas, la muerte a m\u00e1s de 100 trabajadores y  heridas a otros muchos en plena faena de salvamento. <br \/>&#13;<br \/>\n<br \/>&#13;<br \/>\nNo bastaba la Crisis de Octubre de 1962, que llev\u00f3 al mundo al  borde l\u00edmite de una guerra termonuclear total, cuando ya exist\u00edan bombas 50  veces m\u00e1s poderosas que las que estallaron sobre Hiroshima y Nagasaki.<br \/>&#13;<br \/>\n<br \/>&#13;<br \/>\nNo bastaba la introducci\u00f3n en nuestro pa\u00eds de  virus, bacterias y hongos contra plantaciones y reba\u00f1os, e incluso, aunque  parezca incre\u00edble, contra seres humanos. De laboratorios norteamericanos  salieron algunos de estos pat\u00f3genos para ser trasladados a Cuba por terroristas  bien conocidos al servicio del gobierno de Estados Unidos.<br \/>&#13;<br \/>\n<br \/>&#13;<br \/>\nA todo esto se a\u00f1ade la enorme injusticia de  mantener en prisi\u00f3n a cinco heroicos patriotas que, por suministrar informaci\u00f3n  sobre las actividades terroristas, fueron condenados de forma fraudulenta a  sanciones que alcanzan hasta dos cadenas perpetuas, y soportan estoicamente,  cada uno de ellos en c\u00e1rceles diferentes, crueles maltratos.<br \/>&#13;<br \/>\n<br \/>&#13;<br \/>\nM\u00e1s de una vez el pueblo cubano ha desafiado sin  vacilar el peligro de morir. Demostr\u00f3 que con inteligencia, usando t\u00e1cticas y estrategias  adecuadas, especialmente estrechando la unidad en torno a su vanguardia  pol\u00edtica y social, no habr\u00e1 fuerza en el mundo capaz de vencerlo.<br \/>&#13;<br \/>\n<br \/>&#13;<br \/>\nPienso que el pr\u00f3ximo Primero de Mayo ser\u00eda el  d\u00eda ideal para que nuestro pueblo, con un m\u00ednimo de gasto en combustible y  medios de transporte, exteriorice sus sentimientos a los trabajadores y los  pobres del mundo. \u2022<\/span><\/p>\n<p>&#13;<\/p>\n<p><span class=\"ttmediao\"><em>Granma<\/em><\/span><br \/>&#13;<br \/>\n  <br \/>&#13;<br \/>\n    <strong class=\"textogrande\"><em>Fidel Castro  Ruz.<\/em><\/strong> <br \/>&#13;<br \/>\n    <br \/>&#13;<br \/>\n    <strong class=\"textopq1\">10 de abril del  2007.<\/strong> <\/p>\n<p>&#13;<\/p>\n<h6> 2007-04-12 04:01:59 <\/h6>\n<p><!--\n<link rel=\"stylesheet\" href=\"css\/bootstrap.min.css\">\n\n\n<ul class=\"pagination\">\n\t    \n\t\n\n<li >\n\t<a href='?page_no=13096'>Previous<\/a>\n\t<\/li>\n\n\n       \n    \n\n<li><a href='?page_no=1'>1<\/a><\/li>\n\n\n\n<li><a href='?page_no=2'>2<\/a><\/li>\n\n\n\n<li><a>...<\/a><\/li>\n\n\n\n<li><a href='?page_no=13095'>13095<\/a><\/li>\n\n\n\n<li><a href='?page_no=13096'>13096<\/a><\/li>\n\n\n\n<li class='active'><a>13097<\/a><\/li>\n\n\n\n<li><a href='?page_no=13098'>13098<\/a><\/li>\n\n\n\n<li><a href='?page_no=13099'>13099<\/a><\/li>\n\n\n\n<li><a>...<\/a><\/li>\n\n\n\n<li><a href='?page_no=13611'>13611<\/a><\/li>\n\n\n\n<li><a href='?page_no=13612'>13612<\/a><\/li>\n\n    \n\t\n\n<li >\n\t<a href='?page_no=13098'>Next<\/a>\n\t<\/li>\n\n\n    \n\n<li><a href='?page_no=13612'>Last &rsaquo;&rsaquo;<\/a><\/li>\n\n<\/ul>\n\n\n--><br \/>\n<\/body><\/p>\n","protected":false},"excerpt":{"rendered":"<p>REFLEXIONES DEL PRESIDENTE FIDEL CASTRO &#13; &#13; La respuesta brutal&#13; &#13; EL m\u00e1s genuino representante de un sistema de terror que ha sido impuesto al mundo por la superioridad tecnol\u00f3gica, econ\u00f3mica y pol\u00edtica de la potencia m\u00e1s poderosa que ha conocido nuestro planeta, es sin duda George W. Bush.&#13; &#13; Compartimos, por ello, la tragedia [&hellip;]<\/p>\n","protected":false},"author":3,"featured_media":0,"comment_status":"open","ping_status":"open","sticky":false,"template":"","format":"standard","meta":{"footnotes":""},"categories":[16],"tags":[],"class_list":["post-37322","post","type-post","status-publish","format-standard","hentry","category-opiniones"],"_links":{"self":[{"href":"https:\/\/diariodominicano.com\/index.php?rest_route=\/wp\/v2\/posts\/37322","targetHints":{"allow":["GET"]}}],"collection":[{"href":"https:\/\/diariodominicano.com\/index.php?rest_route=\/wp\/v2\/posts"}],"about":[{"href":"https:\/\/diariodominicano.com\/index.php?rest_route=\/wp\/v2\/types\/post"}],"author":[{"embeddable":true,"href":"https:\/\/diariodominicano.com\/index.php?rest_route=\/wp\/v2\/users\/3"}],"replies":[{"embeddable":true,"href":"https:\/\/diariodominicano.com\/index.php?rest_route=%2Fwp%2Fv2%2Fcomments&post=37322"}],"version-history":[{"count":0,"href":"https:\/\/diariodominicano.com\/index.php?rest_route=\/wp\/v2\/posts\/37322\/revisions"}],"wp:attachment":[{"href":"https:\/\/diariodominicano.com\/index.php?rest_route=%2Fwp%2Fv2%2Fmedia&parent=37322"}],"wp:term":[{"taxonomy":"category","embeddable":true,"href":"https:\/\/diariodominicano.com\/index.php?rest_route=%2Fwp%2Fv2%2Fcategories&post=37322"},{"taxonomy":"post_tag","embeddable":true,"href":"https:\/\/diariodominicano.com\/index.php?rest_route=%2Fwp%2Fv2%2Ftags&post=37322"}],"curies":[{"name":"wp","href":"https:\/\/api.w.org\/{rel}","templated":true}]}}