{"id":37320,"date":"2007-04-12T21:28:07","date_gmt":"2007-04-12T21:28:07","guid":{"rendered":"http:\/\/diariodominicano.ddns.net\/?p=37320"},"modified":"2007-04-12T21:28:07","modified_gmt":"2007-04-12T21:28:07","slug":"brasil-heroes-y-victimas-de-la-antireforma-agraria","status":"publish","type":"post","link":"https:\/\/diariodominicano.com\/?p=37320","title":{"rendered":"Brasil: H\u00e9roes y v\u00edctimas de la antireforma agraria"},"content":{"rendered":"<p><body><\/p>\n<p class=\"titulogrande1\"><em>Brasil: H\u00e9roes y v\u00edctimas de la antireforma agraria<\/em><\/p>\n<p>&#13;<\/p>\n<p class=\"textogrande\"><em>Tom\u00e1s Balduino<\/em><\/p>\n<p>&#13;<\/p>\n<p align=\"justify\"><em><strong>ALAI AMLATINA, 11\/04\/2007, Sao Paulo.-<\/strong><\/em> <span class=\"text1noticias\">Les presento un  peque\u00f1o h\u00e9roe: se llama Eduardo Sousa Pereira J\u00fanior. Tiene 9 a\u00f1os. Desde los  tres meses de edad hasta hoy vive con su padre, Eduardo, y su madre,  Maria Aparecida, en el campamento \u201cGurita\u201d, en el municipio de  Jata\u00ed, Goi\u00e1s (Brasil), bajo la lona negra, entre la cerca del latifundio  y la autopista, a la espera de la tierra, junto a otras familias.  Vio y oy\u00f3 muchas cosas. Desde las amenazadoras visitas de la polic\u00eda y  de los malhechores, hasta los insultos provenientes de los carros  en tr\u00e1nsito. <br \/>&#13;<br \/>\n  <br \/>&#13;<br \/>\nVive la dureza inenarrable del d\u00eda a d\u00eda. Esta es su  infancia. Adem\u00e1s es el polvo, el sereno, la tos. Eduardo es un peque\u00f1o antih\u00e9roe  de la antireforma agraria.<\/span><\/p>\n<p>&#13;<\/p>\n<p align=\"justify\" class=\"text1noticias\">Hay tambi\u00e9n el personal de la ca\u00f1a. Seg\u00fan una indagaci\u00f3n de  la Delegaci\u00f3n Regional del Trabajo (DRT) de S\u00e3o Paulo,  murieron, en este Estado, 416 trabajadores rurales en 2005 en el sector  azucarero-alcohol. Es preocupante la incidencia del agotamiento y de los  calambres entre las causas de algunas muertes, siendo que el m\u00e1s viejo ten\u00eda  55 a\u00f1os. Estos y otros son h\u00e9roes y v\u00edctimas de la actual pol\u00edtica  agraria.<\/p>\n<p>&#13;<\/p>\n<p align=\"justify\" class=\"text1noticias\">\u00bfEstar\u00eda, entonces, en curso una antireforma agraria en  nuestro pa\u00eds?<br \/>&#13;<br \/>\n  <br \/>&#13;<br \/>\n  Hay dos datos que van en esta direcci\u00f3n: en primero lugar el  no cumplimiento de la constitucional \u201cfunci\u00f3n social de la  propiedad\u201d. En segundo lugar la nueva mega-pol\u00edtica energ\u00e9tica  gubernamental del agro-combustible.<\/p>\n<p>&#13;<\/p>\n<p align=\"justify\" class=\"text1noticias\">La constituci\u00f3n brasile\u00f1a de 1988 produjo una joya de las  m\u00e1s luminosas, digna de esta \u201cCarta ciudadana\u201d, a saber, la \u201cfunci\u00f3n social  de la propiedad\u201d. Y esto figura en el t\u00edtulo fundacional de los  \u201cDerechos y Garant\u00edas Fundamentales\u201d, donde, en el \u00edtem XXIII se dice:  \u201cla propiedad responder\u00e1 a su funci\u00f3n social\u201d. Estamos, de hecho, ante una  innovaci\u00f3n jur\u00eddica copernicana. En la Carta de Ribeir\u00e3o Preto, los miembros del Ministerio P\u00fablico Provincial y Federal, en el seminario  sobre \u201cEl Medioambiente y Reforma Agraria\u201d, del 13 de diciembre de  1999, respecto de esta preciosidad constitucional, con admirable solidez  jur\u00eddica declaran lo siguiente: \u201cLa funci\u00f3n social define el derecho  de propiedad. La funci\u00f3n social no es una limitaci\u00f3n del uso de  la propiedad, ella es el elemento esencial interno que sustenta  la definici\u00f3n de la propiedad. La funci\u00f3n social es elemento  del contenido del derecho de propiedad\u201d. Es el fin, por tanto, del nefasto  derecho absoluto de la propiedad privada.<\/p>\n<p>&#13;<\/p>\n<p align=\"justify\" class=\"text1noticias\">La   Constituci\u00f3n asumi\u00f3 un mecanismo de garant\u00eda de esta funci\u00f3n  social y tambi\u00e9n del establecimiento del ordenamiento agrario. Se  trata de la \u201cexpropiaci\u00f3n por inter\u00e9s social, para fines de reforma  agraria, del predio rural que no est\u00e9 cumpliendo su funci\u00f3n social\u201d (Art.  184). Pero, desgraciadamente, a lo que asistimos es al abandono de la  tierra por parte del poder Ejecutivo ante la voracidad de la  privatizaci\u00f3n nacional y extranjera. Incluso ante la presi\u00f3n para revisar los  \u00edndices de productividad para cumplir el t\u00edmido plan de reforma agraria,  el Gobierno prefiere comprar la tierra antes que dar paso a la expropiaci\u00f3n. Y el poder judicial, salvo honrosas  excepciones, no hace otra cosa que garantizar la defensa del latifundio a trav\u00e9s  de una industria de providencias contra las expropiaciones y la  condena de los l\u00edderes de los movimientos sociales. En 2006 fueron  desalojadas de la tierra 19.449 familias.<\/p>\n<p>&#13;<\/p>\n<p align=\"justify\" class=\"text1noticias\">El 80% de las expropiaciones realizadas en los \u00faltimos 10  a\u00f1os fue obtenido gracias a las ocupaciones de tierra por las  organizaciones campesinas. Sin esto, la figura de la expropiaci\u00f3n ya ser\u00eda  letra muerta. Sin embargo, la bancada rural del Congreso,  ciegamente apegada al latifundio, ya anda articulando, soterradamente, la  criminalizaci\u00f3n de la ocupaci\u00f3n de tierra como terrorismo y, por tanto, como  \u201ccrimen perverso\u201d.<\/p>\n<p>&#13;<\/p>\n<p align=\"justify\" class=\"text1noticias\">La omisi\u00f3n de la garant\u00eda de la funci\u00f3n social de la  propiedad mediante la expropiaci\u00f3n viola abiertamente la Carta Magna de manera  fundamental. \u00bfEsta fractura de la funci\u00f3n social no tipifica un crimen de responsabilidad del Estado?<\/p>\n<p>&#13;<\/p>\n<p align=\"justify\" class=\"text1noticias\">La reforma agraria, siempre abundante en el discurso  demag\u00f3gico gubernamental y escasa en la pr\u00e1ctica, hoy desapareci\u00f3 hasta  del discurso. Los c\u00e1lculos, todav\u00eda no divulgados, estiman que  en 2006 han sido asentadas tan s\u00f3lo cerca de 40 mil nuevas familias.  Como los recursos presupuestados para 2007 son pr\u00e1cticamente los  mismos irrisorios de 2006, no se puede esperar ning\u00fan avance  significativo en t\u00e9rminos de nuevos asentamientos de reforma agraria. Es la  pr\u00e1ctica descarada de la antireforma agraria.<\/p>\n<p>&#13;<\/p>\n<p align=\"justify\" class=\"text1noticias\">\u00bfY el \u201cagro-combustible\u201d? Aqu\u00ed, al contrario, el dinero  corre suelto, comenzando con el perd\u00f3n de miles de millones a las usinas.  En uno de los per\u00edodos m\u00e1s lucrativos para las usinas de ca\u00f1a de  az\u00facar en el pa\u00eds, el Banco do Brasil concedi\u00f3 al sector un perd\u00f3n de  deudas superior a mil millones de reales (m\u00e1s de 450 millones de d\u00f3lares),  seg\u00fan documentos obtenidos y publicados por la Folha de S\u00e3o Paulo.<\/p>\n<p>&#13;<\/p>\n<p align=\"justify\" class=\"text1noticias\">Ahora, con las alianzas con el gran capital internacional,  sobre todo el estadounidense, en raz\u00f3n del agro-negocio de la energ\u00eda  llamada \u201climpia\u201d, el ritmo de implantaciones de usinas de etanol en  el pa\u00eds, con los respectivos ca\u00f1averales, es en promedio de una al mes  hasta el 2010. Es grande, consecuentemente, el desplazamiento hacia la  tierra, sobre todo la tierra con manantiales, por parte de empresas  nacionales y extranjeras. Nunca la tierra estuvo tan valorizada. <br \/>&#13;<br \/>\n    <br \/>&#13;<br \/>\n  \u00bfC\u00f3mo  queda, entonces, la reforma agraria que ven\u00eda implement\u00e1ndose bajo  la f\u00f3rmula de la compra de la tierra y con escasos recursos? \u00bfC\u00f3mo  queda la soberan\u00eda territorial?<\/p>\n<p>&#13;<\/p>\n<p align=\"justify\" class=\"text1noticias\">Asimismo, surge la cuesti\u00f3n de la soberan\u00eda alimentaria. Se  trata del derecho de acceso a la tierra, al territorio, a las  semillas; se trata del derecho a alimentarse de acuerdo con la propia cultura.  En efecto, la propuesta, incluso tentadora, de incorporar la  agricultura familiar en ese gran proyecto del etanol con la expectativa de la  diversificaci\u00f3n de la cultura, est\u00e1 resultando, al contrario, en la p\u00e9rdida  de la peque\u00f1a propiedad incorporada al latifundio de la ca\u00f1a bajo  la forma de alquiler pagado anticipadamente. Este dinero se gasta y,  luego, la familia no consigue recuperar su tierra arrasada por el  monocultivo. En esto hasta los quilombolas (asentamientos afros) y los indios  est\u00e1n sucumbiendo. Ma\u00f1ana no faltar\u00e1n tanques llenos a expensas de  barrigas vac\u00edas.<\/p>\n<p>&#13;<\/p>\n<p align=\"justify\" class=\"text1noticias\">Mucho se pregona la multiplicaci\u00f3n del empleo. Hay, de  hecho, una carrera en desbandada hacia los ca\u00f1averales, semejante a la  que va en busca de minas. Muchas escuelas del Nordeste se cerraron  porque los alumnos migraron al corte de ca\u00f1a. Gente de toda  procedencia, de la ciudad y tambi\u00e9n del campo, ocupantes, peque\u00f1os productores,  hasta asentados. El trabajo existe, s\u00ed, pero con un cuadro sombr\u00edo  por delante. El trabajador, estimulado a competir con las  m\u00e1quinas, trata a veces de cortar de 12 a 20 toneladas de ca\u00f1a por d\u00eda. Pero las  m\u00e1quinas, temidas por los cortadores de ca\u00f1a, est\u00e1n llegando para  quedarse. Finalmente, ni trabajo, ni tierra, ni reforma agraria. Queda  la antireforma agraria.<\/p>\n<p>&#13;<\/p>\n<p align=\"justify\" class=\"text1noticias\">Felizmente las organizaciones sociales est\u00e1n ahora  reaccionando, despu\u00e9s de un tiempo de par\u00e1lisis, ante la expectativa del sue\u00f1o de  cambios a partir del Gobierno. Es hora, pues, de la reforma que nos  restituya un Estado estructurado para cumplir su verdadera raz\u00f3n de ser,  al servicio del pueblo, en lugar del Estado que est\u00e1 ah\u00ed, al servicio  del empresariado capitalista. (Traducci\u00f3n ALAI)<\/p>\n<p>&#13;<\/p>\n<p align=\"justify\" class=\"text1noticias\"><strong>Mons. Tom\u00e1s Balduino es Consejero Permanente de la Comisi\u00f3n Pastoral de la Tierra  y Obispo-em\u00e9rito de la Ciudad  de Goi\u00e1s.<\/strong><\/p>\n<p>&#13;<\/p>\n<h6> 2007-04-12 21:28:07 <\/h6>\n<p><!--\n<link rel=\"stylesheet\" href=\"css\/bootstrap.min.css\">\n\n\n<ul class=\"pagination\">\n\t    \n\t\n\n<li >\n\t<a href='?page_no=13094'>Previous<\/a>\n\t<\/li>\n\n\n       \n    \n\n<li><a href='?page_no=1'>1<\/a><\/li>\n\n\n\n<li><a href='?page_no=2'>2<\/a><\/li>\n\n\n\n<li><a>...<\/a><\/li>\n\n\n\n<li><a href='?page_no=13093'>13093<\/a><\/li>\n\n\n\n<li><a href='?page_no=13094'>13094<\/a><\/li>\n\n\n\n<li class='active'><a>13095<\/a><\/li>\n\n\n\n<li><a href='?page_no=13096'>13096<\/a><\/li>\n\n\n\n<li><a href='?page_no=13097'>13097<\/a><\/li>\n\n\n\n<li><a>...<\/a><\/li>\n\n\n\n<li><a href='?page_no=13611'>13611<\/a><\/li>\n\n\n\n<li><a href='?page_no=13612'>13612<\/a><\/li>\n\n    \n\t\n\n<li >\n\t<a href='?page_no=13096'>Next<\/a>\n\t<\/li>\n\n\n    \n\n<li><a href='?page_no=13612'>Last &rsaquo;&rsaquo;<\/a><\/li>\n\n<\/ul>\n\n\n--><br \/>\n<\/body><\/p>\n","protected":false},"excerpt":{"rendered":"<p>Brasil: H\u00e9roes y v\u00edctimas de la antireforma agraria &#13; Tom\u00e1s Balduino &#13; ALAI AMLATINA, 11\/04\/2007, Sao Paulo.- Les presento un peque\u00f1o h\u00e9roe: se llama Eduardo Sousa Pereira J\u00fanior. Tiene 9 a\u00f1os. Desde los tres meses de edad hasta hoy vive con su padre, Eduardo, y su madre, Maria Aparecida, en el campamento \u201cGurita\u201d, en el [&hellip;]<\/p>\n","protected":false},"author":3,"featured_media":0,"comment_status":"open","ping_status":"open","sticky":false,"template":"","format":"standard","meta":{"footnotes":""},"categories":[16],"tags":[],"class_list":["post-37320","post","type-post","status-publish","format-standard","hentry","category-opiniones"],"_links":{"self":[{"href":"https:\/\/diariodominicano.com\/index.php?rest_route=\/wp\/v2\/posts\/37320","targetHints":{"allow":["GET"]}}],"collection":[{"href":"https:\/\/diariodominicano.com\/index.php?rest_route=\/wp\/v2\/posts"}],"about":[{"href":"https:\/\/diariodominicano.com\/index.php?rest_route=\/wp\/v2\/types\/post"}],"author":[{"embeddable":true,"href":"https:\/\/diariodominicano.com\/index.php?rest_route=\/wp\/v2\/users\/3"}],"replies":[{"embeddable":true,"href":"https:\/\/diariodominicano.com\/index.php?rest_route=%2Fwp%2Fv2%2Fcomments&post=37320"}],"version-history":[{"count":0,"href":"https:\/\/diariodominicano.com\/index.php?rest_route=\/wp\/v2\/posts\/37320\/revisions"}],"wp:attachment":[{"href":"https:\/\/diariodominicano.com\/index.php?rest_route=%2Fwp%2Fv2%2Fmedia&parent=37320"}],"wp:term":[{"taxonomy":"category","embeddable":true,"href":"https:\/\/diariodominicano.com\/index.php?rest_route=%2Fwp%2Fv2%2Fcategories&post=37320"},{"taxonomy":"post_tag","embeddable":true,"href":"https:\/\/diariodominicano.com\/index.php?rest_route=%2Fwp%2Fv2%2Ftags&post=37320"}],"curies":[{"name":"wp","href":"https:\/\/api.w.org\/{rel}","templated":true}]}}