{"id":37317,"date":"2007-04-12T21:40:43","date_gmt":"2007-04-12T21:40:43","guid":{"rendered":"http:\/\/diariodominicano.ddns.net\/?p=37317"},"modified":"2007-04-12T21:40:43","modified_gmt":"2007-04-12T21:40:43","slug":"las-principales-en-teledebate-98","status":"publish","type":"post","link":"https:\/\/diariodominicano.com\/?p=37317","title":{"rendered":"LAS PRINCIPALES EN TELEDEBATE"},"content":{"rendered":"<p><body><\/p>\n<p><span class=\"titulogrande1\"><em>LAS PRINCIPALES EN TELEDEBATE<\/em><\/span><br \/>&#13;<br \/>\n  <br \/>&#13;<br \/>\n    <span class=\"ttmediao\">Martes 10,04,07<\/span><\/p>\n<p>&#13;<\/p>\n<p align=\"justify\"><em><strong>NO SE REFLEJA. <\/strong><\/em><span class=\"text1noticias\">La Asociaci\u00f3n de  Mayoristas de Provisiones de Santiago se queja de que el crecimiento econ\u00f3mico  sostenido del pa\u00ecs no se ha manifestado sin embargo, en la calidad de vida del  ciudadano com\u00f9n y en la din\u00e1mica del sector comercio que es adonde van a parar  primero los cuartos de la gente.\u00a0 Es una  percepci\u00f3n muy generalizada de que la salud de la macroeconom\u00eda\u00a0 no se ha reflejado igual en el presupuesto  familiar.<\/span><\/p>\n<p>&#13;<\/p>\n<p align=\"justify\"><em><strong>MONTAS VS. PARROCOS.<\/strong><\/em>\u00a0  <span class=\"text1noticias\">Mientras tanto, Tem\u00ecstocles Mont\u00e0s saca la cara por el gobierno frente a  los se\u00f1alamientos de p\u00e1rrocos que oficiaron en el Serm\u00f3n de las Siete Palabras.  El funcionario rechaz\u00f2 que el gobierno est\u00e8 incurriendo en dispendio de los  recursos p\u00fablicos apoy\u00e1ndose en el calificativo de excelente con que el Fondo  Monetario Internacional acaba de evaluar el desempe\u00f1o econ\u00f3mico del pa\u00ecs.<\/span><\/p>\n<p>&#13;<\/p>\n<p align=\"justify\"><em><strong>LA HECATOMBE ECONOMICA.\u00a0<\/strong><\/em> <span class=\"text1noticias\">El funcionario insisti\u00f2 en que la principal  prioridad de la presente administraci\u00f3n es sacar el pa\u00ecs de lo que identific\u00f2  como \u201checatombe econ\u00f3mica\u201d que recibi\u00f2 en herencia, quej\u00e1ndose de que hay  sectores que quieren ir demasiado r\u00e1pido. Mont\u00e0s revel\u00f2 que ha habido un  excedente de 800 millones de pesos en el ingreso p\u00f9blico lo que permitir\u00e0 crear  un fondo de 2 mil 500 para subsidiar el gas y la electricidad.<\/span><\/p>\n<p>&#13;<\/p>\n<p align=\"justify\"><em><strong>DGII: REEMBOLSO, UN NUEVO PRECEDENTE.<\/strong><\/em> <span class=\"text1noticias\">La Direcci\u00f2n General  de Impuestos Internos retornar\u00e0 a exportadores y productores 160 millones de  pesos cobrados por concepto de ITBIS en operaciones que estaban exentas de este  gravamen.\u00a0 El reembolso marca un  precedente, ya que tradicionalmente la autoridad tributaria ten\u00eca como norma no  devolver cantidades cobradas de m\u00e0s sino considarlas como un cr\u00e8dito para  aplicar a futuros impuestos.<\/span><\/p>\n<p>&#13;<\/p>\n<p align=\"justify\"><em><strong>A PONERSE LAS PILAS. <\/strong><\/em><span class=\"text1noticias\">En Santiago se produjo un gran  acumulo de basuras durante la   Semana Santa.\u00a0 Esto  unido a las lluvias que seg\u00fan\u00a0  Meteorolog\u00eda\u00a0 tendremos hoy y  ma\u00f1ana incrementan la contaminaci\u00f3n. Vecinos de numerosos sectores de familias  de bajos recursos se quejan de que hace m\u00e0s de una semana que no pasan los  camiones de recogida.\u00a0 Reclaman del  S\u00ecndico Sued ponerse las pilas antes de que se desaten enfermedades y  epidemias.<\/span><\/p>\n<p>&#13;<\/p>\n<p align=\"justify\"><em><strong>MAS VALE TARDE QUE NUNCA.<\/strong><\/em>\u00a0<span class=\"text1noticias\"> La inclusi\u00f2n del pa\u00ecs en\u00a0 un programa de biocombustibles promovido por  los gobiernos de Brasil y Estados Unidos para la regi\u00f3n del Caribe que tambi\u00e8n  alcanzar\u00e0 a Hait\u00ed, se espera que reporte significativos beneficios a corto  plazo.\u00a0 El proyecto busca desarrollar  fuentes de energ\u00eda no convencional para reducir la dependencia del petr\u00f3leo,  Aunque demorados, m\u00e0s vale tarde que nunca.<\/span><\/p>\n<p>&#13;<\/p>\n<p align=\"justify\"><em><strong>TAMBIEN EL BOT\u00c1NICO.<\/strong><\/em> <span class=\"text1noticias\">Por no quedarse atr\u00e0s el Jard\u00edn  Bot\u00e1nico ha perdido el setenta porciento de su verja perimetral de hierro,  seg\u00fan denuncia su diligente director Milc\u00ecades Mej\u00eca.\u00a0 Parte de la p\u00e8rdida es fruto de deterioro que  no se ha podido reparar por falta de fondos, pero tambi\u00e8n otra porci\u00f2n  importante ha sido consecuencia de las bandas dedicadas al robo de metales. El  Bot\u00e1nico es uno de esos sitios especiales que es preciso preservar.<\/span><\/p>\n<p>&#13;<\/p>\n<p align=\"justify\"><em><strong>PERIODISMO: PROFESI\u00d3N RIESGOSA.<\/strong><\/em>\u00a0<span class=\"text1noticias\"> Importante y oportuno el seminario que sobre  Riesgos y Etica en el Periodismo ofrecer\u00e1n la Sociedad Interamericana  de Prensa y el Centro para la   Libertad de Expresi\u00f3n en la Rep\u00f9blica Dominicana.\u00a0 La profesi\u00f3n period\u00edstica es una de las  peligrosas que existen, sobre todo cuando se ejerce con \u00e8tica y sentido de  responsabilidad. La mejor prueba es la cantidad de periodista que han pagado  con su vida sus trabajos sobre corrupci\u00f2n y narcotr\u00e1fico principalmente.<\/span><\/p>\n<p>&#13;<\/p>\n<p align=\"justify\"><em><strong>SEXO Y EMBARAZOS PREMATUROS.\u00a0<\/strong><\/em><span class=\"text1noticias\"> Preocupante en grado sumo el caso de las  adolescentes embarazadas en nuestro pa\u00ecs.\u00a0  El problema del sexo y la maternidad prematuras tienen implicaciones  personales, familiares, econ\u00f3micas y sociales pero tambi\u00e8n de salud.\u00a0 Las estad\u00edsticas establecen\u00a0 de manera di\u00e1fana que el alto riesgo que  corren las embaradas de corta edad, donde resulta mucho mayor el \u00edndice de  muertes maternas.<\/span><\/p>\n<p>&#13;<\/p>\n<p align=\"justify\"><em><strong>MANTENGAN LA CALMA. <\/strong><\/em><span class=\"text1noticias\">El PLD se encuentra a solo 25 d\u00ecas del  momento en que deber\u00e0 escoger su candidato presidencial para las elecciones del  2007.\u00a0 En el tramo final resulta m\u00e0s que  seguro que los aspirantes a representar al partido morado en el torneo habr\u00e0n  de apurar la marcha.\u00a0 Es de esperar que  sin embargo, no aumenten de tono el discurso que en alg\u00fan que otro caso, ha  resultado incendiario y dejado mal sabor entre sus seguidores.<\/span><\/p>\n<p>&#13;<\/p>\n<p align=\"justify\"><em><strong>SOLANO: CUMPLEA\u00d1OS DEL MAESTRO. <\/strong><\/em><span class=\"text1noticias\">Hoy est\u00e0 de d\u00ecas el  gran maestro Rafael Solano.\u00a0 Son setenta  y seis abriles los que cumple el laureado e inspirado compositor, autor de ese  hermoso himno al m\u00e0s hermoso sentimiento que anida el coraz\u00f3n humano que es  \u201cPor Amor\u201d.\u00a0 Desde aqu\u00ec le enviamos un  cumplea\u00f1os feliz y el deseo sincero de que sean muchos m\u00e0s regal\u00e1ndonos su  talento y su m\u00fasica.<\/span><\/p>\n<p>&#13;<\/p>\n<p align=\"justify\"><em><strong>PERDIDA.<\/strong><\/em> <span class=\"text1noticias\">El mi\u00e9rcoles Santo se nos fue el doctor  Eduardo Roed\u00e0n, uno de nuestros m\u00e0s prestigiosos cirujanos gastroenter\u00f2logos.  Militar de carrera que alcanz\u00f2 el grado de general, Roed\u00e0n fue fundador y  presidente por muchos a\u00f1os del Grupo M\u00e8dico Asociado.\u00a0 Llam\u00f2 la atenci\u00f3n que esta entidad no public\u00f2  ninguna esquela. Quienes pensaban que la mezquindad se detiene a las puertas de  la muerte, al parecer estaban equivocados de medio a medio. Repose en paz.<\/span><\/p>\n<p>&#13;<\/p>\n<h6> 2007-04-12 21:40:43 <\/h6>\n<p><!--\n<link rel=\"stylesheet\" href=\"css\/bootstrap.min.css\">\n\n\n<ul class=\"pagination\">\n\t    \n\t\n\n<li >\n\t<a href='?page_no=13091'>Previous<\/a>\n\t<\/li>\n\n\n       \n    \n\n<li><a href='?page_no=1'>1<\/a><\/li>\n\n\n\n<li><a href='?page_no=2'>2<\/a><\/li>\n\n\n\n<li><a>...<\/a><\/li>\n\n\n\n<li><a href='?page_no=13090'>13090<\/a><\/li>\n\n\n\n<li><a href='?page_no=13091'>13091<\/a><\/li>\n\n\n\n<li class='active'><a>13092<\/a><\/li>\n\n\n\n<li><a href='?page_no=13093'>13093<\/a><\/li>\n\n\n\n<li><a href='?page_no=13094'>13094<\/a><\/li>\n\n\n\n<li><a>...<\/a><\/li>\n\n\n\n<li><a href='?page_no=13611'>13611<\/a><\/li>\n\n\n\n<li><a href='?page_no=13612'>13612<\/a><\/li>\n\n    \n\t\n\n<li >\n\t<a href='?page_no=13093'>Next<\/a>\n\t<\/li>\n\n\n    \n\n<li><a href='?page_no=13612'>Last &rsaquo;&rsaquo;<\/a><\/li>\n\n<\/ul>\n\n\n--><br \/>\n<\/body><\/p>\n","protected":false},"excerpt":{"rendered":"<p>LAS PRINCIPALES EN TELEDEBATE&#13; &#13; Martes 10,04,07 &#13; NO SE REFLEJA. La Asociaci\u00f3n de Mayoristas de Provisiones de Santiago se queja de que el crecimiento econ\u00f3mico sostenido del pa\u00ecs no se ha manifestado sin embargo, en la calidad de vida del ciudadano com\u00f9n y en la din\u00e1mica del sector comercio que es adonde van a [&hellip;]<\/p>\n","protected":false},"author":3,"featured_media":0,"comment_status":"open","ping_status":"open","sticky":false,"template":"","format":"standard","meta":{"footnotes":""},"categories":[16],"tags":[],"class_list":["post-37317","post","type-post","status-publish","format-standard","hentry","category-opiniones"],"_links":{"self":[{"href":"https:\/\/diariodominicano.com\/index.php?rest_route=\/wp\/v2\/posts\/37317","targetHints":{"allow":["GET"]}}],"collection":[{"href":"https:\/\/diariodominicano.com\/index.php?rest_route=\/wp\/v2\/posts"}],"about":[{"href":"https:\/\/diariodominicano.com\/index.php?rest_route=\/wp\/v2\/types\/post"}],"author":[{"embeddable":true,"href":"https:\/\/diariodominicano.com\/index.php?rest_route=\/wp\/v2\/users\/3"}],"replies":[{"embeddable":true,"href":"https:\/\/diariodominicano.com\/index.php?rest_route=%2Fwp%2Fv2%2Fcomments&post=37317"}],"version-history":[{"count":0,"href":"https:\/\/diariodominicano.com\/index.php?rest_route=\/wp\/v2\/posts\/37317\/revisions"}],"wp:attachment":[{"href":"https:\/\/diariodominicano.com\/index.php?rest_route=%2Fwp%2Fv2%2Fmedia&parent=37317"}],"wp:term":[{"taxonomy":"category","embeddable":true,"href":"https:\/\/diariodominicano.com\/index.php?rest_route=%2Fwp%2Fv2%2Fcategories&post=37317"},{"taxonomy":"post_tag","embeddable":true,"href":"https:\/\/diariodominicano.com\/index.php?rest_route=%2Fwp%2Fv2%2Ftags&post=37317"}],"curies":[{"name":"wp","href":"https:\/\/api.w.org\/{rel}","templated":true}]}}