{"id":37316,"date":"2007-04-17T15:11:33","date_gmt":"2007-04-17T15:11:33","guid":{"rendered":"http:\/\/diariodominicano.ddns.net\/?p=37316"},"modified":"2007-04-17T15:11:33","modified_gmt":"2007-04-17T15:11:33","slug":"el-tiro-rapido-403","status":"publish","type":"post","link":"https:\/\/diariodominicano.com\/?p=37316","title":{"rendered":"EL TIRO RAPIDO"},"content":{"rendered":"<p><body><\/p>\n<p><span class=\"titulogrande1\"><em>EL TIRO RAPIDO<\/em><\/span><br \/>&#13;<br \/>\n  <br \/>&#13;<br \/>\n    <span class=\"textopq1\"><em>de<\/em><\/span><br \/>&#13;<br \/>\n  <br \/>&#13;<br \/>\n  <span class=\"ttmediao\"><em>Mario  Rivadulla<\/em><\/span><\/p>\n<p>&#13;<\/p>\n<p align=\"justify\" class=\"text1noticias\">Hoy tuvimos oportunidad de asistir al encuentro ofrecido  por Educaci\u00f3n para la Cultura, EDUCA, y la Compa\u00f1\u00eca Azucarera de Empresas  Industriales, CAEI, del Grupo Vicini, donde se presentaron los resultados del  primer aniversario del programa de Mejoramiento para la Educaci\u00f3n B\u00e1sica en el  \u00e0rea de influencia de los ingenios Crist\u00f3bal Col\u00f2n,Angelina y Caei,<\/p>\n<p>&#13;<\/p>\n<p align=\"justify\" class=\"text1noticias\">Los resultados de este proyecto que responde a una alianza  y esfuerzo conjunto desplegado entre EDUCA y CAEI en tan solo doce meses, no  pueden resultar m\u00e0s estimulantes y promisorios.\u00a0  As\u00ec como una gr\u00e0fica, seg\u00f9n los chinos, dice m\u00e0s que mil palabras, los  n\u00fameros acumulados por el programa tambi\u00e8n resultan m\u00e0s convincentes que  cualquier expresi\u00f2n verbal.<\/p>\n<p>&#13;<\/p>\n<p align=\"justify\" class=\"text1noticias\">El programa que cuenta tambi\u00e8n con el apoyo de FUDECO, F\u00e8  y Alegr\u00eca y el IDEI, todas entidades reconocidas dedicadas a mejorar la calidad  de vida de la gente, abarca un total de 27 escuelas. El personal especializado  a cargo est\u00e0 integrado por cuatro directores, 23 docentes y 45 maestros.\u00a0 El total de ni\u00f1os que recibe la educaci\u00f3n  b\u00e1sica en esos planteles es de 3 mil ciento 20.\u00a0  Todos los menores, dominicanos y haitianos,\u00a0 son hijos de trabajadores y de residentes en  tierras que pertenecen a los ingenios Col\u00f2n, Angelina y Caei y constituyen su  entorno y \u00e0rea de incidencia. <\/p>\n<p>&#13;<\/p>\n<p align=\"justify\" class=\"text1noticias\">Estos planteles han sido f\u00edsicamente remodelados y  todos\u00a0 dotados de excelentes materiales  educativos que permiten impartir un adecuado nivel de ense\u00f1anza.\u00a0\u00a0\u00a0 Cuentan a la vez\u00a0 con educadores firmemente comprometidos con  su trabajo quienes, adem\u00e1s, disfrutan de seminarios y eventos de capacitaci\u00f2n  que los mantienen muy al d\u00eca en el ejercicio del magisterio.<\/p>\n<p>&#13;<\/p>\n<p align=\"justify\" class=\"text1noticias\">Impresionan y conmueven las escenas de un video que  acompa\u00f1\u00f2 la presentaci\u00f3n, donde se aprecian el estado f\u00edsico de las escuelas,  el mobiliario y materiales educativos de que est\u00e0n dotadas, la limpieza que  reina en su interior, la disciplina que reina en las aulas, los ni\u00f1os y ni\u00f1as  con sus uniformes limpios y planchados, quienes adem\u00e1s reciben un nutritivo  desayuno, el entusiasmo y dedicaci\u00f3n de los maestros as\u00ec como la aplicaci\u00f3n y  rostros interesados y esperanzados de los alumnos.<\/p>\n<p>&#13;<\/p>\n<p align=\"justify\" class=\"text1noticias\">Llama la atenci\u00f3n, y en este punto hizo especial \u00e9nfasis  el licenciado Campos de Moya, Vicepresidente de Comunicaciones Corporativas e  Institucionales del Grupo Vicini, la directa involucraci\u00f2n de la empresa CAEI  con el proyecto.\u00a0 Esta no se ha limitado  a financiar el mismo sino que ejecutivos de la empresa participan de manera  diligente y constante en la buena marcha del sistema.\u00a0 El alto funcionario adelant\u00f2 que el proyecto  no s\u00f2lo se limitar\u00e0 a los hijos de los trabajadores de los ingenios propiedad  de CAEI. Tambi\u00e8n incluir\u00e0\u00a0 a \u00e8stos a fin  de que puedan mejorar sus niveles de escolaridad y capacitaci\u00f2n.<\/p>\n<p>&#13;<\/p>\n<p align=\"justify\" class=\"text1noticias\">Aqu\u00ec, donde por desgracia tenemos que comentar con tanta  frecuencia sucesos negativos, constituye un par\u00e9ntesis refrescante y  estimulante, poder destacar una acci\u00f2n tan positiva y prometedora en \u00e0reas  tradicionalmente deprimidas.<\/p>\n<p>&#13;<\/p>\n<p align=\"justify\" class=\"text1noticias\">Su acci\u00f2n constituye un ejemplo de lo que pueden lograr la  alianza entre el sector privado y el p\u00f9blico con la asistencia valiosa de  instituciones como EDUCA.\u00a0 El mismo  debiera servir de emulaci\u00f3n a otras muchas empresas para que, a su vez, en sus  respectivas comunidades,\u00a0 desplieguen  esfuerzos similares en lo que constituye la mejor inversi\u00f2n de car\u00e1cter social  y econ\u00f2mico,\u00a0 como lo es apoyar el  desarrollo de la educaci\u00f3n nacional.<\/p>\n<p>&#13;<\/p>\n<p align=\"justify\" class=\"text1noticias\">Esta, lo hemos dicho muchas veces y continuaremos  repiti\u00e9ndolo, es la herramienta indispensable para construir un futuro m\u00e0s  promisorio para el pa\u00ecs, la mejor naci\u00f2n a que aspiramos y tenemos derecho si  nos dedicamos a esa tarea, comenzando por hacer un firme compromiso con la  educaci\u00f2n que solo puede traducirse en mejor calidad de vida y bienestar para  mayor cantidad de dominicanos.<\/p>\n<p>&#13;<\/p>\n<p align=\"justify\" class=\"text1noticias\">(TELEDEBATE, Canal  23,Telefuturo. Cubriendo todo el pa\u00ecs v\u00eca sat\u00e9lite y hacia el exterior, en vivo  y directo, a trav\u00e8s de Internet. Comentario del viernes 13,2007).<\/p>\n<p>&#13;<\/p>\n<h6> 2007-04-17 15:11:33 <\/h6>\n<p><!--\n<link rel=\"stylesheet\" href=\"css\/bootstrap.min.css\">\n\n\n<ul class=\"pagination\">\n\t    \n\t\n\n<li >\n\t<a href='?page_no=13090'>Previous<\/a>\n\t<\/li>\n\n\n       \n    \n\n<li><a href='?page_no=1'>1<\/a><\/li>\n\n\n\n<li><a href='?page_no=2'>2<\/a><\/li>\n\n\n\n<li><a>...<\/a><\/li>\n\n\n\n<li><a href='?page_no=13089'>13089<\/a><\/li>\n\n\n\n<li><a href='?page_no=13090'>13090<\/a><\/li>\n\n\n\n<li class='active'><a>13091<\/a><\/li>\n\n\n\n<li><a href='?page_no=13092'>13092<\/a><\/li>\n\n\n\n<li><a href='?page_no=13093'>13093<\/a><\/li>\n\n\n\n<li><a>...<\/a><\/li>\n\n\n\n<li><a href='?page_no=13611'>13611<\/a><\/li>\n\n\n\n<li><a href='?page_no=13612'>13612<\/a><\/li>\n\n    \n\t\n\n<li >\n\t<a href='?page_no=13092'>Next<\/a>\n\t<\/li>\n\n\n    \n\n<li><a href='?page_no=13612'>Last &rsaquo;&rsaquo;<\/a><\/li>\n\n<\/ul>\n\n\n--><br \/>\n<\/body><\/p>\n","protected":false},"excerpt":{"rendered":"<p>EL TIRO RAPIDO&#13; &#13; de&#13; &#13; Mario Rivadulla &#13; Hoy tuvimos oportunidad de asistir al encuentro ofrecido por Educaci\u00f3n para la Cultura, EDUCA, y la Compa\u00f1\u00eca Azucarera de Empresas Industriales, CAEI, del Grupo Vicini, donde se presentaron los resultados del primer aniversario del programa de Mejoramiento para la Educaci\u00f3n B\u00e1sica en el \u00e0rea de influencia [&hellip;]<\/p>\n","protected":false},"author":3,"featured_media":0,"comment_status":"open","ping_status":"open","sticky":false,"template":"","format":"standard","meta":{"footnotes":""},"categories":[16],"tags":[],"class_list":["post-37316","post","type-post","status-publish","format-standard","hentry","category-opiniones"],"_links":{"self":[{"href":"https:\/\/diariodominicano.com\/index.php?rest_route=\/wp\/v2\/posts\/37316","targetHints":{"allow":["GET"]}}],"collection":[{"href":"https:\/\/diariodominicano.com\/index.php?rest_route=\/wp\/v2\/posts"}],"about":[{"href":"https:\/\/diariodominicano.com\/index.php?rest_route=\/wp\/v2\/types\/post"}],"author":[{"embeddable":true,"href":"https:\/\/diariodominicano.com\/index.php?rest_route=\/wp\/v2\/users\/3"}],"replies":[{"embeddable":true,"href":"https:\/\/diariodominicano.com\/index.php?rest_route=%2Fwp%2Fv2%2Fcomments&post=37316"}],"version-history":[{"count":0,"href":"https:\/\/diariodominicano.com\/index.php?rest_route=\/wp\/v2\/posts\/37316\/revisions"}],"wp:attachment":[{"href":"https:\/\/diariodominicano.com\/index.php?rest_route=%2Fwp%2Fv2%2Fmedia&parent=37316"}],"wp:term":[{"taxonomy":"category","embeddable":true,"href":"https:\/\/diariodominicano.com\/index.php?rest_route=%2Fwp%2Fv2%2Fcategories&post=37316"},{"taxonomy":"post_tag","embeddable":true,"href":"https:\/\/diariodominicano.com\/index.php?rest_route=%2Fwp%2Fv2%2Ftags&post=37316"}],"curies":[{"name":"wp","href":"https:\/\/api.w.org\/{rel}","templated":true}]}}