{"id":373124,"date":"2022-08-02T00:26:34","date_gmt":"2022-08-02T04:26:34","guid":{"rendered":"http:\/\/diariodominicano.com\/?p=373124"},"modified":"2022-08-02T00:30:07","modified_gmt":"2022-08-02T04:30:07","slug":"jose-ramon-lopez-estudioso-de-la-sociedad-dominicana","status":"publish","type":"post","link":"https:\/\/diariodominicano.com\/?p=373124","title":{"rendered":"Jos\u00e9 Ram\u00f3n L\u00f3pez: estudioso de la sociedad dominicana"},"content":{"rendered":"\n<p>SANTO DOMINGO, el 2 de agosto de 1922, muri\u00f3 el intelectual Jos\u00e9 Ram\u00f3n L\u00f3pez, quien se distingui\u00f3 como un estudioso de la sociedad dominicana. Naci\u00f3 en Montecristi, el 3 de febrero de 1866, hijo de Jos\u00e9 Mar\u00eda L\u00f3pez Escarfulleri y Juana de Lora.<\/p>\n\n\n\n<p>&nbsp;&nbsp;&nbsp; Se educ\u00f3 en Puerto Plata y a temprana edad se dedic\u00f3 al periodismo. A los 18 a\u00f1os fue perseguido pol\u00edtico por el contenido de sus art\u00edculos en El Regenerador\u201d. En el a\u00f1o 1886, escap\u00f3 de la c\u00e1rcel y sali\u00f3 del pa\u00eds.<\/p>\n\n\n\n<p>&nbsp;&nbsp;&nbsp; Trabaj\u00f3 en peri\u00f3dicos de Puerto Rico y Venezuela. &nbsp;Al regresar al pa\u00eds en el a\u00f1o 1897, Jos\u00e9 Ram\u00f3n L\u00f3pez&nbsp; fue colaborador de List\u00edn Diario.<\/p>\n\n\n\n<p>&nbsp;&nbsp; Asimismo, figura entre los principales cuentistas y ensayistas&nbsp; de Rep\u00fablica Dominicana.<\/p>\n\n\n\n<p>&nbsp;&nbsp; Entre sus obras figura el ensayo \u201cLa Alimentaci\u00f3n y las Razas\u201d, en el que trata la pobre alimentaci\u00f3n que se dan los dominicanos.<\/p>\n\n\n\n<p>&nbsp;&nbsp;&nbsp; En opini\u00f3n de Jos\u00e9 Ram\u00f3n L\u00f3pez \u201cdesde que un pueblo comienza a contar entre sus virtudes la facultad de prescindir a menudo del alimento necesario, puede asegurarse que ha entrado en la decadencia\u201d.<\/p>\n\n\n\n<p>&nbsp;&nbsp;&nbsp; Fue un cr\u00edtico de los pol\u00edticos e intelectuales de su \u00e9poca que planteaban ideas para solucionar males nacionales sin ir&nbsp; fondo los problemas.<\/p>\n\n\n\n<p>&nbsp;&nbsp;&nbsp;&nbsp; As\u00ed censur\u00f3 a los que denomin\u00f3 como \u201cLos predicadores de la paz\u201d , al sostener \u201cEs una \u00f1o\u00f1er\u00eda infantil entonar la cantinela de la paz a quien est\u00e1 abajo sufriendo el l\u00e1tigo de los de arriba mientras la organizaci\u00f3n social, inspirada en el feudalismo que trajeron el&nbsp; tu\u00e9tano los Conquistadores, le mantiene aherrojado o impotente contra el adversario triunfador, a quien no animan otros sentimientos que los que hicieron exclamar a Breno en el terrible momento de la victoria: \u201chay de los vencidos\u201d.<\/p>\n\n\n\n<p>&nbsp;&nbsp;&nbsp; Para Jos\u00e9 Ram\u00f3n L\u00f3pez fue de inquietud la extrema pobreza. As\u00ed advert\u00eda:<\/p>\n\n\n\n<p>&nbsp;&nbsp;&nbsp; \u201cAqu\u00ed predominan las largu\u00edsimas familias cuyos troncos son la Miseria, la Ignorancia y la Soberbia. Esos tres elementos llenan y rebosan&nbsp; el ambiente del pa\u00eds\u201d.<\/p>\n\n\n\n<p>Jos\u00e9 Ram\u00f3n L\u00f3pez,\u00a0 sosten\u00eda el criterio de que el nivel moral e intelectual de la poblaci\u00f3n nacional debe ser elevado por el conjunto de esfuerzos de los factores econ\u00f3micos; pol\u00edticos y educacionales.<\/p>\n\n\n\n<figure class=\"wp-block-embed is-type-wp-embed is-provider-diario-dominicano wp-block-embed-diario-dominicano\"><div class=\"wp-block-embed__wrapper\">\n<blockquote class=\"wp-embedded-content\" data-secret=\"rOSjDjZPtz\"><a href=\"https:\/\/diariodominicano.com\/?p=373121\">Muere en la Habana el educador dominicano Manuel de Jes\u00fas de Pe\u00f1a y Reynoso<\/a><\/blockquote><iframe loading=\"lazy\" class=\"wp-embedded-content\" sandbox=\"allow-scripts\" security=\"restricted\" style=\"position: absolute; visibility: hidden;\" title=\"\u00abMuere en la Habana el educador dominicano Manuel de Jes\u00fas de Pe\u00f1a y Reynoso\u00bb \u2014 Diario Dominicano\" src=\"https:\/\/diariodominicano.com\/?p=373121&#038;embed=true#?secret=EuTHTTMXrx#?secret=rOSjDjZPtz\" data-secret=\"rOSjDjZPtz\" width=\"600\" height=\"338\" frameborder=\"0\" marginwidth=\"0\" marginheight=\"0\" scrolling=\"no\"><\/iframe>\n<\/div><\/figure>\n\n\n\n<figure class=\"wp-block-embed is-type-wp-embed is-provider-diario-dominicano wp-block-embed-diario-dominicano\"><div class=\"wp-block-embed__wrapper\">\n<blockquote class=\"wp-embedded-content\" data-secret=\"dBJST5RF3i\"><a href=\"https:\/\/diariodominicano.com\/?p=373116\">Juan Pablo Duarte y compa\u00f1eros logran escapar a la persecuci\u00f3n del Gobierno de Hait\u00ed<\/a><\/blockquote><iframe loading=\"lazy\" class=\"wp-embedded-content\" sandbox=\"allow-scripts\" security=\"restricted\" style=\"position: absolute; visibility: hidden;\" title=\"\u00abJuan Pablo Duarte y compa\u00f1eros logran escapar a la persecuci\u00f3n del Gobierno de Hait\u00ed\u00bb \u2014 Diario Dominicano\" src=\"https:\/\/diariodominicano.com\/?p=373116&#038;embed=true#?secret=bxYptDWcEG#?secret=dBJST5RF3i\" data-secret=\"dBJST5RF3i\" width=\"600\" height=\"338\" frameborder=\"0\" marginwidth=\"0\" marginheight=\"0\" scrolling=\"no\"><\/iframe>\n<\/div><\/figure>\n","protected":false},"excerpt":{"rendered":"<p>SANTO DOMINGO, el 2 de agosto de 1922, muri\u00f3 el intelectual Jos\u00e9 Ram\u00f3n L\u00f3pez, quien se distingui\u00f3 como un estudioso de la sociedad dominicana. Naci\u00f3 en Montecristi, el 3 de febrero de 1866, hijo de Jos\u00e9 Mar\u00eda L\u00f3pez Escarfulleri y Juana de Lora. &nbsp;&nbsp;&nbsp; Se educ\u00f3 en Puerto Plata y a temprana edad se dedic\u00f3 [&hellip;]<\/p>\n","protected":false},"author":28,"featured_media":373125,"comment_status":"closed","ping_status":"","sticky":true,"template":"","format":"standard","meta":{"footnotes":""},"categories":[26,27],"tags":[],"class_list":["post-373124","post","type-post","status-publish","format-standard","has-post-thumbnail","hentry","category-efemerides","category-portada"],"_links":{"self":[{"href":"https:\/\/diariodominicano.com\/index.php?rest_route=\/wp\/v2\/posts\/373124","targetHints":{"allow":["GET"]}}],"collection":[{"href":"https:\/\/diariodominicano.com\/index.php?rest_route=\/wp\/v2\/posts"}],"about":[{"href":"https:\/\/diariodominicano.com\/index.php?rest_route=\/wp\/v2\/types\/post"}],"author":[{"embeddable":true,"href":"https:\/\/diariodominicano.com\/index.php?rest_route=\/wp\/v2\/users\/28"}],"replies":[{"embeddable":true,"href":"https:\/\/diariodominicano.com\/index.php?rest_route=%2Fwp%2Fv2%2Fcomments&post=373124"}],"version-history":[{"count":3,"href":"https:\/\/diariodominicano.com\/index.php?rest_route=\/wp\/v2\/posts\/373124\/revisions"}],"predecessor-version":[{"id":373128,"href":"https:\/\/diariodominicano.com\/index.php?rest_route=\/wp\/v2\/posts\/373124\/revisions\/373128"}],"wp:featuredmedia":[{"embeddable":true,"href":"https:\/\/diariodominicano.com\/index.php?rest_route=\/wp\/v2\/media\/373125"}],"wp:attachment":[{"href":"https:\/\/diariodominicano.com\/index.php?rest_route=%2Fwp%2Fv2%2Fmedia&parent=373124"}],"wp:term":[{"taxonomy":"category","embeddable":true,"href":"https:\/\/diariodominicano.com\/index.php?rest_route=%2Fwp%2Fv2%2Fcategories&post=373124"},{"taxonomy":"post_tag","embeddable":true,"href":"https:\/\/diariodominicano.com\/index.php?rest_route=%2Fwp%2Fv2%2Ftags&post=373124"}],"curies":[{"name":"wp","href":"https:\/\/api.w.org\/{rel}","templated":true}]}}