{"id":373121,"date":"2022-08-02T00:23:07","date_gmt":"2022-08-02T04:23:07","guid":{"rendered":"http:\/\/diariodominicano.com\/?p=373121"},"modified":"2022-08-02T00:23:07","modified_gmt":"2022-08-02T04:23:07","slug":"muere-en-la-habana-el-educador-dominicano-manuel-de-jesus-de-pena-y-reynoso","status":"publish","type":"post","link":"https:\/\/diariodominicano.com\/?p=373121","title":{"rendered":"Muere en la Habana el educador dominicano Manuel de Jes\u00fas de Pe\u00f1a y Reynoso"},"content":{"rendered":"\n<p>&nbsp;&nbsp; LA HABANA, el 2 de agosto de 1915, muri\u00f3 en la Habana, Cuba, el educador y pr\u00f3cer dominicano Manuel de Jes\u00fas de&nbsp; Pe\u00f1a y Reynoso. Tambi\u00e9n se destac\u00f3 como periodista y escritor.<\/p>\n\n\n\n<p>&nbsp;&nbsp; De joven se dedic\u00f3 a la ense\u00f1anza y a los 16 a\u00f1os ya era considerado en Santiago de los Caballeros y comunidades aleda\u00f1as,&nbsp; como una persona con las cualidades de un educador.<\/p>\n\n\n\n<p>&nbsp;&nbsp; Manuel de Jes\u00fas de Pe\u00f1a y Reynoso naci\u00f3 en la secci\u00f3n Arenoso, Santiago, el 2 de diciembre de 1834, hijo de Diego de Pe\u00f1a y Luliana Reynoso, inmigrantes canarios.<\/p>\n\n\n\n<p>&nbsp;&nbsp;&nbsp; Entre los primeros maestros que influyeron en su personalidad figuran Juan Luis Franco Bid\u00f3, Benigno Filomeno Rojas y el presb\u00edtero Gaspar Hern\u00e1ndez.<\/p>\n\n\n\n<p>&nbsp;&nbsp; A la edad de 20 a\u00f1os se traslad\u00f3 a Santiago de Cuba. All\u00ed se encontraba cuando el 10 de octubre de 1868, en Yara, Carlos Manuel de C\u00e9pedes inici\u00f3 el primer movimiento por la Independencia de Cuba, que se conoce como la \u201cGuerra de los 10 A\u00f1os\u201d.<\/p>\n\n\n\n<p>&nbsp;&nbsp;&nbsp;&nbsp; Manuel de Pe\u00f1a y Reynoso se&nbsp; integr\u00f3 a la lucha por la Independencia de Cuba. Durante el proceso trabaj\u00f3 como secretario de Carlos Manuel de C\u00e9pedes y M\u00e1ximo G\u00f3mez.<\/p>\n\n\n\n<p>&nbsp;&nbsp;&nbsp; En reconocimiento a sus m\u00e9ritos fue ascendido al rango de General de Divisi\u00f3n. Regres\u00f3 a Rep\u00fablica Dominicana, en el a\u00f1o 1873.<\/p>\n\n\n\n<p>&nbsp;&nbsp;&nbsp; El escritor santiaguense Jos\u00e9 Ulises Franco, anota que al llegar al pa\u00eds, Manuel de Jes\u00fas de Pe\u00f1a y Reynoso&nbsp; fij\u00f3 su residencia en Santiago de los Caballeros, donde fund\u00f3 el Colegio Paz, donde desarroll\u00f3 una extraordinaria labor patri\u00f3tica y c\u00edvica en compa\u00f1\u00eda de los profesores Jos\u00e9 Mar\u00eda Vallejo y Federico Garc\u00eda Godoy.<\/p>\n\n\n\n<p>&nbsp;&nbsp; \u201cEjerci\u00f3 el magisterio \u2013su vocaci\u00f3n favorita-, como director de la Escuela Superior de Montecristi;&nbsp; del Colegio San Felipe, de Puerto Plata; del Colegio Central, de Santo Domingo, y de la Escuela Normal, de Santiago de los Caballeros, a ra\u00edz de su fundaci\u00f3n en 1902 hasta 1904\u201d.<\/p>\n\n\n\n<p>&nbsp;&nbsp;&nbsp;&nbsp; El 4 de junio de&nbsp; 1874 fund\u00f3 la Sociedad Literaria \u201cAmantes de la Luz\u201d, la m\u00e1s antigua instituci\u00f3n cultural establecida en la Rep\u00fablica Dominicana.<\/p>\n\n\n\n<p>&nbsp;&nbsp; Jos\u00e9 Ulises Franco estima que \u201cManuel de Jes\u00fas de Pe\u00f1a y Reynoso fue, sin duda, uno de los esp\u00edritus m\u00e1s inquietos y&nbsp; fogosos de su tiempo, jam\u00e1s vacilaba en acudir a la defensa de las libertades p\u00fablicas, enfrent\u00e1ndose a toda clase de peligros. Ocup\u00f3 diversos cargos entre ellos una diputaci\u00f3n y un ministerio\u201d.<\/p>\n\n\n\n<p>&nbsp;&nbsp;&nbsp;&nbsp; Manuel de Jes\u00fas de Pe\u00f1a y Reynoso, volvi\u00f3 a Cuba en 1904 y permaneci\u00f3 all\u00ed hasta la hora de su muerte, el 2 de agosto de 1915, en la ciudad de la Habana, donde tambi\u00e9n falleci\u00f3 su esposa Caridad Bad\u00edn y Justic, nativa de Santiago de Cuba.<\/p>\n\n\n\n<p>&nbsp;&nbsp; Los restos de&nbsp; Manuel de Jes\u00fas de Pe\u00f1a y Reynoso y su esposa&nbsp; fueron sepultados en la capital cubana.<\/p>\n","protected":false},"excerpt":{"rendered":"<p>&nbsp;&nbsp; LA HABANA, el 2 de agosto de 1915, muri\u00f3 en la Habana, Cuba, el educador y pr\u00f3cer dominicano Manuel de Jes\u00fas de&nbsp; Pe\u00f1a y Reynoso. Tambi\u00e9n se destac\u00f3 como periodista y escritor. &nbsp;&nbsp; De joven se dedic\u00f3 a la ense\u00f1anza y a los 16 a\u00f1os ya era considerado en Santiago de los Caballeros y [&hellip;]<\/p>\n","protected":false},"author":28,"featured_media":373122,"comment_status":"closed","ping_status":"","sticky":true,"template":"","format":"standard","meta":{"footnotes":""},"categories":[26,27],"tags":[],"class_list":["post-373121","post","type-post","status-publish","format-standard","has-post-thumbnail","hentry","category-efemerides","category-portada"],"_links":{"self":[{"href":"https:\/\/diariodominicano.com\/index.php?rest_route=\/wp\/v2\/posts\/373121","targetHints":{"allow":["GET"]}}],"collection":[{"href":"https:\/\/diariodominicano.com\/index.php?rest_route=\/wp\/v2\/posts"}],"about":[{"href":"https:\/\/diariodominicano.com\/index.php?rest_route=\/wp\/v2\/types\/post"}],"author":[{"embeddable":true,"href":"https:\/\/diariodominicano.com\/index.php?rest_route=\/wp\/v2\/users\/28"}],"replies":[{"embeddable":true,"href":"https:\/\/diariodominicano.com\/index.php?rest_route=%2Fwp%2Fv2%2Fcomments&post=373121"}],"version-history":[{"count":1,"href":"https:\/\/diariodominicano.com\/index.php?rest_route=\/wp\/v2\/posts\/373121\/revisions"}],"predecessor-version":[{"id":373123,"href":"https:\/\/diariodominicano.com\/index.php?rest_route=\/wp\/v2\/posts\/373121\/revisions\/373123"}],"wp:featuredmedia":[{"embeddable":true,"href":"https:\/\/diariodominicano.com\/index.php?rest_route=\/wp\/v2\/media\/373122"}],"wp:attachment":[{"href":"https:\/\/diariodominicano.com\/index.php?rest_route=%2Fwp%2Fv2%2Fmedia&parent=373121"}],"wp:term":[{"taxonomy":"category","embeddable":true,"href":"https:\/\/diariodominicano.com\/index.php?rest_route=%2Fwp%2Fv2%2Fcategories&post=373121"},{"taxonomy":"post_tag","embeddable":true,"href":"https:\/\/diariodominicano.com\/index.php?rest_route=%2Fwp%2Fv2%2Ftags&post=373121"}],"curies":[{"name":"wp","href":"https:\/\/api.w.org\/{rel}","templated":true}]}}