{"id":37312,"date":"2007-04-18T16:08:04","date_gmt":"2007-04-18T16:08:04","guid":{"rendered":"http:\/\/diariodominicano.ddns.net\/?p=37312"},"modified":"2007-04-18T16:08:04","modified_gmt":"2007-04-18T16:08:04","slug":"el-delicado-tema-haitiano","status":"publish","type":"post","link":"https:\/\/diariodominicano.com\/?p=37312","title":{"rendered":"El delicado tema haitiano"},"content":{"rendered":"<p><body><\/p>\n<p><strong class=\"titulogrande1\"><em>El delicado tema haitiano<\/em><\/strong><strong><br \/>&#13;<br \/>\n  <br \/>&#13;<br \/>\n      <em>A nuestros distinguidos  visitantes del Grupo de R\u00edo: en b\u00fasqueda de la verdad no descubierta<\/em><\/strong><\/p>\n<p>&#13;<\/p>\n<p align=\"justify\"><span class=\"ttmediao\"><em><strong>POR<\/strong><\/em><\/span><strong> <span class=\"textogrande\"><em>FERNANDO ALVAREZ BOGAERT<\/em><\/span><br \/>&#13;<br \/>\n  <br \/>&#13;<br \/>\n      <strong>(1-2)<\/strong><\/strong><br \/>&#13;<br \/>\n      <strong><br \/>&#13;<br \/>\n      <em><strong>Una campa\u00f1a insidiosa y nefasta<\/strong><\/em><\/strong><br \/>&#13;<br \/>\n      <br \/>&#13;<br \/>\n      <span class=\"text1noticias\">Nuestro pa\u00eds, desde hace diez a\u00f1os, ha sido sometido a una despiadada campa\u00f1a  ejercida\u00a0 desde afuera y desde adentro. <br \/>&#13;<br \/>\n      <br \/>&#13;<br \/>\n      Esta campa\u00f1a est\u00e1 afectando  profundamente el prestigio, bien merecido por su historia, de nuestra naci\u00f3n. Y  si no la enfrentamos con la verdad, generar\u00e1, como ya se vislumbra,  consecuencias econ\u00f3micas y sociales devastadoras para nuestro pueblo.<\/span><br \/>&#13;<br \/>\n  <br \/>&#13;<br \/>\n  <em><strong>\u00bfEs el pueblo dominicano racista y anti-haitiano?<\/strong><\/em> <br \/>&#13;<br \/>\n  <br \/>&#13;<br \/>\n  <span class=\"text1noticias\">Absolutamente  falso. En la   Rep\u00fablica Dominicana hay m\u00e1s de un mill\u00f3n de ciudadanos  haitianos -la mayor\u00eda ilegales- compitiendo, en igualdad de condiciones, con  los obreros dominicanos. Es decir, 11.2% de nuestra poblaci\u00f3n es haitiana e  ilegal. Y como la mayor parte son adultos, representan el 20% de nuestra fuerza  laboral.<\/span><br \/>&#13;<br \/>\n  <br \/>&#13;<br \/>\n  <em><strong>Una necesaria proyecci\u00f3n<\/strong><\/em> <br \/>&#13;<br \/>\n  <br \/>&#13;<br \/>\n  <span class=\"text1noticias\">Para  que podamos tener una idea de la extraordinaria carga econ\u00f3mica y social que  tiene nuestra naci\u00f3n, hagamos una proyecci\u00f3n de la cantidad de inmigrantes que  tendr\u00edan Francia, Inglaterra, Alemania, Italia y Estados Unidos para sostener  la misma carga social que en este momento sostiene la Rep\u00fablica Dominicana.<\/span><br \/>&#13;<br \/>\n  <br \/>&#13;<br \/>\n  <span class=\"text1noticias\">\u00bfQu\u00e9  nos indica el primer cuadro?. Que esas naciones tendr\u00edan que tener cerca de  tres veces m\u00e1s inmigrantes ilegales que lo que actualmente tienen. <\/span><br \/>&#13;<br \/>\n  <br \/>&#13;<br \/>\n  <em><strong>La extraordinaria contundencia de las cifras econ\u00f3micas<\/strong><\/em> <br \/>&#13;<br \/>\n  <br \/>&#13;<br \/>\n  <span class=\"text1noticias\">Distinguidos  visitantes: esta situaci\u00f3n se har\u00eda a\u00fan mucho m\u00e1s dram\u00e1tica si estudi\u00e1ramos los  n\u00fameros, del 2004, del Producto Bruto Interno per c\u00e1pita de esas naciones y los  comparamos con el Producto Bruto Interno per c\u00e1pita de nuestro pa\u00eds.<\/span><br \/>&#13;<br \/>\n  <br \/>&#13;<br \/>\n  <span class=\"text1noticias\">Noten  que el per c\u00e1pita de esas naciones es entre 12 y 18 veces m\u00e1s grande que el per  c\u00e1pita de la   Rep\u00fablica Dominicana. <\/span><br \/>&#13;<br \/>\n  <br \/>&#13;<br \/>\n  <span class=\"text1noticias\">En econom\u00eda existe la palabra cetaris  paribus que indica que para poder hacer una comparaci\u00f3n v\u00e1lida hay que tener  una proyecci\u00f3n donde las variables principales sean iguales. La situaci\u00f3n de  esas naciones superdesarrolladas ser\u00eda much\u00edsimo m\u00e1s dram\u00e1tica si asumi\u00e9ramos  que la Rep\u00fablica   Dominicana tuviera un PIB per c\u00e1pita parecido al que tienen  las naciones de Europa y Estados Unidos. O, al rev\u00e9s, que esas naciones  tuvieran un per c\u00e1pita similar al que actualmente tiene la Rep\u00fablica Dominicana.<\/span><br \/>&#13;<br \/>\n  <br \/>&#13;<br \/>\n  <em><strong>La industria de la construcci\u00f3n y el turismo<\/strong><\/em> <br \/>&#13;<br \/>\n  <br \/>&#13;<br \/>\n  <span class=\"text1noticias\">S\u00ed,  como muchos ciudadanos dom\u00ednico-haitianos \u2013y algunos ciudadanos dominicanos \u2013,  nuestro pa\u00eds es mayoritariamente racista y antihaitiano, entonces c\u00f3mo es  posible que los dos sectores que pagan, con mucho, los mejores salarios en el  pa\u00eds, est\u00e1n controlados totalmente por los ciudadanos haitianos y los  inmigrantes ilegales. Este es el caso de la industria de la construcci\u00f3n, donde  m\u00e1s del 70% de los trabajadores son preponderante mente inmigrantes ilegales, y  del sector tur\u00edstico, que est\u00e1 controlado laboralmente, en m\u00e1s de un 50%, por  ciudadanos haitianos, algunos legales y la mayor\u00eda ilegales. \u00bfEs esto propio de  una naci\u00f3n racista y anti-haitiana?. Esta pregunta adquiere una dimensi\u00f3n mayor  cuando tomamos en consideraci\u00f3n que nuestro desempleo global se acerca al 16% y  que el desempleo de los j\u00f3venes de 16   a 24 a\u00f1os excede el 25%. Otra pregunta v\u00e1lida: \u00bfexiste  en Europa o en Estados Unidos alg\u00fan pa\u00eds donde los inmigrantes ilegales  controlen sus dos industrias principales? La actitud dominicana adquiere a\u00fan  una mayor dimensi\u00f3n cuando planteamos (cosas que a veces por un orgullo vano  queremos esconder) la dura carga social que tenemos, independientemente de la  inmigraci\u00f3n que viene desde Hait\u00ed.<\/span><br \/>&#13;<br \/>\n  <br \/>&#13;<br \/>\n  <em><strong>La abrumadora carga social y econ\u00f3mica de la Rep\u00fablica Dominicana<\/strong><\/em> <br \/>&#13;<br \/>\n  <br \/>&#13;<br \/>\n  <span class=\"text1noticias\">En  un amplio trabajo publicado hace cuatro meses sobre la realidad social de  Am\u00e9rica Latina, escrito por el doctor Jos\u00e9 Luis Machinea, director ejecutivo de  la CEPAL, nos  presenta la realidad social de nuestro pa\u00eds en el 2004. Este documento muestra  que el 48% de los ciudadanos dominicanos viv\u00edan, en el 2004, con 2 d\u00f3lares, o  sea, 70 pesos o menos por d\u00eda y que, de ese 48%, el 24% subsist\u00eda con menos de  1 d\u00f3lar por d\u00eda (33 pesos por d\u00eda). Tenemos que aceptar dos situaciones: 1- Que  un porcentaje muy grande de nuestros habitantes son, conforme a la terminolog\u00eda  de la sociolog\u00eda internacional, marginados \u2013 que son aquellos que ganan dos  d\u00f3lares por d\u00eda- o socialmente excluidos \u2013 los que ganan menos de un d\u00f3lar por  d\u00eda-;\u00a0 y 2- Que esta situaci\u00f3n no es propia de los inmigrantes ilegales  sino que es compartida con los ciudadanos dominicanos m\u00e1s pobres y m\u00e1s  desprovistos.<\/span><\/p>\n<p>&#13;<\/p>\n<h6> 2007-04-18 16:08:04 <\/h6>\n<p><!--\n<link rel=\"stylesheet\" href=\"css\/bootstrap.min.css\">\n\n\n<ul class=\"pagination\">\n\t    \n\t\n\n<li >\n\t<a href='?page_no=13087'>Previous<\/a>\n\t<\/li>\n\n\n       \n    \n\n<li><a href='?page_no=1'>1<\/a><\/li>\n\n\n\n<li><a href='?page_no=2'>2<\/a><\/li>\n\n\n\n<li><a>...<\/a><\/li>\n\n\n\n<li><a href='?page_no=13086'>13086<\/a><\/li>\n\n\n\n<li><a href='?page_no=13087'>13087<\/a><\/li>\n\n\n\n<li class='active'><a>13088<\/a><\/li>\n\n\n\n<li><a href='?page_no=13089'>13089<\/a><\/li>\n\n\n\n<li><a href='?page_no=13090'>13090<\/a><\/li>\n\n\n\n<li><a>...<\/a><\/li>\n\n\n\n<li><a href='?page_no=13611'>13611<\/a><\/li>\n\n\n\n<li><a href='?page_no=13612'>13612<\/a><\/li>\n\n    \n\t\n\n<li >\n\t<a href='?page_no=13089'>Next<\/a>\n\t<\/li>\n\n\n    \n\n<li><a href='?page_no=13612'>Last &rsaquo;&rsaquo;<\/a><\/li>\n\n<\/ul>\n\n\n--><br \/>\n<\/body><\/p>\n","protected":false},"excerpt":{"rendered":"<p>El delicado tema haitiano&#13; &#13; A nuestros distinguidos visitantes del Grupo de R\u00edo: en b\u00fasqueda de la verdad no descubierta &#13; POR FERNANDO ALVAREZ BOGAERT&#13; &#13; (1-2)&#13; &#13; Una campa\u00f1a insidiosa y nefasta&#13; &#13; Nuestro pa\u00eds, desde hace diez a\u00f1os, ha sido sometido a una despiadada campa\u00f1a ejercida\u00a0 desde afuera y desde adentro. &#13; &#13; [&hellip;]<\/p>\n","protected":false},"author":3,"featured_media":0,"comment_status":"open","ping_status":"open","sticky":false,"template":"","format":"standard","meta":{"footnotes":""},"categories":[16],"tags":[],"class_list":["post-37312","post","type-post","status-publish","format-standard","hentry","category-opiniones"],"_links":{"self":[{"href":"https:\/\/diariodominicano.com\/index.php?rest_route=\/wp\/v2\/posts\/37312","targetHints":{"allow":["GET"]}}],"collection":[{"href":"https:\/\/diariodominicano.com\/index.php?rest_route=\/wp\/v2\/posts"}],"about":[{"href":"https:\/\/diariodominicano.com\/index.php?rest_route=\/wp\/v2\/types\/post"}],"author":[{"embeddable":true,"href":"https:\/\/diariodominicano.com\/index.php?rest_route=\/wp\/v2\/users\/3"}],"replies":[{"embeddable":true,"href":"https:\/\/diariodominicano.com\/index.php?rest_route=%2Fwp%2Fv2%2Fcomments&post=37312"}],"version-history":[{"count":0,"href":"https:\/\/diariodominicano.com\/index.php?rest_route=\/wp\/v2\/posts\/37312\/revisions"}],"wp:attachment":[{"href":"https:\/\/diariodominicano.com\/index.php?rest_route=%2Fwp%2Fv2%2Fmedia&parent=37312"}],"wp:term":[{"taxonomy":"category","embeddable":true,"href":"https:\/\/diariodominicano.com\/index.php?rest_route=%2Fwp%2Fv2%2Fcategories&post=37312"},{"taxonomy":"post_tag","embeddable":true,"href":"https:\/\/diariodominicano.com\/index.php?rest_route=%2Fwp%2Fv2%2Ftags&post=37312"}],"curies":[{"name":"wp","href":"https:\/\/api.w.org\/{rel}","templated":true}]}}