{"id":373116,"date":"2022-08-02T00:14:43","date_gmt":"2022-08-02T04:14:43","guid":{"rendered":"http:\/\/diariodominicano.com\/?p=373116"},"modified":"2022-08-02T07:59:38","modified_gmt":"2022-08-02T11:59:38","slug":"juan-pablo-duarte-y-companeros-logran-escapar-a-la-persecucion-del-gobierno-de-haiti","status":"publish","type":"post","link":"https:\/\/diariodominicano.com\/?p=373116","title":{"rendered":"Juan Pablo Duarte y compa\u00f1eros logran escapar a la persecuci\u00f3n del Gobierno de Hait\u00ed"},"content":{"rendered":"\n<p>Juan Pablo Duarte<\/p>\n\n\n\n<figure class=\"wp-block-image size-large\"><img loading=\"lazy\" decoding=\"async\" width=\"1024\" height=\"526\" src=\"https:\/\/diariodominicano.com\/wp-content\/uploads\/2021\/07\/Juan-Isidro-Perez-enfrenta-a-Santana-1024x526.jpg\" alt=\"\" class=\"wp-image-286996\" srcset=\"https:\/\/diariodominicano.com\/wp-content\/uploads\/2021\/07\/Juan-Isidro-Perez-enfrenta-a-Santana-1024x526.jpg 1024w, https:\/\/diariodominicano.com\/wp-content\/uploads\/2021\/07\/Juan-Isidro-Perez-enfrenta-a-Santana-300x154.jpg 300w, https:\/\/diariodominicano.com\/wp-content\/uploads\/2021\/07\/Juan-Isidro-Perez-enfrenta-a-Santana-768x395.jpg 768w, https:\/\/diariodominicano.com\/wp-content\/uploads\/2021\/07\/Juan-Isidro-Perez-enfrenta-a-Santana-1536x789.jpg 1536w, https:\/\/diariodominicano.com\/wp-content\/uploads\/2021\/07\/Juan-Isidro-Perez-enfrenta-a-Santana-2048x1052.jpg 2048w, https:\/\/diariodominicano.com\/wp-content\/uploads\/2021\/07\/Juan-Isidro-Perez-enfrenta-a-Santana-816x419.jpg 816w\" sizes=\"auto, (max-width: 1024px) 100vw, 1024px\" \/><\/figure>\n\n\n\n<p>Juan Isidro P\u00e9rez<\/p>\n\n\n\n<p><\/p>\n\n\n\n<p><strong>Por H\u00e9ctor Tineo Nolasco<\/strong><\/p>\n\n\n\n<p><strong>Diariodominicano.com<\/strong><\/p>\n\n\n\n<p>SANTO DOMINGO, el 2 de agosto de 1843, Juan Pablo Duarte, Juan Isidro P\u00e9rez y Pedro Alejandrino Pina lograron salir al exilio para evadir la persecuci\u00f3n del Gobierno de Hait\u00ed.<\/p>\n\n\n\n<p>&nbsp;&nbsp;&nbsp; Juan Pablo Duarte hab\u00eda sido calificado por el Gobierno de Hait\u00ed como \u201cel jefe de la revoluci\u00f3n\u201d, porque ten\u00eda informes del movimiento independentista que lideraba Duarte, quien fund\u00f3 con ese prop\u00f3sito el 16 de julio de 1838, la Sociedad Secreta La Trinitaria.<\/p>\n\n\n\n<p>&nbsp;&nbsp; El Gobierno haitiano tambi\u00e9n ofrec\u00eda a la persona que ayudara a localizar a Duarte, tres mil pesos y la charretera de Coronel.<\/p>\n\n\n\n<p>&nbsp;&nbsp;&nbsp; Rosa Duarte, en \u201cApuntes para la Historia de la Isla de Santo Domingo\u201d,&nbsp; anota que Juan Pablo Duarte, Pedro Alejandrino Pina&nbsp;&nbsp; y Juan Isidro P\u00e9rez,&nbsp; iniciaron el viaje a las 8 de la noche del d\u00eda 2 de agosto de 1843, cuando abordaron un bote en el r\u00edo Ozama&nbsp; para llegar a las afueras del Puerto de Santo Domingo, donde abordaron un&nbsp; buque&nbsp; que los&nbsp; transport\u00f3 a Venezuela.<\/p>\n\n\n\n<p>&nbsp;&nbsp;&nbsp;&nbsp; Anota&nbsp; que Duarte y sus compa\u00f1eros iban muy tristes por la situaci\u00f3n&nbsp; \u201cdesgraciada de su patria,&nbsp; por la suerte de sus padres,&nbsp; hermanos y amigos y por no haber sido posible salvar con ellos al mejor de sus amigos, al m\u00e1s acendrado patriota,&nbsp; Francisco del Rosario S\u00e1nchez&nbsp; que dejaban a las puertas&nbsp; del sepulcro\u201d.<\/p>\n\n\n\n<p>&nbsp;&nbsp;&nbsp; Francisco del Rosario S\u00e1nchez en la ocasi\u00f3n hab\u00eda permanecido en cama&nbsp; durante los \u00faltimos d\u00edas.<\/p>\n\n\n\n<p>&nbsp;&nbsp;&nbsp; Rosa Duarte precisa que Duarte y sus compa\u00f1eros abordaron el buque a las 10 de la noche;&nbsp; y que en el momento \u201cel viento era muy escaso\u2026\u201d.<\/p>\n\n\n\n<p>&nbsp;&nbsp;&nbsp; Juan Pablo Duarte y sus compa\u00f1eros se encontraban en el exilio cuando fue proclamada la Rep\u00fablica el 27 de febrero de 1844. Regresaron el d\u00eda 14 de marzo de ese a\u00f1o.<\/p>\n\n\n\n<p>&nbsp;&nbsp;&nbsp; El 30 de julio de 1843, el l\u00edder de la Trinitaria, Juan Pablo Duarte tom\u00f3 la decisi\u00f3n de salir del pa\u00eds para evitar ser detenido por el Gobierno haitiano.<\/p>\n\n\n\n<p>&nbsp;&nbsp; El 30 de julio de 1843, Juan Pablo Duarte,&nbsp; Pedro Alejandrino Pina y Juan Isidro P\u00e9rez se trasladaron a Pajarito, (hoy Villa Duarte, en Santo Domingo Este) en la zona oriental y se refugiaron en la residencia del ciudadano espa\u00f1ol&nbsp; Pascual C. L\u00f3pez.<\/p>\n\n\n\n<p>&nbsp;&nbsp;&nbsp; Antes, el mismo d\u00eda 30 de julio de 1843, Juan Pablo Duarte y Pedro Alejandrino Pina visitaron la residencia de Juan Alejandro Acosta y trataron sobre la forma en que saldr\u00edan del pa\u00eds para escapar a la persecuci\u00f3n del Gobierno haitiano.<\/p>\n\n\n\n<p>&nbsp;&nbsp; El d\u00eda anterior, el 29 de julio de 1843, Juan Pablo Duarte y Pedro Alejandrino Pina, se refugiaron en la residencia de Jos\u00e9 Botello, en la ciudad de Santo Domingo.<\/p>\n\n\n\n<p>&nbsp;&nbsp; Juan Pablo Duarte y los dem\u00e1s miembros de La Trinitaria,&nbsp; eran perseguidos por el Gobierno haitiano, porque ten\u00eda informes de que realizaban actividades para separarse de Hait\u00ed y fundar una&nbsp; naci\u00f3n libre y soberana.<\/p>\n\n\n\n<p>&nbsp;&nbsp; Rosa Duarte, en&nbsp; \u201cApuntes para la Historia de la isla de Santo Domingo\u201d, anota que el d\u00eda 29&nbsp; de julio de 1843, Duarte y Pedro Alejandrino Pina lo pasaron en la residencia del se\u00f1or&nbsp; Jos\u00e9 Botello, \u201cbastante amargamente\u201d.<\/p>\n\n\n\n<p>&nbsp;&nbsp;&nbsp; El Gobierno haitiano inici\u00f3 la ocupaci\u00f3n del Santo Domingo Espa\u00f1ol, el d\u00eda 8 de febrero de 1822, cuando el Presidente haitiano Jean Pierre Boyer, recibi\u00f3 las llaves de la ciudad&nbsp; de manos del licenciado Jos\u00e9 N\u00fa\u00f1ez de C\u00e1ceres.<\/p>\n\n\n\n<p>&nbsp;&nbsp; Durante el mes de julio de 1843, las fuerzas militares del Gobierno haitiano intensificaron la persecuci\u00f3n contra los trinitarios.<\/p>\n\n\n\n<p>&nbsp;&nbsp; El&nbsp; 24 de julio de 1843, la residencia de la familia de Juan Pablo Duarte y la de su t\u00edo Jos\u00e9 D\u00edez, fueron allanadas por militares haitianos que trataban de localizar al l\u00edder trinitario.<\/p>\n\n\n\n<p>&nbsp;&nbsp;&nbsp;&nbsp; Ese d\u00eda Duarte y varios de sus compa\u00f1eros lograron escapar al saltar por patios de residencias vecinas hasta llegar a la casa de&nbsp; Teodoro Ariza.<\/p>\n\n\n\n<p>&nbsp;&nbsp;&nbsp;&nbsp; El partido&nbsp; independentista de Duarte se encontraba en plena actividad desde el d\u00eda 16 de julio de 1838,&nbsp; cuando un grupo de j\u00f3venes liderados por Juan Pablo Duarte fundaron en la ciudad de Santo Domingo, la Sociedad Secreta La Trinitaria, con el objetivo de fundar la Rep\u00fablica Dominicana.<\/p>\n\n\n\n<p>&nbsp;&nbsp;&nbsp; El entusiasmo de Juan Pablo Duarte estimul\u00f3 a los j\u00f3venes de su generaci\u00f3n, lo que le permiti\u00f3 fundar la entidad el 16 de julio de 1838, en una reuni\u00f3n que celebraron en la residencia de la se\u00f1ora Josefa P\u00e9rez.<\/p>\n\n\n\n<p>\u00a0\u00a0\u00a0\u00a0 Junto a Juan Pablo Duarte fundaron\u00a0 La Trinitaria, Juan Isidro P\u00e9rez, Pedro Alejandrino Pina, F\u00e9lix Mar\u00eda Ru\u00edz, Benito Gonz\u00e1lez, Juan Nepomuceno Ravelo, Felipe Alfau, Jos\u00e9 Mar\u00eda Serra y Jacinto de la Concha.<\/p>\n\n\n\n<figure class=\"wp-block-embed is-type-wp-embed is-provider-diario-dominicano wp-block-embed-diario-dominicano\"><div class=\"wp-block-embed__wrapper\">\n<blockquote class=\"wp-embedded-content\" data-secret=\"En7oayw7Rj\"><a href=\"https:\/\/diariodominicano.com\/?p=373116\">Juan Pablo Duarte y compa\u00f1eros logran escapar a la persecuci\u00f3n del Gobierno de Hait\u00ed<\/a><\/blockquote><iframe loading=\"lazy\" class=\"wp-embedded-content\" sandbox=\"allow-scripts\" security=\"restricted\" style=\"position: absolute; visibility: hidden;\" title=\"\u00abJuan Pablo Duarte y compa\u00f1eros logran escapar a la persecuci\u00f3n del Gobierno de Hait\u00ed\u00bb \u2014 Diario Dominicano\" src=\"https:\/\/diariodominicano.com\/?p=373116&#038;embed=true#?secret=0yxqvgnyjm#?secret=En7oayw7Rj\" data-secret=\"En7oayw7Rj\" width=\"600\" height=\"338\" frameborder=\"0\" marginwidth=\"0\" marginheight=\"0\" scrolling=\"no\"><\/iframe>\n<\/div><\/figure>\n\n\n\n<figure class=\"wp-block-embed is-type-wp-embed is-provider-diario-dominicano wp-block-embed-diario-dominicano\"><div class=\"wp-block-embed__wrapper\">\n<blockquote class=\"wp-embedded-content\" data-secret=\"V04NCxRbRK\"><a href=\"https:\/\/diariodominicano.com\/?p=373124\">Jos\u00e9 Ram\u00f3n L\u00f3pez: estudioso de la sociedad dominicana<\/a><\/blockquote><iframe loading=\"lazy\" class=\"wp-embedded-content\" sandbox=\"allow-scripts\" security=\"restricted\" style=\"position: absolute; visibility: hidden;\" title=\"\u00abJos\u00e9 Ram\u00f3n L\u00f3pez: estudioso de la sociedad dominicana\u00bb \u2014 Diario Dominicano\" src=\"https:\/\/diariodominicano.com\/?p=373124&#038;embed=true#?secret=JoAYcgCx2D#?secret=V04NCxRbRK\" data-secret=\"V04NCxRbRK\" width=\"600\" height=\"338\" frameborder=\"0\" marginwidth=\"0\" marginheight=\"0\" scrolling=\"no\"><\/iframe>\n<\/div><\/figure>\n\n\n\n<figure class=\"wp-block-embed is-type-wp-embed is-provider-diario-dominicano wp-block-embed-diario-dominicano\"><div class=\"wp-block-embed__wrapper\">\n<blockquote class=\"wp-embedded-content\" data-secret=\"AZFBPKj9GP\"><a href=\"https:\/\/diariodominicano.com\/?p=373121\">Muere en la Habana el educador dominicano Manuel de Jes\u00fas de Pe\u00f1a y Reynoso<\/a><\/blockquote><iframe loading=\"lazy\" class=\"wp-embedded-content\" sandbox=\"allow-scripts\" security=\"restricted\" style=\"position: absolute; visibility: hidden;\" title=\"\u00abMuere en la Habana el educador dominicano Manuel de Jes\u00fas de Pe\u00f1a y Reynoso\u00bb \u2014 Diario Dominicano\" src=\"https:\/\/diariodominicano.com\/?p=373121&#038;embed=true#?secret=8C6AFzvjPY#?secret=AZFBPKj9GP\" data-secret=\"AZFBPKj9GP\" width=\"600\" height=\"338\" frameborder=\"0\" marginwidth=\"0\" marginheight=\"0\" scrolling=\"no\"><\/iframe>\n<\/div><\/figure>\n","protected":false},"excerpt":{"rendered":"<p>Juan Pablo Duarte Juan Isidro P\u00e9rez Por H\u00e9ctor Tineo Nolasco Diariodominicano.com SANTO DOMINGO, el 2 de agosto de 1843, Juan Pablo Duarte, Juan Isidro P\u00e9rez y Pedro Alejandrino Pina lograron salir al exilio para evadir la persecuci\u00f3n del Gobierno de Hait\u00ed. &nbsp;&nbsp;&nbsp; Juan Pablo Duarte hab\u00eda sido calificado por el Gobierno de Hait\u00ed como \u201cel [&hellip;]<\/p>\n","protected":false},"author":28,"featured_media":369260,"comment_status":"closed","ping_status":"","sticky":true,"template":"","format":"standard","meta":{"footnotes":""},"categories":[26,27],"tags":[],"class_list":["post-373116","post","type-post","status-publish","format-standard","has-post-thumbnail","hentry","category-efemerides","category-portada"],"_links":{"self":[{"href":"https:\/\/diariodominicano.com\/index.php?rest_route=\/wp\/v2\/posts\/373116","targetHints":{"allow":["GET"]}}],"collection":[{"href":"https:\/\/diariodominicano.com\/index.php?rest_route=\/wp\/v2\/posts"}],"about":[{"href":"https:\/\/diariodominicano.com\/index.php?rest_route=\/wp\/v2\/types\/post"}],"author":[{"embeddable":true,"href":"https:\/\/diariodominicano.com\/index.php?rest_route=\/wp\/v2\/users\/28"}],"replies":[{"embeddable":true,"href":"https:\/\/diariodominicano.com\/index.php?rest_route=%2Fwp%2Fv2%2Fcomments&post=373116"}],"version-history":[{"count":6,"href":"https:\/\/diariodominicano.com\/index.php?rest_route=\/wp\/v2\/posts\/373116\/revisions"}],"predecessor-version":[{"id":373151,"href":"https:\/\/diariodominicano.com\/index.php?rest_route=\/wp\/v2\/posts\/373116\/revisions\/373151"}],"wp:featuredmedia":[{"embeddable":true,"href":"https:\/\/diariodominicano.com\/index.php?rest_route=\/wp\/v2\/media\/369260"}],"wp:attachment":[{"href":"https:\/\/diariodominicano.com\/index.php?rest_route=%2Fwp%2Fv2%2Fmedia&parent=373116"}],"wp:term":[{"taxonomy":"category","embeddable":true,"href":"https:\/\/diariodominicano.com\/index.php?rest_route=%2Fwp%2Fv2%2Fcategories&post=373116"},{"taxonomy":"post_tag","embeddable":true,"href":"https:\/\/diariodominicano.com\/index.php?rest_route=%2Fwp%2Fv2%2Ftags&post=373116"}],"curies":[{"name":"wp","href":"https:\/\/api.w.org\/{rel}","templated":true}]}}