{"id":37310,"date":"2007-04-18T16:13:49","date_gmt":"2007-04-18T16:13:49","guid":{"rendered":"http:\/\/diariodominicano.ddns.net\/?p=37310"},"modified":"2007-04-18T16:13:49","modified_gmt":"2007-04-18T16:13:49","slug":"prepararse-para-perder","status":"publish","type":"post","link":"https:\/\/diariodominicano.com\/?p=37310","title":{"rendered":"Prepararse para perder"},"content":{"rendered":"<p><body><\/p>\n<p align=\"justify\"><em><strong>VENTANA  :<\/strong><\/em> <span class=\"text1noticias\">Los pol\u00edticos  gustan mucho de aferrarse al declaracionismo medi\u00e1tico, quej\u00e1ndose con  frecuencia de que no se destaque como ellos quisieran una que otra actividad  y\/o exposici\u00f3n a veces intrascendente(s). Es lo que definimos como \u201cirse por  las ramas\u201d.<\/span><br \/>&#13;<br \/>\n  .<br \/>&#13;<br \/>\n  <strong class=\"titulogrande1\"><em>Prepararse para perder<\/em><\/strong> <br \/>&#13;<br \/>\n  <br \/>&#13;<br \/>\n  <span class=\"ttmediao\"><em><strong>Por <\/strong><\/em><\/span><strong class=\"textogrande\"><em>LEO HERNANDEZ*<\/em><\/strong><br \/>&#13;<br \/>\n  <br \/>&#13;<br \/>\n  <span class=\"text1noticias\">A  muchos pol\u00edticos, en todas partes, les encanta que sus asesores y\/o consultores  les digan los que ellos quieren oir antes que lo que deben oir. Por eso, muchas  veces los amanuenses avanzan m\u00e1s en alcanzar su aprecio que aquellos a quienes  preocupa y duele que su(s) abanderado(s) cometa(n) errores tras errores que  lo(s) pueda(n) alejar del camino para lograr su objetivo.<br \/>&#13;<br \/>\n  <br \/>&#13;<br \/>\n  De ah\u00ed, que con frecuencia, en tertulias y pe\u00f1as escuchemos que tal(es)  o cual(es) pol\u00edtico(s), candidato(s) o aspirante(s), no escucha(n) ni atiende(n)  sugerencias, y generalmente no se prepara(n) para perder, ya que s\u00f3lo atina(n)  a estar listo(s) para el triunfo, alentado(s) siempre por los alabarderos que  se sienten ministros anticipadamente. Craso error.<br \/>&#13;<br \/>\n  <br \/>&#13;<br \/>\n  Jaime Dur\u00e1n Barba, quiz\u00e1s y sin quiz\u00e1s el mejor evaluado de los  consultores pol\u00edticos latinoamericanos, con m\u00e1s de 15 campa\u00f1as presidenciales y  otras decenas de jornadas menores ganadas en el hemisferio, sostiene que en su  ejercicio profesional ha abandonado algunas consultor\u00edas al advertir que su  asesorado no est\u00e1 preparado para perder.<br \/>&#13;<br \/>\n  <br \/>&#13;<br \/>\n  Aqu\u00ed y en otras latitudes, los pol\u00edticos gustan mucho de aferrarse al  declaracionismo medi\u00e1tico, quej\u00e1ndose con frecuencia de sus manejadores de  prensa cuando no consiguen que se destaque como ellos quisieran una que otra actividad  y\/o exposici\u00f3n a veces intrascendente(s). Es lo que definimos como \u201cirse por  las ramas\u201d.<br \/>&#13;<br \/>\n  <br \/>&#13;<br \/>\n  Los consultores y\/o asesores no pretenden teorizar sobre la pol\u00edtica. En  muchos casos, tenemos formaci\u00f3n pol\u00edtica te\u00f3rica pero nuestro trabajo es en la  pr\u00e1ctica, ya que una campa\u00f1a hay que verla con visi\u00f3n militar, donde se va a  ganar \u2026o a perder. Naturalmente, los resultados depender\u00e1n de la estrategia que  se utilice y lo que todo consultor prefiere es ganar las elecciones, lo que  debe(n) entender y asimilar el(os) candidato(s).<br \/>&#13;<br \/>\n  <br \/>&#13;<br \/>\n  Los pol\u00edticos\/candidatos pretenden golpear a sus rivales y no ser  golpeados. Entienden que solamente sus pasos son atinados, reh\u00fasan en mucho  reconocer las fortalezas del adversario y, con el lambonismo del entorno en  funci\u00f3n a todo dar, suelen perder las perspectivas y con ello, las elecciones.<br \/>&#13;<br \/>\n  <br \/>&#13;<br \/>\n  La cabeza fr\u00eda y el coraz\u00f3n caliente es una frase que resume en 7  palabras la l\u00ednea conductual apropiada sugerida para todo(s) el (os) que  persigue(n) competir en pol\u00edtica. Solamente as\u00ed, se estar\u00e1 preparado para  perder, sin frustraciones para el futuro.<br \/>&#13;<br \/>\n  <\/span><br \/>&#13;<br \/>\n  <strong class=\"subtitulos\"><em>El autor  es periodista y consultor de comunicaci\u00f3n<\/em><\/strong><br \/>&#13;<br \/>\n  <br \/>&#13;<br \/>\n  <em class=\"ttmediao\"><strong>leohernandez@indes.org<\/strong><\/em><\/p>\n<p>&#13;<\/p>\n<h6> 2007-04-18 16:13:49 <\/h6>\n<p><!--\n<link rel=\"stylesheet\" href=\"css\/bootstrap.min.css\">\n\n\n<ul class=\"pagination\">\n\t    \n\t\n\n<li >\n\t<a href='?page_no=13085'>Previous<\/a>\n\t<\/li>\n\n\n       \n    \n\n<li><a href='?page_no=1'>1<\/a><\/li>\n\n\n\n<li><a href='?page_no=2'>2<\/a><\/li>\n\n\n\n<li><a>...<\/a><\/li>\n\n\n\n<li><a href='?page_no=13084'>13084<\/a><\/li>\n\n\n\n<li><a href='?page_no=13085'>13085<\/a><\/li>\n\n\n\n<li class='active'><a>13086<\/a><\/li>\n\n\n\n<li><a href='?page_no=13087'>13087<\/a><\/li>\n\n\n\n<li><a href='?page_no=13088'>13088<\/a><\/li>\n\n\n\n<li><a>...<\/a><\/li>\n\n\n\n<li><a href='?page_no=13611'>13611<\/a><\/li>\n\n\n\n<li><a href='?page_no=13612'>13612<\/a><\/li>\n\n    \n\t\n\n<li >\n\t<a href='?page_no=13087'>Next<\/a>\n\t<\/li>\n\n\n    \n\n<li><a href='?page_no=13612'>Last &rsaquo;&rsaquo;<\/a><\/li>\n\n<\/ul>\n\n\n--><br \/>\n<\/body><\/p>\n","protected":false},"excerpt":{"rendered":"<p>VENTANA : Los pol\u00edticos gustan mucho de aferrarse al declaracionismo medi\u00e1tico, quej\u00e1ndose con frecuencia de que no se destaque como ellos quisieran una que otra actividad y\/o exposici\u00f3n a veces intrascendente(s). Es lo que definimos como \u201cirse por las ramas\u201d.&#13; .&#13; Prepararse para perder &#13; &#13; Por LEO HERNANDEZ*&#13; &#13; A muchos pol\u00edticos, en todas [&hellip;]<\/p>\n","protected":false},"author":3,"featured_media":0,"comment_status":"open","ping_status":"open","sticky":false,"template":"","format":"standard","meta":{"footnotes":""},"categories":[16],"tags":[],"class_list":["post-37310","post","type-post","status-publish","format-standard","hentry","category-opiniones"],"_links":{"self":[{"href":"https:\/\/diariodominicano.com\/index.php?rest_route=\/wp\/v2\/posts\/37310","targetHints":{"allow":["GET"]}}],"collection":[{"href":"https:\/\/diariodominicano.com\/index.php?rest_route=\/wp\/v2\/posts"}],"about":[{"href":"https:\/\/diariodominicano.com\/index.php?rest_route=\/wp\/v2\/types\/post"}],"author":[{"embeddable":true,"href":"https:\/\/diariodominicano.com\/index.php?rest_route=\/wp\/v2\/users\/3"}],"replies":[{"embeddable":true,"href":"https:\/\/diariodominicano.com\/index.php?rest_route=%2Fwp%2Fv2%2Fcomments&post=37310"}],"version-history":[{"count":0,"href":"https:\/\/diariodominicano.com\/index.php?rest_route=\/wp\/v2\/posts\/37310\/revisions"}],"wp:attachment":[{"href":"https:\/\/diariodominicano.com\/index.php?rest_route=%2Fwp%2Fv2%2Fmedia&parent=37310"}],"wp:term":[{"taxonomy":"category","embeddable":true,"href":"https:\/\/diariodominicano.com\/index.php?rest_route=%2Fwp%2Fv2%2Fcategories&post=37310"},{"taxonomy":"post_tag","embeddable":true,"href":"https:\/\/diariodominicano.com\/index.php?rest_route=%2Fwp%2Fv2%2Ftags&post=37310"}],"curies":[{"name":"wp","href":"https:\/\/api.w.org\/{rel}","templated":true}]}}