{"id":37309,"date":"2007-04-18T16:18:48","date_gmt":"2007-04-18T16:18:48","guid":{"rendered":"http:\/\/diariodominicano.ddns.net\/?p=37309"},"modified":"2007-04-18T16:18:48","modified_gmt":"2007-04-18T16:18:48","slug":"las-principales-en-teledebate-96","status":"publish","type":"post","link":"https:\/\/diariodominicano.com\/?p=37309","title":{"rendered":"LAS PRINCIPALES EN TELEDEBATE"},"content":{"rendered":"<p><body><\/p>\n<h1 align=\"center\" class=\"titulogrande1\"><em>LAS PRINCIPALES EN TELEDEBATE<\/em><\/h1>\n<p>&#13;<\/p>\n<p align=\"center\" class=\"textogrande\">Lunes 16 de Abril,2007<\/p>\n<p>&#13;<\/p>\n<p align=\"justify\"><em><strong>LOS PASAJEROS AL GRITO.\u00a0  <\/strong><\/em><span class=\"text1noticias\">Los usuarios del tranporte p\u00f9blico est\u00e0n al grito con el aumento de los  pasajes urbanos dispuestos por la OPRET.\u00a0 Esos  3 y 5 pesos para rutas cortas y largas son una carga muy fuerte para el ya  bastante limitado presupuesto de quienes tienen que usar ese medio de  transportaci\u00f3n para trasladarse de un lugar a otro.\u00a0 Los transportistas estar\u00e1n de fiesta,\u00a0 pero a los pasajeros se los lleva quien los  trajo.<\/span><\/p>\n<p>&#13;<\/p>\n<p align=\"justify\"><em><strong>TAMBIEN LOS CONCHISTAS.<\/strong><\/em>\u00a0 <span class=\"text1noticias\">A lo anterior se agrega la forma unilateral  en que los conchistas han incrementado tambi\u00e8n sus tarifas bajo la excusa de  que no los tomaron en cuenta en las negociaciones con el gobierno.\u00a0 Lo correcto en todo caso, es que se hubiesen  dirigido a la OPRET,  que es el organismo encargado de fijar las tarifas. Lamentablemente todav\u00eca  aqu\u00ec hay quienes siguen actuando de manera medalaganaria sin freno ni sanci\u00f3n.<\/span><\/p>\n<p>&#13;<\/p>\n<p align=\"justify\"><em><strong>DESCONSIDERACI\u00d3N CON LOS MEDICOS.\u00a0<\/strong><\/em> <span class=\"text1noticias\">Y el Colegio M\u00e8dico est\u00e0 dado al pecado con  la manera desconsiderada en que asegura su directiva,\u00a0 trata a ese sector el Consejo de la Seguridad Social  en la fijaci\u00f3n de las tarifas de sus honorarios profesionales para el \u00e0rea de  salud. La entrada de \u00e8sta est\u00e0 fijada para el pr\u00f3ximo primero de Junio, aunque  muchos dudan pueda arrancar en esa fecha.<\/span><\/p>\n<p>&#13;<\/p>\n<p align=\"justify\"><em><strong>\u00bfSEGURO DE SALUD SIN LOS MEDICOS? <\/strong><\/em><span class=\"text1noticias\">El gremio m\u00e8dico  est\u00e0 reclamando 400 pesos por consulta, en tanto en el Plan B\u00e1sico de Salud  s\u00f2lo se les han consignado 175 de manera unilateral.\u00a0 De acuerdo al doctor Enriquillo Matos el Consejo  ha rechazado\u00a0 discutir el tema.\u00a0 De mantenerse esa negativa, advierte que los  m\u00e8dicos no participar\u00e0n en la implementaci\u00f2n del Plan . De ser as\u00ec, habr\u00e0 que  depender del diagn\u00f2stico del vecino y apelar a los remedios caseros.<\/span><\/p>\n<p>&#13;<\/p>\n<p align=\"justify\"><em><strong>UNA ALERTA PREOCUPANTE. <\/strong><\/em>\u00a0<span class=\"text1noticias\">Y hablando de Seguridad Social, llama la  atenci\u00f3n el vac\u00eco que se ha producido en torno a las advertencias del doctor  Hernando P\u00e9rez Mont\u00e0s, reconocido como el m\u00e0s calificado actuario con que  cuenta el pa\u00ecs, en el sentido de que bajo el actual esquema las pensiones que  recibir\u00e1n en su momento los asegurados ser\u00e0n inferiores a las que ahora paga el  Instituto Dominicano del Seguro Social.\u00a0  De ser as\u00ec, pobre de los pensionados.<\/span><\/p>\n<p>&#13;<\/p>\n<p align=\"justify\"><em><strong>DIF\u00cdCIL DE ENTENDER.<\/strong><\/em> <span class=\"text1noticias\">Si poseemos estad\u00edsticas de las  exportaciones de cobre lo cual significa que est\u00e0n debidamente registradas,  \u00bfc\u00f2mo es posible entonces que las autoridades no puedan determinar en cada caso  el origen muy seguramente espurio de las mismas,\u00a0 tomando en cuenta que no producimos ese tipo  de metal? Dif\u00eccil de entender. Da la impresi\u00f3n de que algo a podrido huele en  el ambiente y no es precisamente en Dinamarca&#8230;<\/span><\/p>\n<p>&#13;<\/p>\n<p align=\"justify\"><em><strong>LAS RECOMENDACIONES DE MONSE\u00d1OR DE LA ROSA.<\/strong><\/em>\u00a0<span class=\"text1noticias\"> Mucha raz\u00f2n le asiste a monse\u00f1or Ram\u00f3n Benito de la Rosa y Carpio, Presidente de la Conferencia del  Episcopado Dominicano, al reclamar de la Junta Central  Electoral tratar de controlar los gastos de los candidatos y reducir el tiempo  de las campa\u00f1as pol\u00ecticas. Por lo pronto, ya el Presidente del organismo  advirti\u00f3 que el per\u00ecodo de campa\u00f1a para las pr\u00f3ximas elecciones presidenciales  se limitar\u00e0 a noventa d\u00ecas.<\/span><\/p>\n<p>&#13;<\/p>\n<p align=\"justify\"><em><strong>POSITIVO, PESE A TODO.<\/strong><\/em> <span class=\"text1noticias\">Las estad\u00edsticas policiales  dan a conocer que en el primer trimestre de este a\u00f1o se han reducido en un 33  porciento los homicidios y en un 39 porciento los actos delictivos. Sin dudas,  el Plan de Seguridad Democr\u00e1tica con todo y haber quedado por debajo de lo  prometido y necesario los programas complementarios de ayuda en trabajo,  educaci\u00f3n, salud y deportes, ha arrojado resultados positivos.<\/span><\/p>\n<p>&#13;<\/p>\n<p align=\"justify\"><em><strong>SECTORES AFECTADOS POR LA CRIMINALIDAD. <\/strong><\/em><span class=\"text1noticias\">No  obstante, hay todav\u00eca muchos sectores donde los malhechores siguen haciendo de  las suyas. En las barriadas de El Ed\u00e9n, Primaveral y M\u00e1ximo G\u00f2mez de Villa  Mella la gente est\u00e0 al grito con la delincuencia y denuncia que en las \u00f9ltimas  dos semanas, han sido asesinadas 5 personas. <br \/>&#13;<br \/>\n  <br \/>&#13;<br \/>\nEn tanto en Villa Duarte, el  narcotr\u00e1fico barrial mantiene un virtual toque de queda haciendo que a partir  de las 10 de la noche todo el vecindario est\u00e8 puertas adentro.<\/span><\/p>\n<p>&#13;<\/p>\n<p align=\"justify\"><em><strong>RESULTADOS DE LA GALLUP.<\/strong><\/em>\u00a0   <span class=\"text1noticias\">La encuesta Gallup que comenz\u00f2 a publicar el diario  Hoy en su edici\u00f2n de este d\u00eca arroja que m\u00e0s de las tres cuartas partes de los  pelede\u00ecstas favorecen la candidatura de Leonel Fern\u00e1ndez para un nuevo  per\u00ecodo.\u00a0 Casi sextuplica el n\u00f9mero de  los que son partidarios de Danilo Medina, mientras Jos\u00e8 Tom\u00e0s P\u00e9rez queda  relegado a un muy lejano tercer lugar.\u00a0 <\/span><\/p>\n<p>&#13;<\/p>\n<p align=\"justify\"><em><strong>DEL COMUNISMO AL CAPITALISMO.<\/strong><\/em> <span class=\"text1noticias\">Las vueltas que da la  vida.\u00a0 Comunistas declarados en la  guerra, los vietnamitas est\u00e0n incursionando fuertemente en el capitalismo ya en  la paz, inclusive proyect\u00e1ndose como inversionistas extranjeros. Un grupo de  \u00e8stos gestiona establecerse en el pa\u00ecs para ensamblar veh\u00edculos y fabricar  paneles solares para uso dom\u00e8stico, electrodom\u00e8sticos y piezas de repuesto. La  inversi\u00f2n ser\u00e0 del orden de 60 millones de d\u00f3lares.\u00a0 Por lo visto, del Comunismo al Capitalismo no  son muchos los pasos.<\/span><\/p>\n<p>&#13;<\/p>\n<p align=\"justify\"><em><strong>LA FARSA DE PARIS EN CONTRA DEL PAIS.<\/strong><\/em>\u00a0 <span class=\"text1noticias\">El montaje de Par\u00ecs en contra de la Rep\u00f9blica Dominicana  contin\u00f9a acerc\u00e1ndose a la fecha fatal.\u00a0  La idea es presentarnos como un pa\u00ecs donde se esclaviza a los haitianos  y se les niega la nacionalidad convirti\u00e9ndolos en ap\u00e0tridas.\u00a0 Hasta ahora, sin embargo, no se ha puesto de  manifiesto una l\u00ednea de acci\u00f2n articulada por nuestra parte para hacer frente a  la infamia.<\/span><\/p>\n<p>&#13;<\/p>\n<p align=\"justify\"><em><strong>ESTIMULANTES SEXUALES.<\/strong><\/em>\u00a0 <span class=\"text1noticias\">Y contin\u00f9a por la libre la publicidad y la  venta de los estimulantes sexuales pese a que el C\u00f3digo Sanitario establece  regulaciones en ese sentido.\u00a0 Han sido  reiteradas las advertencias de sex\u00f3logos y ur\u00f3logos sobre los da\u00f1os que puede  ocasionar el uso indiscriminado de estos productos sobre todo en gente joven  que no los precisa.\u00a0 No obstante, la Secretar\u00eca de Salud  P\u00f9blica no acaba de tomar una medida coercitiva en este caso. <\/span><\/p>\n<p>&#13;<\/p>\n<h6> 2007-04-18 16:18:48 <\/h6>\n<p><!--\n<link rel=\"stylesheet\" href=\"css\/bootstrap.min.css\">\n\n\n<ul class=\"pagination\">\n\t    \n\t\n\n<li >\n\t<a href='?page_no=13084'>Previous<\/a>\n\t<\/li>\n\n\n       \n    \n\n<li><a href='?page_no=1'>1<\/a><\/li>\n\n\n\n<li><a href='?page_no=2'>2<\/a><\/li>\n\n\n\n<li><a>...<\/a><\/li>\n\n\n\n<li><a href='?page_no=13083'>13083<\/a><\/li>\n\n\n\n<li><a href='?page_no=13084'>13084<\/a><\/li>\n\n\n\n<li class='active'><a>13085<\/a><\/li>\n\n\n\n<li><a href='?page_no=13086'>13086<\/a><\/li>\n\n\n\n<li><a href='?page_no=13087'>13087<\/a><\/li>\n\n\n\n<li><a>...<\/a><\/li>\n\n\n\n<li><a href='?page_no=13611'>13611<\/a><\/li>\n\n\n\n<li><a href='?page_no=13612'>13612<\/a><\/li>\n\n    \n\t\n\n<li >\n\t<a href='?page_no=13086'>Next<\/a>\n\t<\/li>\n\n\n    \n\n<li><a href='?page_no=13612'>Last &rsaquo;&rsaquo;<\/a><\/li>\n\n<\/ul>\n\n\n--><br \/>\n<\/body><\/p>\n","protected":false},"excerpt":{"rendered":"<p>LAS PRINCIPALES EN TELEDEBATE &#13; Lunes 16 de Abril,2007 &#13; LOS PASAJEROS AL GRITO.\u00a0 Los usuarios del tranporte p\u00f9blico est\u00e0n al grito con el aumento de los pasajes urbanos dispuestos por la OPRET.\u00a0 Esos 3 y 5 pesos para rutas cortas y largas son una carga muy fuerte para el ya bastante limitado presupuesto de [&hellip;]<\/p>\n","protected":false},"author":3,"featured_media":0,"comment_status":"open","ping_status":"open","sticky":false,"template":"","format":"standard","meta":{"footnotes":""},"categories":[16],"tags":[],"class_list":["post-37309","post","type-post","status-publish","format-standard","hentry","category-opiniones"],"_links":{"self":[{"href":"https:\/\/diariodominicano.com\/index.php?rest_route=\/wp\/v2\/posts\/37309","targetHints":{"allow":["GET"]}}],"collection":[{"href":"https:\/\/diariodominicano.com\/index.php?rest_route=\/wp\/v2\/posts"}],"about":[{"href":"https:\/\/diariodominicano.com\/index.php?rest_route=\/wp\/v2\/types\/post"}],"author":[{"embeddable":true,"href":"https:\/\/diariodominicano.com\/index.php?rest_route=\/wp\/v2\/users\/3"}],"replies":[{"embeddable":true,"href":"https:\/\/diariodominicano.com\/index.php?rest_route=%2Fwp%2Fv2%2Fcomments&post=37309"}],"version-history":[{"count":0,"href":"https:\/\/diariodominicano.com\/index.php?rest_route=\/wp\/v2\/posts\/37309\/revisions"}],"wp:attachment":[{"href":"https:\/\/diariodominicano.com\/index.php?rest_route=%2Fwp%2Fv2%2Fmedia&parent=37309"}],"wp:term":[{"taxonomy":"category","embeddable":true,"href":"https:\/\/diariodominicano.com\/index.php?rest_route=%2Fwp%2Fv2%2Fcategories&post=37309"},{"taxonomy":"post_tag","embeddable":true,"href":"https:\/\/diariodominicano.com\/index.php?rest_route=%2Fwp%2Fv2%2Ftags&post=37309"}],"curies":[{"name":"wp","href":"https:\/\/api.w.org\/{rel}","templated":true}]}}