{"id":37307,"date":"2007-04-19T16:47:05","date_gmt":"2007-04-19T16:47:05","guid":{"rendered":"http:\/\/diariodominicano.ddns.net\/?p=37307"},"modified":"2007-04-19T16:47:05","modified_gmt":"2007-04-19T16:47:05","slug":"las-principales-en-teledebate-95","status":"publish","type":"post","link":"https:\/\/diariodominicano.com\/?p=37307","title":{"rendered":"LAS PRINCIPALES EN TELEDEBATE"},"content":{"rendered":"<p><body><\/p>\n<p><em><strong>LAS PRINCIPALES EN TELEDEBATE<\/strong><\/em><br \/>&#13;<br \/>\n  <br \/>&#13;<br \/>\n    <span class=\"textogrande\">Martes 17,04,07<\/span><\/p>\n<p>&#13;<\/p>\n<p align=\"justify\"><em><strong>MATANZA SIN PRECEDENTES.<\/strong><\/em> <span class=\"text1noticias\">Todav\u00eca la sociedad  norteamericana y el mundo en general est\u00e0n conmocionados por la incre\u00ecble  matanza sin precedentes que protagoniz\u00f2 un estudiante sudcoreano de la Universidad Tecnol\u00f3gica  de Virginia, donde ametrall\u00f2 en forma brutal a profesores y alumnos de la  misma. El\u00a0 saldo final fue de 33 muertes,  incluyendo la del agresor, y quince heridos.\u00a0  El FBI descarta que se haya tratado de un atentado terrorista.<\/span><\/p>\n<p>&#13;<\/p>\n<p align=\"justify\"><em><strong>MOVILIZACI\u00d3N SE VISTE DE LUTO.<\/strong><\/em>\u00a0<span class=\"text1noticias\"> Las protestas violentas ocasionan otra  v\u00ecctima. En Navarrete, escenario frecuente de movilizaciones callejeras, la  marcha reclamando la instalaci\u00f3n de un transformador por parte de la  distribuidora de energ\u00eda EDENORTE; se visti\u00f2 de luto con la muerte de Jos\u00e8  Marcelino Garcia. La v\u00ecctima era sordomudo y recibi\u00f2 un disparo en la nuca  mientras transitaba en una motocicleta.<\/span><\/p>\n<p>&#13;<\/p>\n<p align=\"justify\"><em><strong>SANTIAGUEROS QUEJOSOS. <\/strong><\/em><span class=\"text1noticias\">Los  empresarios de Santiago han puesto el grito en el cielo.\u00a0 Recientemente el Presidente Leonel Fern\u00e1ndez en  una gira de tres d\u00ecas por la regi\u00f2n del Cibao, anunci\u00f2 obras para la ciudad de  los 30 caballeros por el orden de 600 millones de pesos.\u00a0 Los quejosos tachan la suma de insuficiente y\u00a0 muy por debajo de los aportes que hace  Santiago al Producto Interno Bruto.<\/span><\/p>\n<p>&#13;<\/p>\n<p align=\"justify\"><em><strong>TARDIA PERO SEGURA.<\/strong><\/em> <span class=\"text1noticias\">Dicen que  la justicia tarda pero llega.\u00a0 La  sentencia es v\u00e0lida en el caso del asesinato de Orlando Mart\u00ecnez. Al cabo de  m\u00e0s de tres d\u00e9cadas, la   C\u00e0mara Penal de la   Corte de Apelaci\u00f3n de San Pedro de Macor\u00eds conden\u00f2 anoche a  30 a\u00f1os de prisi\u00f3n a los confesos matadores del joven y talentoso periodista.El  ex general Joaqu\u00edn Antonio Pou Castro recibi\u00f2 una sanci\u00f3n de 20.<\/span><\/p>\n<p>&#13;<\/p>\n<p align=\"justify\"><em><strong>CONTRA EL DENGUE.<\/strong><\/em>\u00a0 <span class=\"text1noticias\">Hoy di\u00f2 inicio a las 9 de la ma\u00f1ana la gran  jornada nacional contra el dengue.\u00a0 Se  estima que en la misma participaron m\u00e0s de 2 millones 300 mil estudiantes y  unos 80 mil docentes, tanto del sector p\u00f9blico como privado. En las escuelas se  presentar\u00e0 un video sobre el dengue as\u00ed como se divulgar\u00e0n anuncios de  prevenci\u00f3n y afiches orientando sobre la enfermedad.<\/span><\/p>\n<p>&#13;<\/p>\n<p align=\"justify\"><em><strong>CON SENTIDO DE PREVISI\u00d3N.<\/strong><\/em>\u00a0 <span class=\"text1noticias\">Hay que reconocer que, a diferencia del  pasado a\u00f1o, en esta oportunidad la Secretaria de Estado de Salud P\u00f9blica y dem\u00e0s  organismos que participan de este esfuerzo de salud est\u00e0n actuando con un  elevado sentido de previsi\u00f3n y despertando conciencia en la poblaci\u00f3n sobre los  riesgos del dengue, la mejor forma de prevenirlo y, cuando sea el caso, de  combatirlo. Ah, si tiene los s\u00edntomas no se le ocurra pedir consejo a un  vecino, ni\u00a0 medicarse por su cuenta,  mejor consulte primero a su m\u00e8dico.<\/span><\/p>\n<p>&#13;<\/p>\n<p align=\"justify\"><em><strong>GRIMALDI DE LUTO.\u00a0<\/strong><\/em><span class=\"text1noticias\"> Lamentable la muerte de don Jos\u00e8 Dante  Grimaldi, padre del periodista V\u00ecctor Grimaldi, a quien enviamos nuestras  condolencias.\u00a0 El cuerpo del occiso  apareci\u00f3 desnudo en la playa de Juan Dolio. Se cree que muri\u00f2 de asfixia por  inmersi\u00f3n, o sea, ahogado.\u00a0 No obstante,  un hermano del mismo declar\u00f2 a la prensa que al menos en el rostro se aprecian  sendos golpes en la frente y la mejilla.<\/span><\/p>\n<p>&#13;<\/p>\n<p align=\"justify\"><em><strong>VENTAJA COMODA.<\/strong><\/em>\u00a0<span class=\"text1noticias\"> La Encuesta Gallup cuya segunda entrega apareci\u00f3 en  la edici\u00f2n de este d\u00eca del matutino Hoy sin dudas que favorece las aspiraciones  del Presidente Leonel Fern\u00e1ndez, tanto de ser candidato nuevamente por su  partido como por la posibilidad de continuar en el poder por un segundo  per\u00ecodo.\u00a0 Aunque la muestra no reporta  ganadores en primera vuelta le concede al mandatario una c\u00f3moda ventaja sobre  Miguel Vargas Maldonado de m\u00e0s de 18 puntos.<\/span><\/p>\n<p>&#13;<\/p>\n<p align=\"justify\"><em><strong>TAMBIEN EN SEGUNDA VUELTA.<\/strong><\/em>\u00a0<span class=\"text1noticias\"> En segunda vuelta, tambi\u00e8n el Presidente  aparece como ganador por un amplio margen de m\u00e0s de 16 puntos sobre el  candidato del PRD.\u00a0 En otro escenario  Danilo Medina obtendr\u00eda 31.8 puntos a solo tres de ventaja de Vargas  Maldonado.\u00a0 En una segunda vuelta, en  cambio la puntuaci\u00f3n se empareja con un 36.5 porciento para Danilo frente a un  36.3 para su contendor. Una especie de empate t\u00e8cnico donde la balanza de la  victoria puede inclinarse a cualquier lado. <\/span><\/p>\n<p>&#13;<\/p>\n<p align=\"justify\"><em><strong>DESCENSO EN LOS  HOMICIDIOS.<\/strong><\/em>\u00a0 <span class=\"text1noticias\">Otros trece nuevos sectores  de la capital y Santiago ser\u00e0n incorporados al Plan de Seguridad  Democr\u00e1tica.\u00a0 Seg\u00f9n los datos ofrecidos  por el Secretario de Interior y Polic\u00eca la ejecuci\u00f3n del Plan ha ido reduciendo  el porcentaje de muertes violentas de un 21.60 porciento en el 2005 a 17.31 en lo que va  del presente a\u00f1o. En 16 de los sectores que comprende el Plan no se ha  registrado en lo que va de este a\u00f1o ning\u00f9n homicidio.<\/span><\/p>\n<p>&#13;<\/p>\n<p align=\"justify\"><em><strong>PIDEN SER INCLUIDOS.\u00a0<\/strong><\/em> <span class=\"text1noticias\">Sin embargo, de Villa Mella se siguen  recibiendo angustiosas quejas de los vecinos de distintos barrios de esa  comunidad\u00a0 por el incremento de la  criminalidad y el reclamo de ser incluidos en el Plan de Seguridad Democr\u00e1tica.  Algo parecido ocurre en Villa Duarte, donde los residentes est\u00e0n sometidos a un  virtual toque de queda a partir de las 10 de la noche, debido al auge de los  narcos.<\/span><\/p>\n<p>&#13;<\/p>\n<p align=\"justify\"><em><strong>AUMENTOS DEL PASAJE.\u00a0<\/strong><\/em> <span class=\"text1noticias\">No obstante el acuerdo a que se lleg\u00f2  presuntamente entre la OPRET  y los transportistas, la directiva de CONSATRAN advierte que cobrar\u00e0 20 pesos a  los usuarios sin importar que estos viajen tramos cortos o intermedios.\u00a0 Lo que se hab\u00eca aprobado era que en estos  \u00faltimos casos, el pasaje costar\u00eca solo 18 pesos y no 20.\u00a0 Diandino Pe\u00f1a sin embargo asegura que el  gobierno est\u00e0 en capacidad de sancionar a los transgresores. Veremos si es  verdad o se trata de pura palabrer\u00eca.<\/span><\/p>\n<p>&#13;<\/p>\n<p align=\"justify\"><em><strong>EL REFORMISMO A PRUEBA.<\/strong><\/em> <span class=\"text1noticias\">Muchos  se preguntan si tambi\u00e8n la aparente disposici\u00f2n de los aspirantes reformistas a  devolverle a esa agrupaci\u00f3n su identidad original marchando solo a las  elecciones, es sincera y ser\u00e0 mantenida con firmeza. Lo cierto es que la  mayor\u00eca lo duda, dado el continuo papel de partido bisagra que ha interpretado  desde la desaparici\u00f3n del doctor Balaguer.\u00a0  Si mantiene la disposici\u00f2n de ir independiente no van a ser pocos los  sorprendidos.<\/span><\/p>\n<p>&#13;<\/p>\n<h6> 2007-04-19 16:47:05 <\/h6>\n<p><!--\n<link rel=\"stylesheet\" href=\"css\/bootstrap.min.css\">\n\n\n<ul class=\"pagination\">\n\t    \n\t\n\n<li >\n\t<a href='?page_no=13082'>Previous<\/a>\n\t<\/li>\n\n\n       \n    \n\n<li><a href='?page_no=1'>1<\/a><\/li>\n\n\n\n<li><a href='?page_no=2'>2<\/a><\/li>\n\n\n\n<li><a>...<\/a><\/li>\n\n\n\n<li><a href='?page_no=13081'>13081<\/a><\/li>\n\n\n\n<li><a href='?page_no=13082'>13082<\/a><\/li>\n\n\n\n<li class='active'><a>13083<\/a><\/li>\n\n\n\n<li><a href='?page_no=13084'>13084<\/a><\/li>\n\n\n\n<li><a href='?page_no=13085'>13085<\/a><\/li>\n\n\n\n<li><a>...<\/a><\/li>\n\n\n\n<li><a href='?page_no=13611'>13611<\/a><\/li>\n\n\n\n<li><a href='?page_no=13612'>13612<\/a><\/li>\n\n    \n\t\n\n<li >\n\t<a href='?page_no=13084'>Next<\/a>\n\t<\/li>\n\n\n    \n\n<li><a href='?page_no=13612'>Last &rsaquo;&rsaquo;<\/a><\/li>\n\n<\/ul>\n\n\n--><br \/>\n<\/body><\/p>\n","protected":false},"excerpt":{"rendered":"<p>LAS PRINCIPALES EN TELEDEBATE&#13; &#13; Martes 17,04,07 &#13; MATANZA SIN PRECEDENTES. Todav\u00eca la sociedad norteamericana y el mundo en general est\u00e0n conmocionados por la incre\u00ecble matanza sin precedentes que protagoniz\u00f2 un estudiante sudcoreano de la Universidad Tecnol\u00f3gica de Virginia, donde ametrall\u00f2 en forma brutal a profesores y alumnos de la misma. El\u00a0 saldo final fue [&hellip;]<\/p>\n","protected":false},"author":3,"featured_media":0,"comment_status":"open","ping_status":"open","sticky":false,"template":"","format":"standard","meta":{"footnotes":""},"categories":[16],"tags":[],"class_list":["post-37307","post","type-post","status-publish","format-standard","hentry","category-opiniones"],"_links":{"self":[{"href":"https:\/\/diariodominicano.com\/index.php?rest_route=\/wp\/v2\/posts\/37307","targetHints":{"allow":["GET"]}}],"collection":[{"href":"https:\/\/diariodominicano.com\/index.php?rest_route=\/wp\/v2\/posts"}],"about":[{"href":"https:\/\/diariodominicano.com\/index.php?rest_route=\/wp\/v2\/types\/post"}],"author":[{"embeddable":true,"href":"https:\/\/diariodominicano.com\/index.php?rest_route=\/wp\/v2\/users\/3"}],"replies":[{"embeddable":true,"href":"https:\/\/diariodominicano.com\/index.php?rest_route=%2Fwp%2Fv2%2Fcomments&post=37307"}],"version-history":[{"count":0,"href":"https:\/\/diariodominicano.com\/index.php?rest_route=\/wp\/v2\/posts\/37307\/revisions"}],"wp:attachment":[{"href":"https:\/\/diariodominicano.com\/index.php?rest_route=%2Fwp%2Fv2%2Fmedia&parent=37307"}],"wp:term":[{"taxonomy":"category","embeddable":true,"href":"https:\/\/diariodominicano.com\/index.php?rest_route=%2Fwp%2Fv2%2Fcategories&post=37307"},{"taxonomy":"post_tag","embeddable":true,"href":"https:\/\/diariodominicano.com\/index.php?rest_route=%2Fwp%2Fv2%2Ftags&post=37307"}],"curies":[{"name":"wp","href":"https:\/\/api.w.org\/{rel}","templated":true}]}}