{"id":37306,"date":"2007-04-20T13:38:47","date_gmt":"2007-04-20T13:38:47","guid":{"rendered":"http:\/\/diariodominicano.ddns.net\/?p=37306"},"modified":"2007-04-20T13:38:47","modified_gmt":"2007-04-20T13:38:47","slug":"plagio-transmision-de-pensamiento-o-coincidencia","status":"publish","type":"post","link":"https:\/\/diariodominicano.com\/?p=37306","title":{"rendered":"\u00bfPlagio, Transmisi\u00f3n de Pensamiento o Coincidencia?"},"content":{"rendered":"<p><body><\/p>\n<style type=\"text\/css\"><![CDATA[\n<!--\n.Estilo1 {color: #000066}\n.Estilo3 {\n\tfont-family: Arial;\n\tline-height: normal;\n\ttext-transform: none;\n\tfont-size: 14px;\n\tcolor: #000000;\n\tfont-weight: bold;\n}\n.Estilo6 {\n\tcolor: #000099;\n\tfont-weight: bold;\n}\n.Estilo11 {color: #000066; line-height: normal; text-transform: none;}\n.Estilo14 {\n\tcolor: #2f60a3;\n\tfont-family: Arial;\n\tline-height: normal;\n\tfont-weight: bold;\n\ttext-decoration: none;\n\tfont-size: 11px;\n\tfont-style: italic;\n}\n-->\n]]><\/style>\n<p>&#13;<\/p>\n<p class=\"titulogrande1\"><em><strong>\u00bfPlagio, Transmisi\u00f3n de  Pensamiento o Coincidencia?<\/strong><\/em><\/p>\n<p>&#13;<\/p>\n<h1><span class=\"ttmediao\"><em>Por:<\/em><\/span> <span class=\"textogrande\"><em>Onorio Mont\u00e1s<\/em><\/span><\/h1>\n<p>&#13;<\/p>\n<p align=\"justify\" class=\"text1noticias\">Orlando Jorge Mera, tendr\u00e1 que hilar fino  para convencer a los Dominicanos y extranjeros, a nosotros los Dominicanos  porque el ha escogido la pol\u00edtica como profesi\u00f3n sigui\u00e9ndole los pasos a su  padre y su madre con un resultado final lamentable, aunque su padre utiliz\u00f3 los  tribunales para catapultarse pol\u00edticamente en los nunca olvidados doce a\u00f1os de  Joaqu\u00edn Balaguer, que se la guard\u00f3 y lo convirti\u00f3 en un muerto pol\u00edtico.<\/p>\n<p>&#13;<\/p>\n<p align=\"justify\" class=\"text1noticias\">En el caso de los extranjeros el  licenciado Jorge Mera se olvid\u00f3 que nos hemos convertido en \u201cUna Aldea Global\u201d  , pues lo que le ha sucedido con dos art\u00edculos publicados como de su autor\u00eda en  \u201cEl Caribe\u201d en fecha 28 de noviembre de 2006 y Jordi Sevilla el 15 de noviembre  2006 en su blog.jordisevilla.org, solo 13 d\u00edas de diferencia y para colmo el 13  febrero 2007 publica\u00a0 de nuevo en El  Caribe \u201cCalentamiento Humano\u201d con 11 d\u00edas de diferencia Billy Crisanto  Seminario public\u00f3 en \u201cpiuravirtual.com\u201d el 2 febrero 2007 \u201cEl Calentamiento  Global es irreversible\u201d , pero alguien que fue asesor o consejero de Salvador  Jorge Blanco me dec\u00eda que \u201ca los pol\u00edticos dominicanos con el tiempo sobre la  epidermis se le va formando una cascarita o escama que al pasar el tiempo se  convierte en una coraza\u201d, pero parece que al licenciado Jorge Mera se le  aceler\u00f3 el proceso de formaci\u00f3n de esa coraza como buen aspirante a pol\u00edtico  dominicano, pues hoy aparece en la prensa dando declaraciones y exigiendo  \u201ctransparencia al PLD\u201d cuando yo creo que deber\u00eda callarse por un tiempo y  evitar\u00a0 aparecer en la prensa, si no por  respeto a los Dominicanos, por lo menos a los autores de los mencionados  art\u00edculos de opini\u00f3n que se atribuy\u00f3 en el respetable diario \u201cEl Caribe\u201d, de  ahora en adelante los directores tendr\u00e1n que escoger con mucho cuidado sus  articulistas.<br \/>&#13;<br \/>\n  <br \/>&#13;<br \/>\n  A  continuaci\u00f3n los art\u00edculos mencionados, para que usted saque su propia  conclusi\u00f3n.<\/p>\n<p>&#13;<\/p>\n<p align=\"justify\" class=\"text1noticias\">19  de abril de 2007<\/p>\n<p>&#13;<\/p>\n<p class=\"titulogrande\"><em>Opini\u00f3n<\/em><\/p>\n<p>&#13;<\/p>\n<h3><em>Mal Estado, no Estado, buen Estado<\/em><\/h3>\n<p>&#13;<\/p>\n<p align=\"justify\" class=\"text1noticias\">El  sacrificio que ha tenido que hacer el pueblo dominicano para mantener la  democracia estable que tenemos es un reconocimiento de la capacidad que tiene  nuestra naci\u00f3n. Ahora, siempre ser\u00e1 una tarea inacabada reforzar la democracia.<\/p>\n<p>&#13;<\/p>\n<p align=\"justify\"><span class=\"Estilo3\">Por  Orlando Jorge Mera<\/span><span class=\"text1noticias\"><em><strong>\u00a0<\/strong><\/em> \/ <\/span><span class=\"textopq1\"><em>El Caribe<\/em><\/span><\/p>\n<p>&#13;<\/p>\n<p align=\"justify\" class=\"text1noticias\">Martes  28 de noviembre del 2006 actualizado el lunes 27 de noviembre del 2006 a las 10:43 PM<br \/>&#13;<br \/>\n\u00a0 \u00a0\u00a0\u00a0\u00a0\u00a0\u00a0\u00a0\u00a0\u00a0\u00a0\u00a0\u00a0\u00a0\u00a0\u00a0\u00a0 <br \/>&#13;<br \/>\nEn  medio del debate generado por la tercera reforma tributaria impuesta por el  gobierno del PLD, que ha merecido el rechazo de amplios sectores de la vida  nacional, por cuanto se ha establecido que, en vez de establecer nuevos  impuestos, lo que el Gobierno debe hacer es implementar una amplia pol\u00edtica de  austeridad, se ha puesto de moda, otra vez, el rol del Estado, o mejor dicho,  del buen Estado.<\/p>\n<p>&#13;<\/p>\n<p align=\"justify\" class=\"text1noticias\">Que  la administraci\u00f3n p\u00fablica funcione bien es la condici\u00f3n necesaria para  garantizar los derechos, las libertades y la lucha contra el hambre. De hecho,  cada vez m\u00e1s, en todos los programas de cooperaci\u00f3n internacional, se  incorporan aspectos de buena administraci\u00f3n como elemento fundamental.<br \/>&#13;<br \/>\n  \u00a0<br \/>&#13;<br \/>\n  Ya  ha llegado a su fin el llamado Consenso de Washington, que indudablemente  provoc\u00f3 la supervivencia del m\u00e1s fuerte y de un Estado m\u00ednimo, que tanta  miseria y corrupci\u00f3n ha esparcido por el mundo en las \u00faltimas d\u00e9cadas.<\/p>\n<p>&#13;<\/p>\n<p align=\"justify\" class=\"text1noticias\">Cuando  el Estado no es capaz de proporcionar los servicios p\u00fablicos b\u00e1sicos,  garantizar el nivel m\u00ednimo de inversi\u00f3n en educaci\u00f3n y salud, luchar contra la  erradicaci\u00f3n de la pobreza a trav\u00e9s de planes sociales transparentes, y  establecer prioridades nacionales sobre la base de una ejecuci\u00f3n presupuestaria  sana y transparente, entonces se est\u00e1 en presencia de un mal Estado. Por eso,  la alternativa a un mal Estado no es un no Estado, sino un buen Estado.<\/p>\n<p>&#13;<\/p>\n<p align=\"justify\" class=\"text1noticias\">En  \u00e9pocas de incertidumbre como la que estamos viviendo actualmente, existe una  sola receta: m\u00e1s informaci\u00f3n, m\u00e1s transparencia, m\u00e1s participaci\u00f3n, y en  definitiva, m\u00e1s democracia.\u00a0 Ante la  incertidumbre se necesita un Estado fuerte y eficaz.<br \/>&#13;<br \/>\n  \u00a0<br \/>&#13;<br \/>\n  Esta  fortaleza reside en la calidad democr\u00e1tica, en el ejercicio responsable de sus  competencias y en la existencia de unos servicios p\u00fablicos eficientes.<\/p>\n<p>&#13;<\/p>\n<p align=\"justify\"><span class=\"text1noticias\">De  la necesidad de la democracia lo sabemos todos los dominicanos. El sacrificio  que ha tenido que hacer el pueblo dominicano para mantener la democracia  estable que tenemos es un reconocimiento de la capacidad que tiene nuestra  naci\u00f3n.<br \/>&#13;<br \/>\n  \u00a0<br \/>&#13;<br \/>\n  Ahora,  siempre ser\u00e1 una tarea inacabada reforzar la democracia. Para alcanzar este  objetivo es preciso que todos los ciudadanos nos impliquemos, porque la  participaci\u00f3n hacer fuerte a la democracia y la democracia, como expres\u00e9, hace  fuerte al Estado.<br \/>&#13;<br \/>\n  \u00a0<br \/>&#13;<br \/>\n  El  binomio ciudadan\u00eda-poder pol\u00edtico determina la calidad de una democracia. Una  ciudadan\u00eda exigente hace que la democracia progrese. Y esto es justamente lo  que estamos viendo actualmente con la propuesta de la tercera reforma  tributaria: La mayor\u00eda de los dominicanos entiende que no son necesarios los  nuevos impuestos.<br \/>&#13;<br \/>\n  \u00a0<br \/>&#13;<br \/>\n  Que  el Gobierno debe implementar la austeridad. En la tarea de la construcci\u00f3n  democr\u00e1tica, el valor de la pol\u00edtica y de la acci\u00f3n p\u00fablica y de quienes nos  dedicamos a ello es determinante.<br \/>&#13;<br \/>\n  \u00a0<br \/>&#13;<br \/>\n  Porque  las sociedades y la democracia no pueden avanzar sin pol\u00edticos convencidos y  convicentes, con ideales, con proyectos y, sobre todo, con firmes principios.<br \/>&#13;<br \/>\n  \u00a0<br \/>&#13;<br \/>\n  En  definitiva, s\u00ed, tenemos mucho que mejorar. Pero, de vez en cuando, conviene  recordar las cuestiones b\u00e1sicas de un buen Estado.<\/span><br \/>&#13;<br \/>\n  <br \/>&#13;<br \/>\n  <em><strong>Orlando  Jorge Mera es secretario general del PRD<\/strong><\/em><br \/>&#13;<br \/>\n  <br \/>&#13;<br \/>\n  <span class=\"text1noticias Estilo6\"><span class=\"Estilo11\">www.orlandojorgemera.com.do<\/span><\/span><\/p>\n<p>&#13;<\/p>\n<p class=\"Estilo3\">Mal Estado, no Estado, buen Estado<\/p>\n<p>&#13;<\/p>\n<p align=\"justify\" class=\"text1noticias\">Mi\u00e9rcoles,  15 de Noviembre de 2006<\/p>\n<p>&#13;<\/p>\n<p align=\"justify\" class=\"text1noticias\">Regreso  de Guatemala con algo m\u00e1s que \u201cjet lag\u201d. Traigo un \u201clag\u201d que no se debe s\u00f3lo al  cambio horario o al avi\u00f3n. <br \/>&#13;<br \/>\n  <br \/>&#13;<br \/>\nHe rele\u00eddo todos mis post anteriores, casi todos  vuestros comentarios y\u00a0 mis respuestas.  Todos los contenidos son importantes porque son nuestros, pero la perspectiva  con la que analizo este blog ha cambiado un poco.<\/p>\n<p>&#13;<\/p>\n<p align=\"justify\" class=\"text1noticias\">No  entrar\u00e9 en los comentarios que hace An\u00edbal sobre la pobreza y las perspectivas  limitadas de vida de gente que no ha hecho nada para nacer donde lo ha hecho.  Los comparto. Tampoco quiero hablar de la posibilidad de que El Principito se  escribiera en Antigua dado que Saint-Exup\u00e8ry estuvo tiempo viviendo all\u00ed. Ni de  la importante labor que realizan nuestros cooperantes all\u00ed, de lo que hablar\u00e9  en pr\u00f3ximos textos.<\/p>\n<p>&#13;<\/p>\n<p align=\"justify\" class=\"text1noticias\">Lo  que me ha llamado la atenci\u00f3n de la reuni\u00f3n de Ministros Latinoamericanos es  que el Estado vuelve a estar de moda. <br \/>&#13;<br \/>\n  <br \/>&#13;<br \/>\nQue una administraci\u00f3n que funcione bien,  imparcial, profesional y s\u00f3lida es condici\u00f3n necesaria para garantizar los  derechos, las libertades y la lucha contra el hambre.<\/p>\n<p>&#13;<\/p>\n<p align=\"justify\" class=\"text1noticias\">De  hecho, cada vez m\u00e1s, en todos los programas de ayuda al desarrollo se  incorporan aspectos de buena administraci\u00f3n como elemento fundamental. Parece  que se est\u00e1 poniendo fin al llamado Consenso de Washington y a un cierto  neoliberalismo conservador del tipo, la supervivencia del m\u00e1s fuerte y un  Estado m\u00ednimo, que tanta miseria y corrupci\u00f3n ha esparcido por el mundo en las  \u00faltimas d\u00e9cadas.<\/p>\n<p>&#13;<\/p>\n<p align=\"justify\" class=\"text1noticias\">La  alternativa a un mal Estado no es un no Estado sino un buen Estado. Estuve con  el ministro de Finanzas de Guatemala, pa\u00eds que tiene una presi\u00f3n fiscal del 12%  del PIB, una de las m\u00e1s bajas del continente. Con esos ingresos es imposible  que se pueda asegurar sanidad y educaci\u00f3n p\u00fablicas para todos. O carreteras, o  seguridad.\u00a0 <br \/>&#13;<br \/>\n  <br \/>&#13;<br \/>\nLa desnutrici\u00f3n infantil del  40%\u00a0 que reconocen, es imposible de  combatir sin dinero p\u00fablico para programas contra el hambre. Sin Estado, s\u00f3lo  los ricos sobreviven rodeados de guardias privados de seguridad y en casas  ocultas por las verjas y los alambres.<\/p>\n<p>&#13;<\/p>\n<p align=\"justify\" class=\"text1noticias\">S\u00ed.  Tenemos mucho que mejorar. Pero, de vez en cuando, conviene recordar las  cuestiones b\u00e1sicas.<\/p>\n<p>&#13;<\/p>\n<p align=\"justify\" class=\"text1noticias\">Mis  respuestas&#8230;<\/p>\n<p>&#13;<\/p>\n<p align=\"justify\" class=\"text1noticias\">Perdonad  el retraso pero he andado bastante liado estos d\u00edas y como es verdad, aunque  algunos lo pongan en duda, que me leo vuestros comentarios, no he podido  contestar hasta ahora.<\/p>\n<p>&#13;<\/p>\n<p align=\"justify\" class=\"text1noticias\">La  mayor\u00eda comparte la necesidad de un buen estado para un adecuado funcionamiento  de la sociedad. Pero \u00bfqu\u00e9 es el Estado? se pregunta Magda Sinconcilia y lo hace  ante la evidencia de la amplia existencia de mal estado en el mundo, incluso  all\u00e1 donde se entremezclan buen y mal estado. Pero sin quitarle nada a su  reflexi\u00f3n, como a la de otros que se\u00f1alan los problemas realmente existentes en  nuestras administraciones p\u00fablicas -trabajamos para solucionarlo-, es  importante saber que sin buen estado no hay buena sociedad, ni buen sector  privado, ni buena democracia. Por tanto, ya sabemos por lo que luchar. Pero  \u00bfrealmente puede funcionar bien el estado? Se preguntan varios (Valencia, Harto  II, M. Tulio Cicer\u00f3n\u2026) y trasladan un elevado escepticismo respecto a la verdad  de las cosas o la realidad de las grandes palabras.<\/p>\n<p>&#13;<\/p>\n<p align=\"justify\" class=\"text1noticias\">Admitidme  dos cosas: primero, si analizamos casos concretos, hay para todos los gustos.  Servicios que funcionan bien y otros que son mejorables. No todo es tan negro  como se se\u00f1ala en esos comentarios. Segundo, es una evidencia que la sociedad y  los seres humanos hemos mejorado desde hace \u00bfCu\u00e1nto? \u00bf50, 100, 25 a\u00f1os?. Y  cuando digo esto me refiero tambi\u00e9n a nuestros servicios p\u00fablicos, a la  administraci\u00f3n y al control a los gobernantes. <\/p>\n<p>&#13;<\/p>\n<p align=\"justify\" class=\"text1noticias\">Con  momentos en los que es dif\u00edcil ajustar oferta y demanda y sobre todo, con un  creciente y positivo nivel de exigencia por parte de los ciudadanos respecto a  la calidad en la prestaci\u00f3n de estos servicios como reclama Juan A. S\u00e1nchez y  como ocurre tambi\u00e9n con los servicios privados. No, no vivimos en el mejor de  los mundos. Pero tampoco seamos pesimistas no ya respecto a esto o aquello,  sino respecto al propio ser humano y a su capacidad de hacer bien las cosas.<\/p>\n<p>&#13;<\/p>\n<p align=\"justify\" class=\"text1noticias\">T\u00e9cnica  de Hacienda: leo vuestros comentarios y sigo el asunto.<\/p>\n<p>&#13;<\/p>\n<p align=\"justify\" class=\"text1noticias\">Por  cierto, enhorabuena a Transon y \u00e1nimo.<\/p>\n<p>&#13;<\/p>\n<p class=\"text1noticias Estilo1\"><strong>Opini\u00f3n<\/strong><\/p>\n<p>&#13;<\/p>\n<h2><em>Calentamiento humano<\/em><\/h2>\n<p>&#13;<\/p>\n<p align=\"justify\" class=\"text1noticias\">El  calentamiento puede tener efectos dram\u00e1ticos sobre la vida individual,  colectiva y la seguridad global. el anterior informe del ipcc conclu\u00eda en que  gastando anualmente un 1% del pib se pod\u00eda dar marcha atr\u00e1s a este fen\u00f3meno.<\/p>\n<p>&#13;<\/p>\n<p><span class=\"Estilo14\">Por<\/span><em><strong>  Orlando Jorge Mera<\/strong><\/em>\u00a0 \/ <span class=\"textopq1\"><em>El Caribe<\/em><\/span><\/p>\n<p>&#13;<\/p>\n<p align=\"justify\" class=\"text1noticias\">Martes  13 de febrero del 2007 actualizado el lunes 12 de febrero del 2007 a las 11:07 PM<br \/>&#13;<br \/>\n\u00a0 \u00a0\u00a0\u00a0\u00a0\u00a0\u00a0\u00a0\u00a0\u00a0\u00a0\u00a0\u00a0\u00a0\u00a0\u00a0\u00a0 \u00a0<br \/>&#13;<br \/>\nLa Tierra,  el aire y el agua han sufrido un calentamiento. Esto es ya algo seguro, seg\u00fan  el informe presentado la semana pasada por el Panel Internacional para el  Cambio Clim\u00e1tico (IPCC) creado por la Organizaci\u00f3n de Naciones Unidas (ONU). Y, en  buena medida, este calentamiento es obra del hombre.<\/p>\n<p>&#13;<\/p>\n<p align=\"justify\" class=\"text1noticias\">\u201cEl  efecto neto de las actividades humanas desde 1750\u201d, es decir, desde la  primera revoluci\u00f3n industrial, ha sido un calentamiento global, que se ha  reforzado desde 1960, esencialmente debido al uso de combustibles f\u00f3siles y del  cambio en el uso de los terrenos.<br \/>&#13;<br \/>\n  \u00a0<br \/>&#13;<br \/>\n  De  seguir as\u00ed las cosas, la temperatura media en el mundo aumentar\u00e1 probablemente  entre 1.8 y 4 grados para finales del siglo, el nivel del mar se elevar\u00e1 entre  28 y 43 cent\u00edmetros,  lo que ser\u00eda desastroso para pa\u00edses como Bangladesh, y habr\u00e1, con casi total  seguridad, m\u00e1s olas de calor y tormentas tropicales m\u00e1s intensas.<\/p>\n<p>&#13;<\/p>\n<p align=\"justify\" class=\"text1noticias\">M\u00e1s  que grandes novedades, este informe y otros que seguir\u00e1n aportan la necesaria  base cient\u00edfica a favor de acuerdos de obligado cumplimiento para todos a  escala global, con un resumen para quienes toman decisiones.<br \/>&#13;<br \/>\n  \u00a0<br \/>&#13;<br \/>\n  El  Protocolo de Kioto se ha quedado corto, y su fecha de expiraci\u00f3n, 2012,  demasiado larga. No se puede aguantar tanto, y esta vez tienen que subirse al  carro Estados Unidos, China e India. Estamos sentados todos sobre una bomba de  tiempo, que podemos desactivar. <\/p>\n<p>&#13;<\/p>\n<p align=\"justify\" class=\"text1noticias\">El  calentamiento puede tener efectos dram\u00e1ticos sobre la vida individual,  colectiva y la seguridad global. Cabe recordar que el anterior informe conclu\u00eda  que gastando anualmente un 1% del PIB mundial se pod\u00eda dar marcha atr\u00e1s a este  calentamiento. De no hacer nada, se perder\u00e1 un 5% y hasta un 20% del PIB.<br \/>&#13;<br \/>\n  \u00a0<br \/>&#13;<br \/>\n  De  hecho, el propio informe reconoce que ha habido progresos, por ejemplo, en  cuanto al uso de aerosoles nocivos. <br \/>&#13;<br \/>\n  <br \/>&#13;<br \/>\n  Los cient\u00edficos han advertido que un cambio  clim\u00e1tico provocado por el hombre de esta magnitud amenaza el futuro del  planeta y de la civilizaci\u00f3n. La pregunta que todo el mundo tiene en mente es  qu\u00e9 se puede hacer.<\/p>\n<p>&#13;<\/p>\n<p align=\"justify\" class=\"text1noticias\">Las  alarmas est\u00e1n sonando, y cada vez, m\u00e1s pol\u00edticos van asumi\u00e9ndolo y  comprendi\u00e9ndolo. El caso m\u00e1s significativo es el exvicepresidente de Estados  Unidos Al Gore, cuyo documental \u201cUna verdad inc\u00f3moda\u201d es un aporte  significativo y extraordinario para crear mayores niveles de conciencia  ciudadana, y da algunas respuestas a lo que los ciudadanos podemos hacer. El  documental hace referencia a la situaci\u00f3n de la foresta entre Rep\u00fablica  Dominicana y Hait\u00ed. Una comparaci\u00f3n\n<\/p>\n<h6> 2007-04-20 13:38:47 <\/h6>\n<p><!--\n<link rel=\"stylesheet\" href=\"css\/bootstrap.min.css\">\n\n\n<ul class=\"pagination\">\n\t    \n\t\n\n<li >\n\t<a href='?page_no=13081'>Previous<\/a>\n\t<\/li>\n\n\n       \n    \n\n<li><a href='?page_no=1'>1<\/a><\/li>\n\n\n\n<li><a href='?page_no=2'>2<\/a><\/li>\n\n\n\n<li><a>...<\/a><\/li>\n\n\n\n<li><a href='?page_no=13080'>13080<\/a><\/li>\n\n\n\n<li><a href='?page_no=13081'>13081<\/a><\/li>\n\n\n\n<li class='active'><a>13082<\/a><\/li>\n\n\n\n<li><a href='?page_no=13083'>13083<\/a><\/li>\n\n\n\n<li><a href='?page_no=13084'>13084<\/a><\/li>\n\n\n\n<li><a>...<\/a><\/li>\n\n\n\n<li><a href='?page_no=13611'>13611<\/a><\/li>\n\n\n\n<li><a href='?page_no=13612'>13612<\/a><\/li>\n\n    \n\t\n\n<li >\n\t<a href='?page_no=13083'>Next<\/a>\n\t<\/li>\n\n\n    \n\n<li><a href='?page_no=13612'>Last &rsaquo;&rsaquo;<\/a><\/li>\n\n<\/ul>\n\n\n--><br \/>\n<\/body><\/p>\n","protected":false},"excerpt":{"rendered":"<p>&#13; \u00bfPlagio, Transmisi\u00f3n de Pensamiento o Coincidencia? &#13; Por: Onorio Mont\u00e1s &#13; Orlando Jorge Mera, tendr\u00e1 que hilar fino para convencer a los Dominicanos y extranjeros, a nosotros los Dominicanos porque el ha escogido la pol\u00edtica como profesi\u00f3n sigui\u00e9ndole los pasos a su padre y su madre con un resultado final lamentable, aunque su padre [&hellip;]<\/p>\n","protected":false},"author":3,"featured_media":0,"comment_status":"open","ping_status":"open","sticky":false,"template":"","format":"standard","meta":{"footnotes":""},"categories":[16],"tags":[],"class_list":["post-37306","post","type-post","status-publish","format-standard","hentry","category-opiniones"],"_links":{"self":[{"href":"https:\/\/diariodominicano.com\/index.php?rest_route=\/wp\/v2\/posts\/37306","targetHints":{"allow":["GET"]}}],"collection":[{"href":"https:\/\/diariodominicano.com\/index.php?rest_route=\/wp\/v2\/posts"}],"about":[{"href":"https:\/\/diariodominicano.com\/index.php?rest_route=\/wp\/v2\/types\/post"}],"author":[{"embeddable":true,"href":"https:\/\/diariodominicano.com\/index.php?rest_route=\/wp\/v2\/users\/3"}],"replies":[{"embeddable":true,"href":"https:\/\/diariodominicano.com\/index.php?rest_route=%2Fwp%2Fv2%2Fcomments&post=37306"}],"version-history":[{"count":0,"href":"https:\/\/diariodominicano.com\/index.php?rest_route=\/wp\/v2\/posts\/37306\/revisions"}],"wp:attachment":[{"href":"https:\/\/diariodominicano.com\/index.php?rest_route=%2Fwp%2Fv2%2Fmedia&parent=37306"}],"wp:term":[{"taxonomy":"category","embeddable":true,"href":"https:\/\/diariodominicano.com\/index.php?rest_route=%2Fwp%2Fv2%2Fcategories&post=37306"},{"taxonomy":"post_tag","embeddable":true,"href":"https:\/\/diariodominicano.com\/index.php?rest_route=%2Fwp%2Fv2%2Ftags&post=37306"}],"curies":[{"name":"wp","href":"https:\/\/api.w.org\/{rel}","templated":true}]}}