{"id":37305,"date":"2007-04-22T20:51:05","date_gmt":"2007-04-22T20:51:05","guid":{"rendered":"http:\/\/diariodominicano.ddns.net\/?p=37305"},"modified":"2007-04-22T20:51:05","modified_gmt":"2007-04-22T20:51:05","slug":"virginia-tech-un-analisis-ideolexico-de-una-tragedia","status":"publish","type":"post","link":"https:\/\/diariodominicano.com\/?p=37305","title":{"rendered":"Virginia Tech: un an\u00e1lisis ideol\u00e9xico de una tragedia"},"content":{"rendered":"<p><body><\/p>\n<p class=\"titulogrande1\"><em>Virginia Tech: un an\u00e1lisis ideol\u00e9xico de una tragedia<\/em><\/p>\n<p>&#13;<\/p>\n<p class=\"textogrande\">Jorge Majfud<\/p>\n<p>&#13;<\/p>\n<p align=\"justify\"><em><strong>ALAI AMLATINA, 20\/04\/2007, Atlanta.-<\/strong><\/em> <span class=\"text1noticias\">La mayor\u00eda de las  medicinas que se \u00a0venden en forma de  p\u00edldoras, recubren una determinada droga, qu\u00edmico o \u00a0compuesto con una capa de color atractivo y  gusto dulce. En espa\u00f1ol, la \u00a0sabidur\u00eda  popular usa esta particularidad para construir una met\u00e1fora: \u00a0\u201ctragarse la p\u00edldora\u201d tiene una connotaci\u00f3n  negativa y expresa la acci\u00f3n \u00a0de consumir  una cosa con la forma o el gusto de otra. Es decir, creer o \u00a0aceptar una verdad como hecho incuestionable  sin ser conscientes de las \u00a0verdaderas  implicaciones. En la tradici\u00f3n literaria, este fen\u00f3meno epistemol\u00f3gico se entend\u00eda con la met\u00e1fora del caballo de  Troya, tambi\u00e9n usado hoy en d\u00eda para designar virus inform\u00e1ticos.<\/span><\/p>\n<p>&#13;<\/p>\n<p align=\"justify\" class=\"text1noticias\">Un ideol\u00e9xico puede \u00a0entenderse como una pastilla que el discurso  hegem\u00f3nico prescribe e \u00a0impone con  seductora violencia. Por ejemplo, el ideol\u00e9xico libertad \u00a0viene recubierto de una pl\u00e9tora de lugares  comunes y dulcemente positivos (la  libertad, como precepto universal lo es). Sin embargo, \u00a0dentro de este recubrimiento dulce y brillante  se esconden las verdaderas razones de las acciones: la dominaci\u00f3n, la  opresi\u00f3n, la violencia de los intereses sectarios, etc. El recubrimiento  dulce y brillante anula la percepci\u00f3n se sus opuestos: el contenido  amargo y opaco.<\/p>\n<p>&#13;<\/p>\n<p align=\"justify\" class=\"text1noticias\">La tarea del cr\u00edtico consiste en romper la envoltura, en  des-cubrir, en des-velar el contenido de la p\u00edldora, del ideol\u00e9xico. Claro  que esta tarea tiene resultados amargos, como el centro de la  p\u00edldora. Los adictos a una droga no renunciar\u00e1n a ella s\u00f3lo porque  alguien descubra las graves implicaciones de su confort moment\u00e1neo. De hecho,  se resistir\u00e1n a esta operaci\u00f3n de exposici\u00f3n.<\/p>\n<p>&#13;<\/p>\n<p align=\"justify\" class=\"text1noticias\">Analicemos un ideol\u00e9xico com\u00fan en el discurso dominante del  capitalismo tard\u00edo: la responsabilidad personal. De entrada vemos que su  cobertura es del todo dulce y brillante. \u00bfQui\u00e9n ser\u00eda capaz de  discutir el valor de la responsabilidad de cada individuo? Un posible  cuestionamiento ser\u00eda r\u00e1pidamente anulado por una falsa alternativa: la \u00a0irresponsabilidad. Pero podemos comenzar  problematizando el nuevo falso \u00a0dilema  observando que el mismo adjetivo \u2014personal\u2014 de este ideol\u00e9xico compuesto anula o anestesia otro menos com\u00fan y m\u00e1s dif\u00edcil  de apreciar por los sentidos: no se menciona la posibilidad de la  existencia de una \u201cresponsabilidad social\u201d. Tampoco se habla o se acepta \u2014en  base a una larga tradici\u00f3n religiosa\u2014 que puedan existir \u201cpecados  sociales\u201d.<\/p>\n<p>&#13;<\/p>\n<p align=\"justify\" class=\"text1noticias\">Vayamos m\u00e1s al centro de un caso concreto: la tr\u00e1gica  matanza ocurrida en la   Universidad de Virginia Tech. Quienes pusieron el dedo  acusador \u2014t\u00edmidamente, como siempre\u2014 en la cultura de las armas en  Estados Unidos, fueron criticados en nombre del ideol\u00e9xico de la  responsabilidad personal. \u201cNo son las armas las que matan gentes \u2014coment\u00f3 un  amigo del rifle en un diario\u2014 sino la gente misma. El problema est\u00e1 en  los individuos, no en las armas\u201d. <br \/>&#13;<br \/>\n  <br \/>&#13;<br \/>\nLa p\u00edldora muestra un alto  grado de obviedad, pero lleva nuevamente otros problemas: nadie  cuestion\u00f3 c\u00f3mo podr\u00eda hacer un desquiciado para matar a treinta personas  con una piedra, con un palo o, incluso, con un cuchillo.<\/p>\n<p>&#13;<\/p>\n<p align=\"justify\" class=\"text1noticias\">Esta l\u00f3gica se expresa cubriendo una contradicci\u00f3n interna  del discurso. Cuando se habla de drogas, se culpa a los productores, no a  los consumidores. Pero cuando se habla de armas, se culpa del  mal a los consumidores, no a los productores. La raz\u00f3n estriba,  entiendo, en el lugar que ocupa el poder. En el caso de las drogas, los  productores son los otros, no nosotros; en el caso de las armas, los  consumidores son los otros; nosotros nos limitamos a su producci\u00f3n. El  discurso hegem\u00f3nico nunca menciona que si no existiese el consumo de  drogas en los pa\u00edses ricos no existir\u00eda la producci\u00f3n que satisface la  demanda; si no existiera esta calamidad en la ilegalidad tampoco  existir\u00edan las mafias de narcotraficantes. O su existencia ser\u00eda raqu\u00edtica,  en comparaci\u00f3n a lo que es hoy. Pero como los otros (los  productores de los pa\u00edses pobres) son los responsables individuales, nosotros  (los productores de armas, los responsables administradores de la  ley) estamos legitimados para producir m\u00e1s armas que los otros  deber\u00e1n consumir, para respaldar la ley \u2014y para quebrantarla.<\/p>\n<p>&#13;<\/p>\n<p align=\"justify\" class=\"text1noticias\">Si alguien, como el asesino de Virginia Tech compra un par  de armas con m\u00e1s facilidad y cien veces m\u00e1s r\u00e1pido con que uno puede  comprar un auto, y comete una masacre, toda la responsabilidad radica en el  desquiciado. Entonces, se llega a una tr\u00e1gica paradoja: una sociedad  armada hasta los dientes est\u00e1 a la merced de los desquiciados que no saben  ejercer correctamente su responsabilidad personal. Para corregir  este problema, no se recurre a la responsabilidad social, combatiendo las  armas y el sistema econ\u00f3mico y moral que lo sustenta, sino vendiendo  m\u00e1s armas a los individuos responsables, para que cada uno pueda ejercer  con m\u00e1s fuerza su propia \u201cresponsabilidad personal\u201d. Hasta que  vuelve a aparecer alguien excepcionalmente enfermo \u2014en una sociedad de santos  los demonios son excepciones muy frecuentes\u2014 y comete otra masacre, esta  vez m\u00e1s grande, ya que el poder de destrucci\u00f3n de las armas siempre  se perfecciona, gracias a la alta tecnolog\u00eda y a la moral de  los individuos responsables.<\/p>\n<p>&#13;<\/p>\n<p align=\"justify\" class=\"text1noticias\">&#8211; Jorge Majfud, escritor uruguayo, es profesor de Literatura Latinoamericana en The University of Georgia, Estados  Unidos.<\/p>\n<p>&#13;<\/p>\n<h6> 2007-04-22 20:51:05 <\/h6>\n<p><!--\n<link rel=\"stylesheet\" href=\"css\/bootstrap.min.css\">\n\n\n<ul class=\"pagination\">\n\t    \n\t\n\n<li >\n\t<a href='?page_no=13080'>Previous<\/a>\n\t<\/li>\n\n\n       \n    \n\n<li><a href='?page_no=1'>1<\/a><\/li>\n\n\n\n<li><a href='?page_no=2'>2<\/a><\/li>\n\n\n\n<li><a>...<\/a><\/li>\n\n\n\n<li><a href='?page_no=13079'>13079<\/a><\/li>\n\n\n\n<li><a href='?page_no=13080'>13080<\/a><\/li>\n\n\n\n<li class='active'><a>13081<\/a><\/li>\n\n\n\n<li><a href='?page_no=13082'>13082<\/a><\/li>\n\n\n\n<li><a href='?page_no=13083'>13083<\/a><\/li>\n\n\n\n<li><a>...<\/a><\/li>\n\n\n\n<li><a href='?page_no=13611'>13611<\/a><\/li>\n\n\n\n<li><a href='?page_no=13612'>13612<\/a><\/li>\n\n    \n\t\n\n<li >\n\t<a href='?page_no=13082'>Next<\/a>\n\t<\/li>\n\n\n    \n\n<li><a href='?page_no=13612'>Last &rsaquo;&rsaquo;<\/a><\/li>\n\n<\/ul>\n\n\n--><br \/>\n<\/body><\/p>\n","protected":false},"excerpt":{"rendered":"<p>Virginia Tech: un an\u00e1lisis ideol\u00e9xico de una tragedia &#13; Jorge Majfud &#13; ALAI AMLATINA, 20\/04\/2007, Atlanta.- La mayor\u00eda de las medicinas que se \u00a0venden en forma de p\u00edldoras, recubren una determinada droga, qu\u00edmico o \u00a0compuesto con una capa de color atractivo y gusto dulce. En espa\u00f1ol, la \u00a0sabidur\u00eda popular usa esta particularidad para construir una [&hellip;]<\/p>\n","protected":false},"author":3,"featured_media":0,"comment_status":"open","ping_status":"open","sticky":false,"template":"","format":"standard","meta":{"footnotes":""},"categories":[16],"tags":[],"class_list":["post-37305","post","type-post","status-publish","format-standard","hentry","category-opiniones"],"_links":{"self":[{"href":"https:\/\/diariodominicano.com\/index.php?rest_route=\/wp\/v2\/posts\/37305","targetHints":{"allow":["GET"]}}],"collection":[{"href":"https:\/\/diariodominicano.com\/index.php?rest_route=\/wp\/v2\/posts"}],"about":[{"href":"https:\/\/diariodominicano.com\/index.php?rest_route=\/wp\/v2\/types\/post"}],"author":[{"embeddable":true,"href":"https:\/\/diariodominicano.com\/index.php?rest_route=\/wp\/v2\/users\/3"}],"replies":[{"embeddable":true,"href":"https:\/\/diariodominicano.com\/index.php?rest_route=%2Fwp%2Fv2%2Fcomments&post=37305"}],"version-history":[{"count":0,"href":"https:\/\/diariodominicano.com\/index.php?rest_route=\/wp\/v2\/posts\/37305\/revisions"}],"wp:attachment":[{"href":"https:\/\/diariodominicano.com\/index.php?rest_route=%2Fwp%2Fv2%2Fmedia&parent=37305"}],"wp:term":[{"taxonomy":"category","embeddable":true,"href":"https:\/\/diariodominicano.com\/index.php?rest_route=%2Fwp%2Fv2%2Fcategories&post=37305"},{"taxonomy":"post_tag","embeddable":true,"href":"https:\/\/diariodominicano.com\/index.php?rest_route=%2Fwp%2Fv2%2Ftags&post=37305"}],"curies":[{"name":"wp","href":"https:\/\/api.w.org\/{rel}","templated":true}]}}