{"id":37302,"date":"2007-04-22T20:56:25","date_gmt":"2007-04-22T20:56:25","guid":{"rendered":"http:\/\/diariodominicano.ddns.net\/?p=37302"},"modified":"2007-04-22T20:56:25","modified_gmt":"2007-04-22T20:56:25","slug":"carisma-y-presidencia","status":"publish","type":"post","link":"https:\/\/diariodominicano.com\/?p=37302","title":{"rendered":"CARISMA Y PRESIDENCIA"},"content":{"rendered":"<p><body><\/p>\n<style type=\"text\/css\"><![CDATA[\n<!--\n.Estilo2 {\n\tcolor: #000066;\n\tfont-weight: bold;\n}\n.Estilo4 {font-family: Arial; line-height: normal; text-transform: none; font-size: 14px; font-weight: bold; color: #000000;}\n-->\n]]><\/style>\n<p>&#13;<\/p>\n<p class=\"titulogrande1\"><em>CARISMA Y PRESIDENCIA<\/em><\/p>\n<p>&#13;<\/p>\n<p><span class=\"ttmediao\"><em>Por<\/em><\/span> <span class=\"textogrande\"><em>Oscar L\u00f3pez Reyes<\/em><\/span><\/p>\n<p>&#13;<\/p>\n<p align=\"justify\" class=\"text1noticias\">Asiduamente, en la glorieta  universal ex presidentes constitucionales problematizados vuelven a la jefatura  del Estado, y candidatos presidenciales abandonan partidos tradicionales y  crecidos y, en la orla de ese rompiente, conquistan el mayor caudal de votos. Y  es que vibran, prodigiosamente, el carisma y la estrategia.<\/p>\n<p>&#13;<\/p>\n<p align=\"justify\" class=\"text1noticias\">El carisma se patentiza como  una persecci\u00f3n-sensaci\u00f3n, y los que vivimos estudiando el comportamiento de los  consumidores podemos sostener, sin ambages, que en los hemisferios cerebrales  las actitudes emotivas aventajan poderosamente a las racionales, l\u00f3gicas o  juiciosas.<\/p>\n<p>&#13;<\/p>\n<p align=\"justify\" class=\"text1noticias\">En la politing (marketing pol\u00edtico),  que se encarilla por la jungla del mercadeo electoral, el producto (candidato  presidencial) avasalla y condiciona a los otros tres componentes de la mixtura  del plan de acci\u00f3n: precio (ofertas en los comicios), plaza (electorado) y  comunicaci\u00f3n integral (publicidad, relaciones p\u00fablicas, promoci\u00f3n de ventas y  ventas personales). La marca particular se potencializa, indiscutiblemente,  como la flota cardinal en el proceso de intercambio y posicionamiento pol\u00edtico.  Vale m\u00e1s que el partido.<\/p>\n<p>&#13;<\/p>\n<p align=\"justify\" class=\"text1noticias\">El producto-marca ha de  tener un portafolio de atributos esenciales: credibilidad, honestidad, laboriosidad,  capacidad, creatividad, altruismo, inteligencia, entusiasmo, perseverancia, reputaci\u00f3n,  lealtad, etc. Pero estas peculiaridades sensatas y razonables dan cabezazos,  por el suelo, en el halo de la sonrisa, la mirada, la entonaci\u00f3n de la voz, la  gestualidad y otras expresividades extraverbales, que se vertebran como  requiebros.<\/p>\n<p>&#13;<\/p>\n<p align=\"justify\" class=\"text1noticias\">El carisma se forja en el  perceptor por las irradiaciones telep\u00e1ticas o percepci\u00f3n psicol\u00f3gica y  socio-culturales, y p\u00e9ndula como una hebra l\u00fadica. Repetidamente vemos a personas  rebosantes de hermosuras\u00a0 que no gozan de  aprecio y a otras que carecen de linduras f\u00edsicas y, sin embargo, son  atractivas y populares. A ellas suelen decirles que \u201ctienen la sangre liviana\u201d,  y \u201cme caen bien\u201d. Otros manosean, con c\u00ednismo y desde\u00f1o, el refr\u00e1n de que \u201cm\u00e1s  vale caer en gracia que ser gracioso\u201d.<\/p>\n<p>&#13;<\/p>\n<p align=\"justify\" class=\"text1noticias\">El encanto personal y la comunicaci\u00f3n m\u00e1gica y  seductora son propiedades innatas y expresiones del alma, y se cautivan  ocasionalmente, con esfuerzos singulares. Y los tratadistas coinciden en que sus  actuaciones ejercen influjos neurol\u00f3gicos y ps\u00edquicos.<\/p>\n<p>&#13;<\/p>\n<p align=\"justify\" class=\"text1noticias\">Las razones de ese poder  magnetizador otorgado por la naturaleza se extrav\u00edan en la espesura de la  ciencia, espec\u00edficamente en el entramado psicof\u00edsico. Margaret W. Martlin y  Hugh J. Foly, estudiosos de ese fen\u00f3meno, lo explican como una \u201csensibilidad a  la estimulaci\u00f3n qu\u00edmica\u201d, y refieren que cuando una persona siente simpat\u00eda o  deleite por otra, sus pupilas se agrandan, y que si olfatea un perfume que le  recuerda a alguien que desprecia por hechos traum\u00e1ticos, una desaz\u00f3n correr\u00e1  por su cuerpo.<\/p>\n<p>&#13;<\/p>\n<p align=\"justify\" class=\"text1noticias\">Compendiando el punto de  partida, un candidato-im\u00e1n garant\u00eda de triunfo presidencial nace c\u00edclicamente. Y  como los votos exclusivos de los partidos no son suficientes para ganar, en  procesos eleccionarios han\u00a0 reaparecido  en escenas los \u00a0titanes-carism\u00e1ticos  proverbiales y enraizados, como Juan Bosch, Joaqu\u00edn Balaguer, Jos\u00e9 Francisco Pe\u00f1a G\u00f3mez y  Leonel Fern\u00e1ndez. <\/p>\n<p>&#13;<\/p>\n<p align=\"justify\" class=\"text1noticias\">Definitivamente, el h\u00e1bito  no hace al montaje, y la admiraci\u00f3n y popularidad no se trasvasan por la simple  argumentar\u00eda de la alternabilidad.   En el carisma y el Don de la palabra radica el asunto\u2026<\/p>\n<p>&#13;<\/p>\n<p align=\"justify\"><span class=\"text1noticias\">\u2026\u2026\u2026\u2026\u2026\u2026.<br \/>&#13;<br \/>\n  <br \/>&#13;<br \/>\n    <\/span><span class=\"Estilo4\">El autor es periodista y mercad\u00f3logo.<\/span><span class=\"text1noticias\"><br \/>&#13;<br \/>\n    <br \/>&#13;<br \/>\n    <span class=\"Estilo2\">9 de abril del 2007.<\/span><\/span><\/p>\n<p>&#13;<\/p>\n<h6> 2007-04-22 20:56:25 <\/h6>\n<p><!--\n<link rel=\"stylesheet\" href=\"css\/bootstrap.min.css\">\n\n\n<ul class=\"pagination\">\n\t    \n\t\n\n<li >\n\t<a href='?page_no=13078'>Previous<\/a>\n\t<\/li>\n\n\n       \n    \n\n<li><a href='?page_no=1'>1<\/a><\/li>\n\n\n\n<li><a href='?page_no=2'>2<\/a><\/li>\n\n\n\n<li><a>...<\/a><\/li>\n\n\n\n<li><a href='?page_no=13077'>13077<\/a><\/li>\n\n\n\n<li><a href='?page_no=13078'>13078<\/a><\/li>\n\n\n\n<li class='active'><a>13079<\/a><\/li>\n\n\n\n<li><a href='?page_no=13080'>13080<\/a><\/li>\n\n\n\n<li><a href='?page_no=13081'>13081<\/a><\/li>\n\n\n\n<li><a>...<\/a><\/li>\n\n\n\n<li><a href='?page_no=13611'>13611<\/a><\/li>\n\n\n\n<li><a href='?page_no=13612'>13612<\/a><\/li>\n\n    \n\t\n\n<li >\n\t<a href='?page_no=13080'>Next<\/a>\n\t<\/li>\n\n\n    \n\n<li><a href='?page_no=13612'>Last &rsaquo;&rsaquo;<\/a><\/li>\n\n<\/ul>\n\n\n--><br \/>\n<\/body><\/p>\n","protected":false},"excerpt":{"rendered":"<p>&#13; CARISMA Y PRESIDENCIA &#13; Por Oscar L\u00f3pez Reyes &#13; Asiduamente, en la glorieta universal ex presidentes constitucionales problematizados vuelven a la jefatura del Estado, y candidatos presidenciales abandonan partidos tradicionales y crecidos y, en la orla de ese rompiente, conquistan el mayor caudal de votos. Y es que vibran, prodigiosamente, el carisma y la [&hellip;]<\/p>\n","protected":false},"author":3,"featured_media":0,"comment_status":"open","ping_status":"open","sticky":false,"template":"","format":"standard","meta":{"footnotes":""},"categories":[16],"tags":[],"class_list":["post-37302","post","type-post","status-publish","format-standard","hentry","category-opiniones"],"_links":{"self":[{"href":"https:\/\/diariodominicano.com\/index.php?rest_route=\/wp\/v2\/posts\/37302","targetHints":{"allow":["GET"]}}],"collection":[{"href":"https:\/\/diariodominicano.com\/index.php?rest_route=\/wp\/v2\/posts"}],"about":[{"href":"https:\/\/diariodominicano.com\/index.php?rest_route=\/wp\/v2\/types\/post"}],"author":[{"embeddable":true,"href":"https:\/\/diariodominicano.com\/index.php?rest_route=\/wp\/v2\/users\/3"}],"replies":[{"embeddable":true,"href":"https:\/\/diariodominicano.com\/index.php?rest_route=%2Fwp%2Fv2%2Fcomments&post=37302"}],"version-history":[{"count":0,"href":"https:\/\/diariodominicano.com\/index.php?rest_route=\/wp\/v2\/posts\/37302\/revisions"}],"wp:attachment":[{"href":"https:\/\/diariodominicano.com\/index.php?rest_route=%2Fwp%2Fv2%2Fmedia&parent=37302"}],"wp:term":[{"taxonomy":"category","embeddable":true,"href":"https:\/\/diariodominicano.com\/index.php?rest_route=%2Fwp%2Fv2%2Fcategories&post=37302"},{"taxonomy":"post_tag","embeddable":true,"href":"https:\/\/diariodominicano.com\/index.php?rest_route=%2Fwp%2Fv2%2Ftags&post=37302"}],"curies":[{"name":"wp","href":"https:\/\/api.w.org\/{rel}","templated":true}]}}