{"id":37301,"date":"2007-04-22T20:58:40","date_gmt":"2007-04-22T20:58:40","guid":{"rendered":"http:\/\/diariodominicano.ddns.net\/?p=37301"},"modified":"2007-04-22T20:58:40","modified_gmt":"2007-04-22T20:58:40","slug":"cuidado-con-el-discurso-politico","status":"publish","type":"post","link":"https:\/\/diariodominicano.com\/?p=37301","title":{"rendered":"CUIDADO CON EL DISCURSO POLITICO"},"content":{"rendered":"<p><body><\/p>\n<style type=\"text\/css\"><![CDATA[\n<!--\n.Estilo5 {color: #000066}\n-->\n]]><\/style>\n<p>&#13;<\/p>\n<p><strong class=\"titulogrande\"><em>PUNTO Y COMA<\/em><\/strong><br \/>&#13;<br \/>\n  <br \/>&#13;<br \/>\n    <span class=\"ttmediao\"><em><strong>Por<\/strong><\/em><\/span><strong class=\"textogrande\"><em> Santos Aquino Rubio<\/em><\/strong><\/p>\n<p>&#13;<\/p>\n<p class=\"titulogrande1\"><em><strong>CUIDADO CON EL DISCURSO POLITICO<\/strong><\/em><\/p>\n<p>&#13;<\/p>\n<p align=\"justify\" class=\"text1noticias\">El discurso pol\u00edtico ha sido muy determinante en los  procesos electorales que han caracterizado a nuestra democracia en las \u00faltimas  d\u00e9cadas. Dependiendo del tono que asuman los exponentes y el contenido de sus  mensajes, cada proceso registra un color diferente.<\/p>\n<p>&#13;<\/p>\n<p align=\"justify\" class=\"text1noticias\">En esta ocasi\u00f3n, estamos retornando, ahora en el Partido  de la Liberaci\u00f3n Dominicana  (PLD), al espect\u00e1culo que propician las principales fuerzas pol\u00edticas, cuando  sus principales figuras se disputan las posiciones de mayor jerarqu\u00eda, sobre  todo, la Presidencia  de la Rep\u00fablica.<\/p>\n<p>&#13;<\/p>\n<p align=\"justify\" class=\"text1noticias\">Ese dilema, incrementado por la necesidad de probar o de  seguir en la miel del poder o, simplemente, por acceder desde una misma  estructura partidaria, ya cre\u00f3 serias dificultades a lo interno del Partido  Revolucionario Dominicano (PRD), a partir de 1986, rompiendo lazos muy  estrechos entre Jos\u00e9 Francisco Pe\u00f1a G\u00f3mez y Jacobo Majluta.<\/p>\n<p>&#13;<\/p>\n<p align=\"justify\" class=\"text1noticias\">Esto sin mencionar lo que ocurri\u00f3 entre Augusto Lora y  Balaguer, Jorge Blanco y Majluta. En el proceso electoral del 2004 asistimos a  la divisi\u00f3n de un PRD que hab\u00eda retornado al poder con una votaci\u00f3n  considerable, en el 2000 y que hab\u00eda asumido el control legislativo y municipal  en el 2002.Peor a\u00fan, sembr\u00f3 la enemistad entre viejos amigos de ese parido.<\/p>\n<p>&#13;<\/p>\n<p align=\"justify\" class=\"text1noticias\">Ahora somos testigos de excepci\u00f3n de lo que ocurre a lo  interno del PLD, sobre todo, entre el actual presidente Leonel Fern\u00e1ndez Reyna,  quien aspira a repostularse y el licenciado Danilo Medina, figura relevante en  ese partido.<br \/>&#13;<br \/>\n  <br \/> &#13;<br \/>\nMucha gente teme que este enfrentamiento friccione realmente la  amistad y la camarader\u00eda que durante muchos a\u00f1os mantuvo unidos a estos dos  hombres.<\/p>\n<p>&#13;<\/p>\n<p align=\"justify\" class=\"text1noticias\">Sin embargo, el nivel de la confrontaci\u00f3n a tocado bordes  y ribetes delicados que pudieran dejar huellas negativas imborrables entre  estos dos hermanos pol\u00edticos y personales.<\/p>\n<p>&#13;<\/p>\n<p align=\"justify\" class=\"text1noticias\">Hacemos voto porque todo se quede en la estrategia  partidaria, en el inter\u00e9s de jugar su rol pol\u00edtico y que este enfrentamiento  termine real y definitivamente al concluir el proceso interno convocado para el  seis (6) de mayo venidero. Ojala as\u00ed sea.<\/p>\n<p>&#13;<\/p>\n<p align=\"justify\" class=\"text1noticias Estilo5\"><strong>El autor es periodista y abogado.<\/strong><\/p>\n<p>&#13;<\/p>\n<h6> 2007-04-22 20:58:40 <\/h6>\n<p><!--\n<link rel=\"stylesheet\" href=\"css\/bootstrap.min.css\">\n\n\n<ul class=\"pagination\">\n\t    \n\t\n\n<li >\n\t<a href='?page_no=13077'>Previous<\/a>\n\t<\/li>\n\n\n       \n    \n\n<li><a href='?page_no=1'>1<\/a><\/li>\n\n\n\n<li><a href='?page_no=2'>2<\/a><\/li>\n\n\n\n<li><a>...<\/a><\/li>\n\n\n\n<li><a href='?page_no=13076'>13076<\/a><\/li>\n\n\n\n<li><a href='?page_no=13077'>13077<\/a><\/li>\n\n\n\n<li class='active'><a>13078<\/a><\/li>\n\n\n\n<li><a href='?page_no=13079'>13079<\/a><\/li>\n\n\n\n<li><a href='?page_no=13080'>13080<\/a><\/li>\n\n\n\n<li><a>...<\/a><\/li>\n\n\n\n<li><a href='?page_no=13611'>13611<\/a><\/li>\n\n\n\n<li><a href='?page_no=13612'>13612<\/a><\/li>\n\n    \n\t\n\n<li >\n\t<a href='?page_no=13079'>Next<\/a>\n\t<\/li>\n\n\n    \n\n<li><a href='?page_no=13612'>Last &rsaquo;&rsaquo;<\/a><\/li>\n\n<\/ul>\n\n\n--><br \/>\n<\/body><\/p>\n","protected":false},"excerpt":{"rendered":"<p>&#13; PUNTO Y COMA&#13; &#13; Por Santos Aquino Rubio &#13; CUIDADO CON EL DISCURSO POLITICO &#13; El discurso pol\u00edtico ha sido muy determinante en los procesos electorales que han caracterizado a nuestra democracia en las \u00faltimas d\u00e9cadas. Dependiendo del tono que asuman los exponentes y el contenido de sus mensajes, cada proceso registra un color [&hellip;]<\/p>\n","protected":false},"author":3,"featured_media":0,"comment_status":"open","ping_status":"open","sticky":false,"template":"","format":"standard","meta":{"footnotes":""},"categories":[16],"tags":[],"class_list":["post-37301","post","type-post","status-publish","format-standard","hentry","category-opiniones"],"_links":{"self":[{"href":"https:\/\/diariodominicano.com\/index.php?rest_route=\/wp\/v2\/posts\/37301","targetHints":{"allow":["GET"]}}],"collection":[{"href":"https:\/\/diariodominicano.com\/index.php?rest_route=\/wp\/v2\/posts"}],"about":[{"href":"https:\/\/diariodominicano.com\/index.php?rest_route=\/wp\/v2\/types\/post"}],"author":[{"embeddable":true,"href":"https:\/\/diariodominicano.com\/index.php?rest_route=\/wp\/v2\/users\/3"}],"replies":[{"embeddable":true,"href":"https:\/\/diariodominicano.com\/index.php?rest_route=%2Fwp%2Fv2%2Fcomments&post=37301"}],"version-history":[{"count":0,"href":"https:\/\/diariodominicano.com\/index.php?rest_route=\/wp\/v2\/posts\/37301\/revisions"}],"wp:attachment":[{"href":"https:\/\/diariodominicano.com\/index.php?rest_route=%2Fwp%2Fv2%2Fmedia&parent=37301"}],"wp:term":[{"taxonomy":"category","embeddable":true,"href":"https:\/\/diariodominicano.com\/index.php?rest_route=%2Fwp%2Fv2%2Fcategories&post=37301"},{"taxonomy":"post_tag","embeddable":true,"href":"https:\/\/diariodominicano.com\/index.php?rest_route=%2Fwp%2Fv2%2Ftags&post=37301"}],"curies":[{"name":"wp","href":"https:\/\/api.w.org\/{rel}","templated":true}]}}