{"id":37297,"date":"2007-04-26T01:44:40","date_gmt":"2007-04-26T01:44:40","guid":{"rendered":"http:\/\/diariodominicano.ddns.net\/?p=37297"},"modified":"2007-04-26T01:44:40","modified_gmt":"2007-04-26T01:44:40","slug":"violencia-y-armas-en-la-uasd","status":"publish","type":"post","link":"https:\/\/diariodominicano.com\/?p=37297","title":{"rendered":"VIOLENCIA Y ARMAS EN LA UASD"},"content":{"rendered":"<p><body><\/p>\n<p align=\"center\"><span class=\"titulogrande\">EL TIRO RAPIDO<\/span><br \/>&#13;<br \/>\n  <br \/>&#13;<br \/>\n    <span class=\"textopq1\"><em>de<\/em><\/span><br \/>&#13;<br \/>\n  <br \/>&#13;<br \/>\n  <span class=\"textogrande\">Mario Rivadulla<\/span><\/p>\n<p>&#13;<\/p>\n<p align=\"center\" class=\"titulogrande1\">VIOLENCIA Y ARMAS EN LA UASD<\/p>\n<p>&#13;<\/p>\n<p align=\"justify\" class=\"text1noticias\">La pasada semana la Universidad Aut\u00f3noma  de Santo Domingo result\u00f2 escenario de una serie de acciones violentas en  alegada protesta por el aumento de los pasajes.\u00a0  En el curso de las mismas, el Presidente de la Federaci\u00f3n Estudiantil  Universitaria result\u00f2 con una herida en la cabeza y su veh\u00edculo fue incendiado  quedando totalmente destruido.\u00a0\u00a0 <\/p>\n<p>&#13;<\/p>\n<p align=\"justify\" class=\"text1noticias\">Al final, ocurri\u00f2 lo de siempre.\u00a0 Los grupos estudiantiles que responden a  diferentes corrientes pol\u00edticas se inculpan unos a otros de ser responsables de  los des\u00f2rdenes.\u00a0 Cuenta inclusive el  testimoio de quienes aseguran que en los disturbios participaron elementos que  hab\u00ecan sido extra\u00f1ados de la   Universidad por su comportamiento antisocial.\u00a0 <\/p>\n<p>&#13;<\/p>\n<p align=\"justify\" class=\"text1noticias\">Ahora, de la propia fuente universitaria, surgen dos muy  preocupantes denuncias.<\/p>\n<p>&#13;<\/p>\n<p align=\"justify\" class=\"text1noticias\">Una de ellas corresponde al vicerrector de la UASD, Franklin Garc\u00eca Ferm\u00edn,  a quien con frecuencia hemos tenido como invitado en La Entrevista Exclusiva,  de nuestro colega Joaqu\u00edn Ascenci\u00f2n.\u00a0 El  conocido docente, en declaraciones que aparecieron en el matutino Hoy de este  d\u00eca,afirma que tanto en esa casa de estudios como en otros recintos de  educaci\u00f3n del pa\u00ecs existe un elevado consumo de drogas.\u00a0 En adici\u00f2n, se registran numerosos actos  violentos como asaltos y violaciones sexuales.<\/p>\n<p>&#13;<\/p>\n<p align=\"justify\" class=\"text1noticias\">Se suma a esta situaci\u00f2n, otra a denuncia a dos voces por  separado provenientes de la propia universidad estatal.\u00a0 <br \/>&#13;<br \/>\n  <br \/>&#13;<br \/>\nLos profesores Alejandro Pichardo,  vicerrector docente de la UASD  y Ram\u00f2n Valerio, ex Secretario General de la misma, advierten\u00a0 el primero sobre el clima de creciente  violencia que est\u00e0 imperando a lo interno del campus universitario, y el  segundo, en esa misma direcci\u00f2n pero en forma m\u00e0s precisa, se\u00f1alando que a su  interior ingresan muchos estudiantes portando armas de fuego sin ning\u00f9n tipo de  regulaci\u00f3n.<\/p>\n<p>&#13;<\/p>\n<p align=\"justify\" class=\"text1noticias\">La pasada semana, la opini\u00f3n p\u00f9blica norteamericana se vi\u00f2  estremecida por la matanza registrada en la Universidad Tecnol\u00f3gica  de Virginia. Treinta y dos alumnos y profesores perdieron la vida, v\u00ecctimas de  los resentimientos y frustraciones de un alienado estudiante sudcoreano.\u00a0 El hecho, por su brutalidad, registr\u00f2 tambi\u00e8n  un fuerte impacto a nivel internacional.<\/p>\n<p>&#13;<\/p>\n<p align=\"justify\" class=\"text1noticias\">El profesor Valerio expresa el temor de que una tragedia  similar pudiera ocurrir en el campus uasdiano de persistir el clima de  violencia que se ha vuelto a entronizar en el seno de la casa de estudios y la  ausencia de controles efectivos para evitar la introducci\u00f3n de armas de fuego a  la misma.<\/p>\n<p>&#13;<\/p>\n<p align=\"justify\" class=\"text1noticias\">Seguramente habr\u00e0\u00a0  quienes piensen que se trata de un temor exagerado.\u00a0 Hasta posiblemente de un af\u00e0n excesivo de  llamar la atenci\u00f3n.\u00a0 Pero pensamos que es  una advertencia que no debe echarse al safac\u00f2n sino de una posibilidad muy  cierta, quiz\u00e0s no en la dimensi\u00f3n de lo ocurrido en el Tecnol\u00f2gico de Virginia  ni tampoco por las mismas motivaciones, pero no por ello desde\u00f1a ble.<\/p>\n<p>&#13;<\/p>\n<p align=\"justify\" class=\"text1noticias\">Lo cierto es que despu\u00e8s de un per\u00ecodo razonablemente  prolongado en que pareci\u00f2 que de la   UASD se hab\u00eca extra\u00f1adon las protestas incendiarias y el  empleo de m\u00e9todos violentos, tanto hacia fuera como a su interior, hoy se  percibe un preocupante retorno a esas viejas y peligrosas pr\u00e0cticas.<br \/>&#13;<br \/>\n  <br \/>&#13;<br \/>\n  En la UASD  cursan estudios m\u00e0s de ciento sesenta mil alumnos que reciben ense\u00f1anza de  varios miles de profesores.\u00a0 En ellas  labora de manera permanente un buen contingente de empleados y personal de  apoyo.\u00a0 La aspiraci\u00f2n de la inmensa  mayor\u00eca de esos estudiantes es obtener un t\u00ectulo con el que puedan mejorar sus  oportunidades de trabajo, de ingreso y de calidad de vida.\u00a0 La de la mayor parte de los profesores, es  igualmente la de impartir docencia.\u00a0 Y la  empleoman\u00eca disponer de un trabajo estable que sirve de sustento a sus  familias. <\/p>\n<p>&#13;<\/p>\n<p align=\"justify\" class=\"text1noticias\">Los violentos son los menos.\u00a0 Son menos los que van a tratar de imponer  consignas y l\u00ecneas partidarias en el seno de la UASD.\u00a0   Son menos los que pretenden promover des\u00f2rdenes y  entronizar el caos en la casa de estudios.\u00a0  Son menos los provocadores, agitadores y terroristas.<\/p>\n<p>&#13;<\/p>\n<p align=\"justify\" class=\"text1noticias\">Las autoridades universitarias han anunciado que tomaran  medidas para impedir el acceso de estudiantes armados al campus.\u00a0 Es de esperar que sea una norma de r\u00ecgido  cumplimiento aplicada sin excpeciones y con el respaldo de los alumnos que  quieren estudiar sus carreras, los profesores que se preocupan por impartir  docencia y los empleados que quieren realizar su trabajo en un clima de  seguridad y armon\u00eca tienen que unirse para hacer frente vigorosamente a los  menos que quieren llevar de nuevo a la   UASD por los mismos derroteros de un pasado que es preciso  evitar que regrese.<\/p>\n<p>&#13;<\/p>\n<p align=\"justify\" class=\"text1noticias\">De la uni\u00f3n de los m\u00e0s, los muchos m\u00e0s que aman a la UASD y quieren proteger su  status como prestigiosa casa de estudios,\u00a0  depender\u00e0 en gran medida que los muchos menos no se salgan con la suya.<\/p>\n<p>&#13;<\/p>\n<h6> 2007-04-26 01:44:40 <\/h6>\n<p><!--\n<link rel=\"stylesheet\" href=\"css\/bootstrap.min.css\">\n\n\n<ul class=\"pagination\">\n\t    \n\t\n\n<li >\n\t<a href='?page_no=13073'>Previous<\/a>\n\t<\/li>\n\n\n       \n    \n\n<li><a href='?page_no=1'>1<\/a><\/li>\n\n\n\n<li><a href='?page_no=2'>2<\/a><\/li>\n\n\n\n<li><a>...<\/a><\/li>\n\n\n\n<li><a href='?page_no=13072'>13072<\/a><\/li>\n\n\n\n<li><a href='?page_no=13073'>13073<\/a><\/li>\n\n\n\n<li class='active'><a>13074<\/a><\/li>\n\n\n\n<li><a href='?page_no=13075'>13075<\/a><\/li>\n\n\n\n<li><a href='?page_no=13076'>13076<\/a><\/li>\n\n\n\n<li><a>...<\/a><\/li>\n\n\n\n<li><a href='?page_no=13611'>13611<\/a><\/li>\n\n\n\n<li><a href='?page_no=13612'>13612<\/a><\/li>\n\n    \n\t\n\n<li >\n\t<a href='?page_no=13075'>Next<\/a>\n\t<\/li>\n\n\n    \n\n<li><a href='?page_no=13612'>Last &rsaquo;&rsaquo;<\/a><\/li>\n\n<\/ul>\n\n\n--><br \/>\n<\/body><\/p>\n","protected":false},"excerpt":{"rendered":"<p>EL TIRO RAPIDO&#13; &#13; de&#13; &#13; Mario Rivadulla &#13; VIOLENCIA Y ARMAS EN LA UASD &#13; La pasada semana la Universidad Aut\u00f3noma de Santo Domingo result\u00f2 escenario de una serie de acciones violentas en alegada protesta por el aumento de los pasajes.\u00a0 En el curso de las mismas, el Presidente de la Federaci\u00f3n Estudiantil Universitaria [&hellip;]<\/p>\n","protected":false},"author":3,"featured_media":0,"comment_status":"open","ping_status":"open","sticky":false,"template":"","format":"standard","meta":{"footnotes":""},"categories":[16],"tags":[],"class_list":["post-37297","post","type-post","status-publish","format-standard","hentry","category-opiniones"],"_links":{"self":[{"href":"https:\/\/diariodominicano.com\/index.php?rest_route=\/wp\/v2\/posts\/37297","targetHints":{"allow":["GET"]}}],"collection":[{"href":"https:\/\/diariodominicano.com\/index.php?rest_route=\/wp\/v2\/posts"}],"about":[{"href":"https:\/\/diariodominicano.com\/index.php?rest_route=\/wp\/v2\/types\/post"}],"author":[{"embeddable":true,"href":"https:\/\/diariodominicano.com\/index.php?rest_route=\/wp\/v2\/users\/3"}],"replies":[{"embeddable":true,"href":"https:\/\/diariodominicano.com\/index.php?rest_route=%2Fwp%2Fv2%2Fcomments&post=37297"}],"version-history":[{"count":0,"href":"https:\/\/diariodominicano.com\/index.php?rest_route=\/wp\/v2\/posts\/37297\/revisions"}],"wp:attachment":[{"href":"https:\/\/diariodominicano.com\/index.php?rest_route=%2Fwp%2Fv2%2Fmedia&parent=37297"}],"wp:term":[{"taxonomy":"category","embeddable":true,"href":"https:\/\/diariodominicano.com\/index.php?rest_route=%2Fwp%2Fv2%2Fcategories&post=37297"},{"taxonomy":"post_tag","embeddable":true,"href":"https:\/\/diariodominicano.com\/index.php?rest_route=%2Fwp%2Fv2%2Ftags&post=37297"}],"curies":[{"name":"wp","href":"https:\/\/api.w.org\/{rel}","templated":true}]}}