{"id":37296,"date":"2007-04-26T01:49:34","date_gmt":"2007-04-26T01:49:34","guid":{"rendered":"http:\/\/diariodominicano.ddns.net\/?p=37296"},"modified":"2007-04-26T01:49:34","modified_gmt":"2007-04-26T01:49:34","slug":"crecimiento-poblacional","status":"publish","type":"post","link":"https:\/\/diariodominicano.com\/?p=37296","title":{"rendered":"Crecimiento poblacional"},"content":{"rendered":"<p><body><\/p>\n<p class=\"titulogrande1\"><strong>Crecimiento poblacional<\/strong><\/p>\n<p>&#13;<\/p>\n<p><span class=\"ttmediao\"><em>Por<\/em><\/span> <span class=\"textogrande\">Luis Acosta Moreta<\/span><\/p>\n<p>&#13;<\/p>\n<p align=\"justify\" class=\"text1noticias\">La   Rep\u00fablica Dominicana en  los \u00faltimos a\u00f1os ha experimentado un crecimiento poblacional asombroso, con una  explosi\u00f3n demogr\u00e1fica que para muchos es alarmante, pero tambi\u00e9n con el  crecimiento de las ciudades perif\u00e9ricas y las villas miseria.<\/p>\n<p>&#13;<\/p>\n<p align=\"justify\" class=\"text1noticias\">Ese  crecimiento poblacional tiene rastros y rostros que ponen a pensar a los  dominicanos sobre las soluciones y alternativas que se tienen que tomar para  adecuarlo a nuestras necesidades, y ver cuales son los caminos m\u00e1s id\u00f3neos para  el desarrollo.<\/p>\n<p>&#13;<\/p>\n<p align=\"justify\" class=\"text1noticias\">Pero  para analizar a fondo cual es el problema del crecimiento vertical de nuestra  poblaci\u00f3n, tenemos que tener a mano un medidor social, que puede ser un censo,  como el que se realiza\u00a0 cada diez \u00a0a\u00f1os con el patrocinio de organismos  internacionales, o un verdadero conteo de cada uno de los dominicanos.<\/p>\n<p>&#13;<\/p>\n<p align=\"justify\" class=\"text1noticias\"> Y  ah\u00ed se\u00f1ores, es que est\u00e1 uno de\u00a0 nuestros  principales problemas, una parte considerable de dominicanas y dominicanas no existen  legalmente, porque no tienen sus actas de nacimiento, porque no se sabe cuando  nacieron, ni tienen un nombre reconocido.<\/p>\n<p>&#13;<\/p>\n<p align=\"justify\" class=\"text1noticias\">Es  una verg\u00fcenza que las instituciones nacionales\u00a0  en pleno siglo 21 sean incapaces de poder determinar nuestros grados de  crecimiento poblacional, y de c\u00f3mo avanza y crece la poblaci\u00f3n, porque  carecemos de un registro civil que sea confiable y seguro.<\/p>\n<p>&#13;<\/p>\n<p align=\"justify\" class=\"text1noticias\">Por  a\u00f1os, el Registro Civil, la inscripci\u00f3n de los ni\u00f1os al momento de su  nacimiento, ha sido un desorden en el pa\u00eds, porque no ha habido voluntad social  ni pol\u00edtica de hacer frente al problema, y m\u00e1s bien, lo que se ha querido es  jugar con nuestra nacionalidad y nuestros valores patrios, enajenando un servicio  que debe ser b\u00e1sico y fundamental.<\/p>\n<p>&#13;<\/p>\n<p align=\"justify\" class=\"text1noticias\">El  registro civil, ahora que se habla de su modernizaci\u00f3n, es un instrumento que hasta  ahora ha sido inoperante, y no ha podido inclusive ser un ente de protecci\u00f3n a  la nacionalidad dominicana, porque\u00a0 en  ocasiones un acta de nacimiento se vende por un yaniqueque entregado a un  inspector.<\/p>\n<p>&#13;<\/p>\n<p align=\"justify\" class=\"text1noticias\">Ya  es hora de que se modernice la inscripci\u00f3n de los ni\u00f1os dominicanos al momento  de su nacimiento, y que en cada centro de maternidad existe una oficial\u00eda de  Estado Civil o una estafeta legalmente autorizada a formalizar la inscripci\u00f3n  de los ni\u00f1os al momento del nacimiento.<\/p>\n<p>&#13;<\/p>\n<p align=\"justify\" class=\"text1noticias\">Lo  que es tambi\u00e9n trascendental, es que se le de la facultad al alcalde ped\u00e1neo y  a la comadrona, para que puedan registrar a los ni\u00f1os al momento de nacer, y  que se eliminen las declaraciones tard\u00edas, que son tan dif\u00edciles de manejar y  tan costosas, para las personas individuales y para las instituciones.<\/p>\n<p>&#13;<\/p>\n<p align=\"justify\" class=\"text1noticias\">Se\u00f1ores,  el registro civil, las aptas de nacimiento de los dominicanos, hoy est\u00e1 al  vaiv\u00e9n de organismos internacionales, que quieren jugar con nuestro futuro y nuestra  nacionalidad.<\/p>\n<p>&#13;<\/p>\n<p align=\"justify\" class=\"text1noticias\">Esos organismos han mantenido  fr\u00e1gil la inscripci\u00f3n de los nacimientos, o no le han dado importancia, por su  falta de cooperaci\u00f3n, o \u00a0porque para  ellos todav\u00eda est\u00e1 la malsana idea de que la isla es una\u00a0 e indivisible, y eso no es as\u00ed, nosotros  somos dominicanos, y tenemos derecho a tener un absoluto control de cada uno de  los nacidos en esta tierra.<\/p>\n<p>&#13;<\/p>\n<p align=\"justify\" class=\"text1noticias\">Cabe  destacar el apoyo que hemos recibido de organismos internacionales, como el  Cuerpo de Paz, y voluntarios religiosos, en la tarea de ayudar a familias a  conseguir sus actas de nacimiento.<\/p>\n<p>&#13;<\/p>\n<p align=\"justify\" class=\"text1noticias\">La  nacionalidad comienza por la frontera, y la defensa de nuestros ciudadanos  tiene que iniciarse en su inscripci\u00f3n como dominicanos al momento de nacer.<\/p>\n<p>&#13;<\/p>\n<p align=\"justify\" class=\"text1noticias\">Quien  les habla, tiene la suficiente dosis moral para tratar de este tema, porque  hemos sido los responsables de entregar sus actas de nacimiento a m\u00e1s de 60 mil  personas que pr\u00e1cticamente eran nonatos, sin poder inscribirse en las escuelas,  sin tener c\u00e9dulas para votar, o para conseguir un trabajo.<\/p>\n<p>&#13;<\/p>\n<p align=\"justify\" class=\"text1noticias\">Pero  somos totalmente contrarios a que se busquen pr\u00e9stamos internacionales, \u00a0para tratar de solucionar este problema, las  soluciones se tienen que dar con recursos y facilidades nacionales.\u00a0 No podemos enajenar con nuevos prestamos el  patrimonio nacional, para mejorar oficinas de &#13;<br \/>\nbur\u00f3cratas, o comprar pipetas  de inspectores, mientras que los ni\u00f1os siguen naciendo y nadie los registra.<\/p>\n<p>&#13;<\/p>\n<p align=\"justify\" class=\"text1noticias\">Nosotros  hemos abierto el camino de que se puede entregar las actas de nacimiento con un  presupuesto reducido y sin endeudamientos, raz\u00f3n por la cual nos oponemos a  pr\u00e9stamos y licitaciones lujosas que satisfacen a bur\u00f3cratas, pero no mejoran  ni solucionan un grave problema.<\/p>\n<p>&#13;<\/p>\n<p align=\"justify\" class=\"text1noticias\">Mejorar  el registro de los nacimientos, es poner\u00a0  fuerte los cimientos de la nacionalidad dominicana, y que nadie viniendo  de otro pa\u00eds, por triqui\u00f1uelas pol\u00edticas o econ\u00f3micas, pueda ser declarado dominicano  y quiera accionar como tal.<\/p>\n<p>&#13;<\/p>\n<p align=\"justify\" class=\"text1noticias\">Vamos  a trabajar todos, el gobierno, La Junta   Central Electoral, y el sector privado, para mejorar el  registro civil y que las actas de nacimiento sean asequibles a toda la  poblaci\u00f3n, y que no se quede un solo ni\u00f1o sin la debida inscripci\u00f3n al momento  de nacer.<\/p>\n<p>&#13;<\/p>\n<p align=\"justify\" class=\"text1noticias\">Tenemos  ese compromiso, vamos a trabajar, pero sin pr\u00e9stamos y teniendo siempre la  lanza en ristre para defender nuestra nacionalidad.<\/p>\n<p>&#13;<\/p>\n<h6> 2007-04-26 01:49:34 <\/h6>\n<p><!--\n<link rel=\"stylesheet\" href=\"css\/bootstrap.min.css\">\n\n\n<ul class=\"pagination\">\n\t    \n\t\n\n<li >\n\t<a href='?page_no=13072'>Previous<\/a>\n\t<\/li>\n\n\n       \n    \n\n<li><a href='?page_no=1'>1<\/a><\/li>\n\n\n\n<li><a href='?page_no=2'>2<\/a><\/li>\n\n\n\n<li><a>...<\/a><\/li>\n\n\n\n<li><a href='?page_no=13071'>13071<\/a><\/li>\n\n\n\n<li><a href='?page_no=13072'>13072<\/a><\/li>\n\n\n\n<li class='active'><a>13073<\/a><\/li>\n\n\n\n<li><a href='?page_no=13074'>13074<\/a><\/li>\n\n\n\n<li><a href='?page_no=13075'>13075<\/a><\/li>\n\n\n\n<li><a>...<\/a><\/li>\n\n\n\n<li><a href='?page_no=13611'>13611<\/a><\/li>\n\n\n\n<li><a href='?page_no=13612'>13612<\/a><\/li>\n\n    \n\t\n\n<li >\n\t<a href='?page_no=13074'>Next<\/a>\n\t<\/li>\n\n\n    \n\n<li><a href='?page_no=13612'>Last &rsaquo;&rsaquo;<\/a><\/li>\n\n<\/ul>\n\n\n--><br \/>\n<\/body><\/p>\n","protected":false},"excerpt":{"rendered":"<p>Crecimiento poblacional &#13; Por Luis Acosta Moreta &#13; La Rep\u00fablica Dominicana en los \u00faltimos a\u00f1os ha experimentado un crecimiento poblacional asombroso, con una explosi\u00f3n demogr\u00e1fica que para muchos es alarmante, pero tambi\u00e9n con el crecimiento de las ciudades perif\u00e9ricas y las villas miseria. &#13; Ese crecimiento poblacional tiene rastros y rostros que ponen a pensar [&hellip;]<\/p>\n","protected":false},"author":3,"featured_media":0,"comment_status":"open","ping_status":"open","sticky":false,"template":"","format":"standard","meta":{"footnotes":""},"categories":[16],"tags":[],"class_list":["post-37296","post","type-post","status-publish","format-standard","hentry","category-opiniones"],"_links":{"self":[{"href":"https:\/\/diariodominicano.com\/index.php?rest_route=\/wp\/v2\/posts\/37296","targetHints":{"allow":["GET"]}}],"collection":[{"href":"https:\/\/diariodominicano.com\/index.php?rest_route=\/wp\/v2\/posts"}],"about":[{"href":"https:\/\/diariodominicano.com\/index.php?rest_route=\/wp\/v2\/types\/post"}],"author":[{"embeddable":true,"href":"https:\/\/diariodominicano.com\/index.php?rest_route=\/wp\/v2\/users\/3"}],"replies":[{"embeddable":true,"href":"https:\/\/diariodominicano.com\/index.php?rest_route=%2Fwp%2Fv2%2Fcomments&post=37296"}],"version-history":[{"count":0,"href":"https:\/\/diariodominicano.com\/index.php?rest_route=\/wp\/v2\/posts\/37296\/revisions"}],"wp:attachment":[{"href":"https:\/\/diariodominicano.com\/index.php?rest_route=%2Fwp%2Fv2%2Fmedia&parent=37296"}],"wp:term":[{"taxonomy":"category","embeddable":true,"href":"https:\/\/diariodominicano.com\/index.php?rest_route=%2Fwp%2Fv2%2Fcategories&post=37296"},{"taxonomy":"post_tag","embeddable":true,"href":"https:\/\/diariodominicano.com\/index.php?rest_route=%2Fwp%2Fv2%2Ftags&post=37296"}],"curies":[{"name":"wp","href":"https:\/\/api.w.org\/{rel}","templated":true}]}}