{"id":37295,"date":"2007-04-26T01:54:55","date_gmt":"2007-04-26T01:54:55","guid":{"rendered":"http:\/\/diariodominicano.ddns.net\/?p=37295"},"modified":"2007-04-26T01:54:55","modified_gmt":"2007-04-26T01:54:55","slug":"las-principales-en-teledebate-93","status":"publish","type":"post","link":"https:\/\/diariodominicano.com\/?p=37295","title":{"rendered":"LAS PRINCIPALES EN TELEDEBATE"},"content":{"rendered":"<p><body><\/p>\n<p><span class=\"titulogrande1\">LAS PRINCIPALES EN TELEDEBATE<\/span><br \/>&#13;<br \/>\n  <br \/>&#13;<br \/>\n    <span class=\"textogrande\">Lunes<\/span>  <span class=\"textopq1\">23,04,07<\/span><\/p>\n<p>&#13;<\/p>\n<p align=\"justify\"><em><strong>FERIA DEL LIBRO.<\/strong><\/em> <span class=\"text1noticias\">Hoy, en el Teatro Nacional, est\u00e0 dando  formal inicio el gran espect\u00e1culo: la X Feria Internacional del Libro, dedicada al  poeta Franklin Mieses Burgos y teniendo como pa\u00ecs invitado a la hermana y muy  culta Rep\u00f9blica de Colombia.\u00a0 Tendremos  catorce d\u00ecas del m\u00e0s importante evento cultural y art\u00edstico del pa\u00ecs que ha  colocado el nombre de la Rep\u00f9blica Dominicana en el escenario mundial de  la cultura. Exitos.<\/span><\/p>\n<p>&#13;<\/p>\n<p align=\"justify\"><em><strong>ESTIMULANTES SEXUALES.\u00a0<\/strong><\/em> <span class=\"text1noticias\">Pese a todas las advertencias de calificados  ur\u00f3logos y sex\u00f3logos y a las mismas disposiciones del C\u00f3digo de Salud vigente,  ha continuado por la libre la propaganda,\u00a0  comercializaci\u00f2n y uso de los estimulantes sexuales.\u00a0 Hay que seguir insistiendo en que las  autoridades sanitarias pongan freno a esta situaci\u00f2n que pudiera provocar  perjuicios posiblemente irreparables a la salud de los consumidores.<\/span><\/p>\n<p>&#13;<\/p>\n<p align=\"justify\"><span class=\"titulogrande\"><em><strong>DROGAS:<\/strong><\/em><\/span><em><strong> MAS AYUDA DE USA.<\/strong><\/em>  <span class=\"text1noticias\">Mientras un 43 porciento de la muestra que opin\u00f2 sobre el tema en la encuesta  Gallup afirma que est\u00e0 siendo exitosa la acci\u00f2n de las autoridades antidrogas  para combatir el narcotr\u00e1fico, tres de cada cuatro entrevistados considera que  los Estados Unidos, principal mercado de consumo, debiera incrementar su ayuda  al pa\u00ecs para enfrentar este serio problema. \u00bfTomar\u00e0n nota las autoridades  norteamericanas de los resultados de la encuesta?\u00a0 Es muy de dudarlo.<\/span><\/p>\n<p>&#13;<\/p>\n<p align=\"justify\"><em><strong>MANOS A LA OBRA.<\/strong><\/em>\u00a0   <span class=\"text1noticias\">Buena la propuesta de reanudar al Comisi\u00f2n Mixta  Dom\u00ecnico-Haitiana integrada por autoridades y especialistas de nivel de ambos  lados de la isla.\u00a0 El tema deber\u00e0 incluir  como es de esperarse el manejo de la situaci\u00f2n de los indocumentados, la  repatriaci\u00f3n de ilegales y la formalizaci\u00f2n de contratos de trabajo que  protejan los derechos de los inmigrantes. S\u00f2lo queda reclamar: \u00a1manos a la  obra!<\/span><\/p>\n<p>&#13;<\/p>\n<p align=\"justify\"><em><strong>UNA EXPOSICI\u00d3N ATRACTIVA.\u00a0<\/strong><\/em> <span class=\"text1noticias\">Atrayente y hermos\u00edsima la exhibici\u00f3n  fotogr\u00e1fica del Parque Independencia.\u00a0<br \/>&#13;<br \/>\n  <br \/> &#13;<br \/>\nEn  esta ocasi\u00f2n se presentan vistas de unas veintisiete capitales de diferentes  pa\u00ecses de Europa.\u00a0 La iniciativa de  utilizar el parque como centro de exposici\u00f3n abierta ha sido magn\u00ecfica, tanto  desde el punto de vista recreacional como cultural.\u00a0 Merece la pena disfrutarla.<\/span><\/p>\n<p>&#13;<\/p>\n<p align=\"justify\"><em><strong>SEGURO FAMILIAR DE SALUD.\u00a0<\/strong><\/em> <span class=\"text1noticias\">Preocupante la informaci\u00f2n de que unos cien  mil trabajadores de la construcci\u00f3n y del sector agr\u00eccola quedar\u00ecan fuera del  Seguro Familiar de Salud.\u00a0 Tambi\u00e8n lo es  que a pocas semanas de su inicio, todav\u00eca no se haya acordado con los m\u00e8dicos  una tarifa adecuada de honorarios para los especialistas. Son dos problemas a  solucionar entre otros a\u00f9n pendientes para que el sistema marche como debe ser.<\/span><\/p>\n<p>&#13;<\/p>\n<p align=\"justify\"><em><strong>\u00a1CUANTA INCOHERENCIA!:<\/strong><\/em> <span class=\"text1noticias\">Por lo  visto buena parte de nuestra clase pol\u00edtica carece de la m\u00e0s minima  coherencia.\u00a0 Incre\u00ecble que legisladores  reformistas y perrede\u00ecstas le hayan\u00a0 planteado  a Danilo Medina extra\u00f1ar la reelecci\u00f3n de la reforma constitucional.\u00a0 \u00bfY c\u00f2mo se reeligi\u00f2 el doctor Balaguer una y  otra vez?\u00a0 \u00bfNo fueron\u00a0 perrede\u00ecstas los que introdujeron de nuevo la  reelecci\u00f3n en la Carta   Magna?\u00a0 \u00bfNo recibieron  en esa ocasi\u00f2n el apoyo de los reformistas? A otros s\u00ec, pero la verdad es que a  ellos no les luce.<\/span><\/p>\n<p>&#13;<\/p>\n<p align=\"justify\"><em><strong>TENDREMOS HELIPUERTO.<\/strong><\/em>\u00a0 <span class=\"text1noticias\">El S\u00ecndico Roberto Salcedo inaugur\u00f2 ayer el  parque de Las Canqui\u00f1as, en Cristo Rey.\u00a0  Es una buena obra a favor de una barriada populosa y cuyo vecindario ha  mostrado siempre gran esp\u00edritu de superaci\u00f2n.\u00a0  El mayor de la capital p\u00f2r otra parte, insiste en construir un  helipuerto en la plaza Omar Torrijos asegurando que ser\u00e0 motivo de orgullo para  el pa\u00ecs y para Panam\u00e1. A la corta o a la larga, ah\u00ec o en otro lugar, tendremos  helipuerto en la capital.<\/span><\/p>\n<p>&#13;<\/p>\n<p align=\"justify\"><em><strong>SEGUNDA VUELTA EN FRANCIA.\u00a0<\/strong><\/em><span class=\"text1noticias\"> En las disputadas elecciones francesas donde  vot\u00f2 un 85 porciento de los electores y particip\u00f2 una docena de candidatos, el  conservador Nicol\u00e0s Sarkozy y la socialista Segolene Royal encabezaron las  votaciones con un 30.49 y un 25 porciento respectivamente.\u00a0 Ambos deber\u00e1n ir a segunda vuelta que ser\u00e0 el  6 de Mayo. De aqu\u00ec a entonces, vendr\u00e1n los amarres pol\u00edticos con los dem\u00e0s  partidos.\u00a0 Cualquier parecido local, es  pura coincidencia.<\/span><\/p>\n<p>&#13;<\/p>\n<p align=\"justify\"><span class=\"titulogrande\">MR.<\/span> <em><strong>BUSH: PALOS Y M\u00c0S PALOS. : <\/strong><\/em><span class=\"text1noticias\">Y el Presidente George Bush sigue recibiendo palos y m\u00e0s palos.\u00a0 Ahora es nada menos que el Congreso Estatal  de estado de Vermont el que aprob\u00f2 una resoluci\u00f3n planteando al Congreso  Federal su destituci\u00f3n as\u00ec como la del Vicepresidente Dick Cheney.\u00a0\u00a0 Est\u00e0 claro que el actual mandatario  norteamericano no tendr\u00eda nada que buscar en un concurso de simpat\u00eda.\u00a0 El hombre tiene un nivel de rechazo sin  precedentes que pudiera superar el 75 porciento.<\/span><\/p>\n<p>&#13;<\/p>\n<p align=\"justify\"><em><strong>VEREMOS SI DURA. <\/strong><\/em><span class=\"text1noticias\">La jefatura de  la Polic\u00eca Nacional  anuncia que a partir de ahora el Parque Mirador Sur tendr\u00e0 vigilancia las  veinticuatro horas del d\u00eca. La medida se dispone a ra\u00ecz y en respuesta al  brutal asalto a participantes en un cumplea\u00f1os donde una banda de facinerosos  conocida como los Cara Pintadas protagoniz\u00f2 un brutal asalto con cuchillos y  machetes a mujeres y ni\u00f1os. Como siempre, poniendo candado despu\u00e8s que nos  roban. Veremos si la vigilancia dura.<\/span><\/p>\n<p>&#13;<\/p>\n<h6> 2007-04-26 01:54:55 <\/h6>\n<p><!--\n<link rel=\"stylesheet\" href=\"css\/bootstrap.min.css\">\n\n\n<ul class=\"pagination\">\n\t    \n\t\n\n<li >\n\t<a href='?page_no=13071'>Previous<\/a>\n\t<\/li>\n\n\n       \n    \n\n<li><a href='?page_no=1'>1<\/a><\/li>\n\n\n\n<li><a href='?page_no=2'>2<\/a><\/li>\n\n\n\n<li><a>...<\/a><\/li>\n\n\n\n<li><a href='?page_no=13070'>13070<\/a><\/li>\n\n\n\n<li><a href='?page_no=13071'>13071<\/a><\/li>\n\n\n\n<li class='active'><a>13072<\/a><\/li>\n\n\n\n<li><a href='?page_no=13073'>13073<\/a><\/li>\n\n\n\n<li><a href='?page_no=13074'>13074<\/a><\/li>\n\n\n\n<li><a>...<\/a><\/li>\n\n\n\n<li><a href='?page_no=13611'>13611<\/a><\/li>\n\n\n\n<li><a href='?page_no=13612'>13612<\/a><\/li>\n\n    \n\t\n\n<li >\n\t<a href='?page_no=13073'>Next<\/a>\n\t<\/li>\n\n\n    \n\n<li><a href='?page_no=13612'>Last &rsaquo;&rsaquo;<\/a><\/li>\n\n<\/ul>\n\n\n--><br \/>\n<\/body><\/p>\n","protected":false},"excerpt":{"rendered":"<p>LAS PRINCIPALES EN TELEDEBATE&#13; &#13; Lunes 23,04,07 &#13; FERIA DEL LIBRO. Hoy, en el Teatro Nacional, est\u00e0 dando formal inicio el gran espect\u00e1culo: la X Feria Internacional del Libro, dedicada al poeta Franklin Mieses Burgos y teniendo como pa\u00ecs invitado a la hermana y muy culta Rep\u00f9blica de Colombia.\u00a0 Tendremos catorce d\u00ecas del m\u00e0s importante [&hellip;]<\/p>\n","protected":false},"author":3,"featured_media":0,"comment_status":"open","ping_status":"open","sticky":false,"template":"","format":"standard","meta":{"footnotes":""},"categories":[16],"tags":[],"class_list":["post-37295","post","type-post","status-publish","format-standard","hentry","category-opiniones"],"_links":{"self":[{"href":"https:\/\/diariodominicano.com\/index.php?rest_route=\/wp\/v2\/posts\/37295","targetHints":{"allow":["GET"]}}],"collection":[{"href":"https:\/\/diariodominicano.com\/index.php?rest_route=\/wp\/v2\/posts"}],"about":[{"href":"https:\/\/diariodominicano.com\/index.php?rest_route=\/wp\/v2\/types\/post"}],"author":[{"embeddable":true,"href":"https:\/\/diariodominicano.com\/index.php?rest_route=\/wp\/v2\/users\/3"}],"replies":[{"embeddable":true,"href":"https:\/\/diariodominicano.com\/index.php?rest_route=%2Fwp%2Fv2%2Fcomments&post=37295"}],"version-history":[{"count":0,"href":"https:\/\/diariodominicano.com\/index.php?rest_route=\/wp\/v2\/posts\/37295\/revisions"}],"wp:attachment":[{"href":"https:\/\/diariodominicano.com\/index.php?rest_route=%2Fwp%2Fv2%2Fmedia&parent=37295"}],"wp:term":[{"taxonomy":"category","embeddable":true,"href":"https:\/\/diariodominicano.com\/index.php?rest_route=%2Fwp%2Fv2%2Fcategories&post=37295"},{"taxonomy":"post_tag","embeddable":true,"href":"https:\/\/diariodominicano.com\/index.php?rest_route=%2Fwp%2Fv2%2Ftags&post=37295"}],"curies":[{"name":"wp","href":"https:\/\/api.w.org\/{rel}","templated":true}]}}