{"id":37294,"date":"2007-04-26T01:57:06","date_gmt":"2007-04-26T01:57:06","guid":{"rendered":"http:\/\/diariodominicano.ddns.net\/?p=37294"},"modified":"2007-04-26T01:57:06","modified_gmt":"2007-04-26T01:57:06","slug":"los-temas-de-teledebate-19","status":"publish","type":"post","link":"https:\/\/diariodominicano.com\/?p=37294","title":{"rendered":"LOS TEMAS DE TELEDEBATE"},"content":{"rendered":"<p><body><\/p>\n<p class=\"titulogrande1\">LOS TEMAS DE TELEDEBATE<\/p>\n<p>&#13;<\/p>\n<p align=\"justify\"><em><strong>LAS PYMES.<\/strong><\/em>\u00a0 <span class=\"text1noticias\">El  matutino Diario Libre despliega hoy como titular principal de portada una  noticia que seguramente asombrar\u00e0 a muchos.\u00a0  Es el hecho de que las peque\u00f1as y medianas empresas, conocidas como  PYMES, constituyen el 92 porciento de las que est\u00e0n afiliadas a la Seguridad Social.\u00a0 Cuando se habla de econom\u00eca, la mayor\u00eca de la  gente piensa en las grandes corporaciones, emporios industriales y  comerciales.\u00a0 Pasan por alto, e ignoran,  el papel tan significativo que la micro, peque\u00f1a y mediana empresas desempe\u00f1an  tanto en el desarrollo de las actividades productivas como en el aspecto  social, dado que son las que generan mayor cantidad de empleos directos e  indirectos. Recientemente el gobierno dispuso la creaci\u00f2n de un fondo para  financiar las actividades de estas empresas. El Ejecutivo ha enviado tambi\u00e8n al  Congreso un proyecto de ley creando un marco legal de est\u00edmulos para que las  mismas puedan disponer de las debidas facilidades y estabilidad.\u00a0 Es de esperar que el proyecto no quede  dormido en las C\u00e0maras Legislativas.\u00a0 La  entrada en vigencia del Tratado de Libre Comercio con los Estados Unidos y  Centroam\u00e9rica constituyen un reto de sobrevivencia para las PYMES.\u00a0 Y hay que hacer todos los esfuerzos  necesarios para que puedan lograrlo\u00a0 De  ello depender\u00e0 en gran medida la estabilidad social que representar\u00e0 garantizar  el medio de vida de cientos de miles de peque\u00f1os productores, obreros y  empleados.<\/span><\/p>\n<p>&#13;<\/p>\n<p align=\"justify\"><em><strong>FERIA DEL LIBRO.<\/strong><\/em>\u00a0 <span class=\"text1noticias\">Si tomamos en cuenta la brillantez de las  anteriores Ferias del Libro, convertidas desde hace una d\u00e9cada, en  Internacionales, resulta dif\u00eccil considerar la posibilidad de que la que se  est\u00e0 inaugurando hoy dedicada al poeta Franklin Mieses Burgos y teniendo como  pa\u00ecs invitado a la Rep\u00f9blica  de Colombia, pueda superarlas en vistosidad e importancia.\u00a0 Es el reto que sin embargo asumen cada a\u00f1o  con renovado \u00e8xito la   Secretar\u00eca de Cultura y la Secretar\u00eca General  de la Feria del  Libro.\u00a0 Para la presente, han desplegado  los mismos tenaces esfuerzos a fin de montar un evento que contar\u00e0 con la  presencia de noventa escritores venidos de 19 pa\u00ecses diferentes, 28 poetas de  otros 17 pa\u00ecses,\u00a0 236 editoras  internacionales y 147 nacionales que expondr\u00e1n todo g\u00e8nero de obras, 29  representaciones teatrales locales y 2 de gran calidad que nos env\u00eda Colombia.  Ser\u00e0n catorce d\u00ecas de cultura y sano entrenimiento. De literatura, m\u00fasica,  teatro, cine, danza, artes visuales y libros.\u00a0  Y todo ello gratis en un ambiente de la m\u00e0s sana recreaci\u00f2n.\u00a0 M\u00e0s no se puede pedir.<\/span><\/p>\n<p>&#13;<\/p>\n<p align=\"justify\"><em><strong>RELATO DRAMATICO.\u00a0<\/strong><\/em> <span class=\"text1noticias\">El dram\u00e1tico relato que hace Ingrid Zapata  Ravelo a trav\u00e8s del Internet sobre lo ocurrido el pasado s\u00e1bado 14 de abril en  el parque Mirador Sur cuando ella y otras asistentes a la fiesta recog\u00edan las  sillas y dem\u00e0s enseres del cumplea\u00f1os de su menor hijo Gabriel de 7 a\u00f1os  resultan tan conmovedor como dram\u00e1tico. Ella, su menor hijo, otros seis ni\u00f1os,  media docena de hombres y unas diez mujeres fueron brutalmente asaltados por un  grupo de facinerosos vestidos con ropa negra, con gorras negras y los rostros  pintados tambi\u00e9n con rayas negras armados de cuchillos, navajas y machetes. Los  asaltantes los despojaron de todas sus pertenencias. Pero lo m\u00e0s traum\u00e1tico fue  que pusieron sus armas en el cuello de los ni\u00f1os, arrastraron por el cabello a  una dama de 64, cortaron con la navaja en un brazo a otra mujer.\u00a0 Todo eso en un parque donde existe un  destacamento pero en el que se carece de vigilancia. El relato de la se\u00f1ora  Zapata va desde la indiferencia y falta de solidaridad de los veh\u00edculos que  pasaban raudos a esa hora por la avenida Anacaona a sus reclamos de auxilio,  salvo el de dos j\u00f3venes universitarias, hasta la forma disciplicente en que su  anuncia fue atendida en el citado destacamento.\u00a0  Hoy parte de los integrantes de la banda han sido detenidos y se anuncia  que la vigilancia ser\u00e0 extendida a 24 horas en el parque, lugar de recreaci\u00f2n  familiar y de los caminantes de la salud.\u00a0  Pero el trauma que pudo haber llegado a males mucho mayores, no ten\u00eca  por qu\u00e8 suceder si con anticipaci\u00f3n y previsi\u00f3n se dispusiera de esa vigilancia  que ahora ser\u00e0 implementada, esperamos que con car\u00e1cter permanente, m\u00e0s tomando  en cuenta que el lugar ha sido escenario de otras muchas fechor\u00edas.<\/span><\/p>\n<p>&#13;<\/p>\n<h6> 2007-04-26 01:57:06 <\/h6>\n<p><!--\n<link rel=\"stylesheet\" href=\"css\/bootstrap.min.css\">\n\n\n<ul class=\"pagination\">\n\t    \n\t\n\n<li >\n\t<a href='?page_no=13070'>Previous<\/a>\n\t<\/li>\n\n\n       \n    \n\n<li><a href='?page_no=1'>1<\/a><\/li>\n\n\n\n<li><a href='?page_no=2'>2<\/a><\/li>\n\n\n\n<li><a>...<\/a><\/li>\n\n\n\n<li><a href='?page_no=13069'>13069<\/a><\/li>\n\n\n\n<li><a href='?page_no=13070'>13070<\/a><\/li>\n\n\n\n<li class='active'><a>13071<\/a><\/li>\n\n\n\n<li><a href='?page_no=13072'>13072<\/a><\/li>\n\n\n\n<li><a href='?page_no=13073'>13073<\/a><\/li>\n\n\n\n<li><a>...<\/a><\/li>\n\n\n\n<li><a href='?page_no=13611'>13611<\/a><\/li>\n\n\n\n<li><a href='?page_no=13612'>13612<\/a><\/li>\n\n    \n\t\n\n<li >\n\t<a href='?page_no=13072'>Next<\/a>\n\t<\/li>\n\n\n    \n\n<li><a href='?page_no=13612'>Last &rsaquo;&rsaquo;<\/a><\/li>\n\n<\/ul>\n\n\n--><br \/>\n<\/body><\/p>\n","protected":false},"excerpt":{"rendered":"<p>LOS TEMAS DE TELEDEBATE &#13; LAS PYMES.\u00a0 El matutino Diario Libre despliega hoy como titular principal de portada una noticia que seguramente asombrar\u00e0 a muchos.\u00a0 Es el hecho de que las peque\u00f1as y medianas empresas, conocidas como PYMES, constituyen el 92 porciento de las que est\u00e0n afiliadas a la Seguridad Social.\u00a0 Cuando se habla de [&hellip;]<\/p>\n","protected":false},"author":3,"featured_media":0,"comment_status":"open","ping_status":"open","sticky":false,"template":"","format":"standard","meta":{"footnotes":""},"categories":[16],"tags":[],"class_list":["post-37294","post","type-post","status-publish","format-standard","hentry","category-opiniones"],"_links":{"self":[{"href":"https:\/\/diariodominicano.com\/index.php?rest_route=\/wp\/v2\/posts\/37294","targetHints":{"allow":["GET"]}}],"collection":[{"href":"https:\/\/diariodominicano.com\/index.php?rest_route=\/wp\/v2\/posts"}],"about":[{"href":"https:\/\/diariodominicano.com\/index.php?rest_route=\/wp\/v2\/types\/post"}],"author":[{"embeddable":true,"href":"https:\/\/diariodominicano.com\/index.php?rest_route=\/wp\/v2\/users\/3"}],"replies":[{"embeddable":true,"href":"https:\/\/diariodominicano.com\/index.php?rest_route=%2Fwp%2Fv2%2Fcomments&post=37294"}],"version-history":[{"count":0,"href":"https:\/\/diariodominicano.com\/index.php?rest_route=\/wp\/v2\/posts\/37294\/revisions"}],"wp:attachment":[{"href":"https:\/\/diariodominicano.com\/index.php?rest_route=%2Fwp%2Fv2%2Fmedia&parent=37294"}],"wp:term":[{"taxonomy":"category","embeddable":true,"href":"https:\/\/diariodominicano.com\/index.php?rest_route=%2Fwp%2Fv2%2Fcategories&post=37294"},{"taxonomy":"post_tag","embeddable":true,"href":"https:\/\/diariodominicano.com\/index.php?rest_route=%2Fwp%2Fv2%2Ftags&post=37294"}],"curies":[{"name":"wp","href":"https:\/\/api.w.org\/{rel}","templated":true}]}}