{"id":37293,"date":"2007-04-27T02:56:13","date_gmt":"2007-04-27T02:56:13","guid":{"rendered":"http:\/\/diariodominicano.ddns.net\/?p=37293"},"modified":"2007-04-27T02:56:13","modified_gmt":"2007-04-27T02:56:13","slug":"el-tiro-rapido-400","status":"publish","type":"post","link":"https:\/\/diariodominicano.com\/?p=37293","title":{"rendered":"EL TIRO RAPIDO"},"content":{"rendered":"<p><body><\/p>\n<h1 align=\"center\" class=\"titulogrande1\">EL TIRO RAPIDO<\/h1>\n<p>&#13;<\/p>\n<p align=\"center\" class=\"textopq1\">de<\/p>\n<p>&#13;<\/p>\n<h2 align=\"center\" class=\"textogrande\">Mario Rivadulla<\/h2>\n<p>&#13;<\/p>\n<p align=\"justify\"><span class=\"text1noticias\">Arropados por las dram\u00e1ticas denuncias sobre la  entronizaci\u00f2n de la violencia y la creciente presencia de estudiantes armados  en el campus de la   Universidad Aut\u00f3noma de Santo Domingo hechas por los  profesores Ram\u00f2n Valerio y Alejandro Pichardo, y por\u00a0 el consumo de drogas y\u00a0 la proliferaci\u00f3n de asaltos, robos y  violaciones sexuales en los recintos escolares suscrita por el Vicerrector de  la alta casa de estudios, Franklin Garc\u00eca Fem\u00ecn, han quedado relegados  importantes se\u00f1alamientos de car\u00e1cter docente planteados por \u00e8ste.<\/span><\/p>\n<p>&#13;<\/p>\n<p align=\"justify\" class=\"text1noticias\">Seg\u00f9n Garc\u00eca Ferm\u00edn una gran cantidad de profesionales que egresan de las  diferentes universidades del pa\u00ecs acusan graves deficiencias.\u00a0 Estas quedan de manifiesto sobre todo, seg\u00f9n  el educador, cuando aspiran a una beca para hacer post grado, ya sea aqu\u00ec o  aprovechando las diferentes ofertas que cada a\u00f1o se ofrecen para realizarlo en  el exterior.<\/p>\n<p>&#13;<\/p>\n<p align=\"justify\" class=\"text1noticias\">La denuncia de Garc\u00eca Ferm\u00edn carece de novedad.\u00a0 Ya con anterioridad a \u00e8l, y tambi\u00e8n por \u00e8l  mismo en ocasiones previas, se ha denunciado esta situaci\u00f2n.\u00a0 Lo grave, lo realmente grave es que no parece  que se hayan dado pasos para conjurar la misma.\u00a0  O al menos, si se ha intentado han\u00a0  resultado insuficientes e inefectivos.<\/p>\n<p>&#13;<\/p>\n<p align=\"justify\" class=\"text1noticias\">El problema de las grandes deficiencias y penosas lagunas que presentan  muchos profesionales nuestros tiene su ra\u00ecz en todo el proceso previo de  docencia.\u00a0 Son fallos que se presentan en  la educaci\u00f3n b\u00e1sica primero, que contin\u00faan con la secundaria y terminan por  ofrecer un cuadro cr\u00ectico de ostensibles vac\u00edos\u00a0  de conocimientos en el nivel superior.<\/p>\n<p>&#13;<\/p>\n<p align=\"justify\" class=\"text1noticias\">No es de ahora que se ha se\u00f1alado un hecho tan preocupante como  vergonzoso.\u00a0 Es que la gran mayor\u00eca de  los estudiantes que acceden a la educaci\u00f3n superior presentan un nivel de  docencia que en muchos casos no sobrepasa el octavo curso.\u00a0 y en otros revela un atraso de por lo menos  dos grados de secundaria.\u00a0 <\/p>\n<p>&#13;<\/p>\n<p align=\"justify\" class=\"text1noticias\">Basta tomar como referente los pobres resultados que de manera pertinaz  acusan las llamadas \u201cPruebas Nacionales\u201d, que lo son en verdad&#8230;pero de  nuestro atraso docente.\u00a0 Materias b\u00e1sicas  como el Espa\u00f1ol y las Matem\u00e1ticas presentan unos \u00edndices tales de  desconocimiento y falta de dominio que debieran hacernos perder el sue\u00f1o.<\/p>\n<p>&#13;<\/p>\n<p align=\"justify\" class=\"text1noticias\">La semana pasada comentamos que un grupo de acad\u00e9micos advirti\u00f3 de nuestro  enorme atraso en la disponibilidad de recursos humanos calificados,\u00a0 con vistas a poder desenvolvernos con  razonable \u00e8xito en el exigente marco de competencia del mundo globalizado, los  mercados abiertos y los tratados de libre comercio.\u00a0 Al efecto, se\u00f1alaban que nuestros j\u00f3venes  llegan a la edad productiva con apenas un promedio de ocho a\u00f1os de escolaridad.<\/p>\n<p>&#13;<\/p>\n<p align=\"justify\" class=\"text1noticias\">Ya antes, aqu\u00ec en TELEDEBATE, el conocido empresario Celso Marranzini, ex  Presidente del CONEP y de EDUCA hab\u00eca llamado la atenci\u00f3n sobre este mismo  tema, revelando que m\u00e0s del 60 porciento, \u00f2igase bien, m\u00e0s del sesenta  porciento de los obreros que emplea el sector industrial apenas alcanz\u00f2 un  cuarto grado de la   Educaci\u00f3n Primaria.<\/p>\n<p>&#13;<\/p>\n<p align=\"justify\" class=\"text1noticias\">Vivimos en una era de gran desarrollo tecnol\u00f2gico.\u00a0 Cada d\u00eca se logran nuevos inventos y  espectaculares descubrimientos en todos los aspectos.\u00a0 Pero siempre, en todos los casos, el actor  principal y autor de esos logros es precisamente el ser humano.\u00a0 Nada, ni los avances tecnol\u00f3gicos m\u00e0s  impresionantes ni las m\u00e0quinas m\u00e0s sofisticadas,\u00a0 sustituye la importancia de contar con  recursos humanos calificados.<\/p>\n<p>&#13;<\/p>\n<p align=\"justify\" class=\"text1noticias\">Necesitamos mejorar de manera significativa la preparaci\u00f3n de nuestro  capital humano.\u00a0 Necesitamos de manera  apremiante ampliar la cobertura docente del pa\u00ecs,\u00a0 de tal modo que no haya un solo ni\u00f1o ni joven  dominicano privado de la oportunidad de educarse y capacitarse.\u00a0 Estamos urgidos de elevar la calidad del  profesorado y de la ense\u00f1anza que imparten.\u00a0\u00a0  O lo hacemos as\u00ec, o seguiremos hundidos cada vez m\u00e0s en la pobreza que  va asociada a la ignorancia. <\/p>\n<p>&#13;<\/p>\n<p align=\"justify\" class=\"text1noticias\">Los se\u00f1alamientos del vicerrector de la UASD, Garc\u00eca Ferm\u00edn, son simplemente un nuevo  recordatorio de nuestro atraso educativo.\u00a0  Ojal\u00e0 \u00e8ste y los otros que se han hecho con anterioridad en este mismo  sentido, no caigan en o\u00ecdos de sordo ni se contemplen con ojos de ciego. <\/p>\n<p>&#13;<\/p>\n<p align=\"justify\" class=\"text1noticias\">(TELEDEBATE.\u00a0 Telefuturo, Canal 23.  cubriendo todo el pa\u00ecs v\u00eca sat\u00e9lite y para el exterior en vivo y directo a  trav\u00e8s de Internet. Transmisi\u00f3n del martes 24,04,07).<\/p>\n<p>&#13;<\/p>\n<h6> 2007-04-27 02:56:13 <\/h6>\n<p><!--\n<link rel=\"stylesheet\" href=\"css\/bootstrap.min.css\">\n\n\n<ul class=\"pagination\">\n\t    \n\t\n\n<li >\n\t<a href='?page_no=13069'>Previous<\/a>\n\t<\/li>\n\n\n       \n    \n\n<li><a href='?page_no=1'>1<\/a><\/li>\n\n\n\n<li><a href='?page_no=2'>2<\/a><\/li>\n\n\n\n<li><a>...<\/a><\/li>\n\n\n\n<li><a href='?page_no=13068'>13068<\/a><\/li>\n\n\n\n<li><a href='?page_no=13069'>13069<\/a><\/li>\n\n\n\n<li class='active'><a>13070<\/a><\/li>\n\n\n\n<li><a href='?page_no=13071'>13071<\/a><\/li>\n\n\n\n<li><a href='?page_no=13072'>13072<\/a><\/li>\n\n\n\n<li><a>...<\/a><\/li>\n\n\n\n<li><a href='?page_no=13611'>13611<\/a><\/li>\n\n\n\n<li><a href='?page_no=13612'>13612<\/a><\/li>\n\n    \n\t\n\n<li >\n\t<a href='?page_no=13071'>Next<\/a>\n\t<\/li>\n\n\n    \n\n<li><a href='?page_no=13612'>Last &rsaquo;&rsaquo;<\/a><\/li>\n\n<\/ul>\n\n\n--><br \/>\n<\/body><\/p>\n","protected":false},"excerpt":{"rendered":"<p>EL TIRO RAPIDO &#13; de &#13; Mario Rivadulla &#13; Arropados por las dram\u00e1ticas denuncias sobre la entronizaci\u00f2n de la violencia y la creciente presencia de estudiantes armados en el campus de la Universidad Aut\u00f3noma de Santo Domingo hechas por los profesores Ram\u00f2n Valerio y Alejandro Pichardo, y por\u00a0 el consumo de drogas y\u00a0 la proliferaci\u00f3n [&hellip;]<\/p>\n","protected":false},"author":3,"featured_media":0,"comment_status":"open","ping_status":"open","sticky":false,"template":"","format":"standard","meta":{"footnotes":""},"categories":[16],"tags":[],"class_list":["post-37293","post","type-post","status-publish","format-standard","hentry","category-opiniones"],"_links":{"self":[{"href":"https:\/\/diariodominicano.com\/index.php?rest_route=\/wp\/v2\/posts\/37293","targetHints":{"allow":["GET"]}}],"collection":[{"href":"https:\/\/diariodominicano.com\/index.php?rest_route=\/wp\/v2\/posts"}],"about":[{"href":"https:\/\/diariodominicano.com\/index.php?rest_route=\/wp\/v2\/types\/post"}],"author":[{"embeddable":true,"href":"https:\/\/diariodominicano.com\/index.php?rest_route=\/wp\/v2\/users\/3"}],"replies":[{"embeddable":true,"href":"https:\/\/diariodominicano.com\/index.php?rest_route=%2Fwp%2Fv2%2Fcomments&post=37293"}],"version-history":[{"count":0,"href":"https:\/\/diariodominicano.com\/index.php?rest_route=\/wp\/v2\/posts\/37293\/revisions"}],"wp:attachment":[{"href":"https:\/\/diariodominicano.com\/index.php?rest_route=%2Fwp%2Fv2%2Fmedia&parent=37293"}],"wp:term":[{"taxonomy":"category","embeddable":true,"href":"https:\/\/diariodominicano.com\/index.php?rest_route=%2Fwp%2Fv2%2Fcategories&post=37293"},{"taxonomy":"post_tag","embeddable":true,"href":"https:\/\/diariodominicano.com\/index.php?rest_route=%2Fwp%2Fv2%2Ftags&post=37293"}],"curies":[{"name":"wp","href":"https:\/\/api.w.org\/{rel}","templated":true}]}}