{"id":37290,"date":"2007-04-27T03:05:23","date_gmt":"2007-04-27T03:05:23","guid":{"rendered":"http:\/\/diariodominicano.ddns.net\/?p=37290"},"modified":"2007-04-27T03:05:23","modified_gmt":"2007-04-27T03:05:23","slug":"las-principales-en-teledebate-92","status":"publish","type":"post","link":"https:\/\/diariodominicano.com\/?p=37290","title":{"rendered":"LAS PRINCIPALES EN TELEDEBATE"},"content":{"rendered":"<p><body><\/p>\n<h1 align=\"center\" class=\"titulogrande1\">LAS PRINCIPALES EN TELEDEBATE<\/h1>\n<p>&#13;<\/p>\n<p align=\"center\"><span class=\"textopq1\">Martes <\/span><span class=\"textogrande\">24,04,07<\/span><\/p>\n<p>&#13;<\/p>\n<p align=\"justify\"><em><strong>HONOR Y GLORIA A LOS CAIDOS.\u00a0<\/strong><\/em> <span class=\"text1noticias\">Hoy se cumplen cuarenta y dos abriles de la  que El Nacional de Ahora, en un certero editorial, califica de jornada de luto  y gloria.\u00a0 La Guerra de Abril del 65  encendi\u00f2 la llama patri\u00f2tica de los dominicanos en una desigual contienda en  que la inferioridad de recursos b\u00e9licos result\u00f2 ampliamente compensada por el  coraje de quienes fueron al rescate de la dignidad nacional al precio, en  muchos casos, de la propia vida. <br \/>&#13;<br \/>\n  <br \/>&#13;<br \/>\nHonor y gloria a los ca\u00ecdos.<\/span><\/p>\n<p>&#13;<\/p>\n<p align=\"justify\"><em><strong>DIA DE LOS AYUNTAMIENTOS:\u00a0<\/strong><\/em> <span class=\"text1noticias\">Hoy es tambi\u00e8n el D\u00eca de los Ayuntamientos.  Ocasi\u00f2n propicia para saludar y felicitar a todos los s\u00edndicos y regidores que  muestran verdadera vocaci\u00f3n de servicio y trabajan a favor de sus respectivas  comunidades,\u00a0 contribuyendo a fortalecer  la autonom\u00eda municipal.\u00a0\u00a0 Lamentablemente  no todos transitan por el mismo camino.\u00a0  Por \u00e8stos sacan la cara los que s\u00ec cumplen con la misi\u00f2n para la que  fueron escogidos.<\/span><\/p>\n<p>&#13;<\/p>\n<p align=\"justify\"><em><strong>SIN TIBIEZAS NI PRIVILEGIOS.<\/strong><\/em>  <span class=\"text1noticias\">Las autoridades de la UASD  han reaccionado a las denuncias sobre el clima de violencia entronizado en la  casa de estudios as\u00ec como a la penetraci\u00f3n al campus de estudiantes armados,  asegurando que no quedar\u00e0n sin sanci\u00f3n los autores de los recientes des\u00f2rdenes  y que no permitir\u00e0n el porte y uso de armas de fuego en el recinto  universitario.\u00a0 Esperemos que cumplan sin  tibiezas ni privilegios. <\/span><\/p>\n<p>&#13;<\/p>\n<p align=\"justify\"><span class=\"titulogrande\"><em><strong>FREDDY Y FERNANDITO,<\/strong><\/em><\/span><em><strong>  \u00a1BIENVENIDOS!<\/strong><\/em> <span class=\"text1noticias\">Dos grandes regresos: el de un Freddy Beras Goico, cada vez m\u00e0s  humano y solidario con los necesitados y sufrientes de nuestro pedazo de isla,  y el del popular\u00edsimo Fernando Villalona para seguirnos deleitando con su  voz.\u00a0 Su pueblo, que ha rezado por ambos,  les esperaba con los brazos abiertos.\u00a0  Bienvenidos. <\/span><\/p>\n<p>&#13;<\/p>\n<p align=\"justify\"><em><strong>DE INCRE\u00cdBLE BRILLANTEZ.\u00a0<\/strong><\/em> <span class=\"text1noticias\">Extraordinario el espect\u00e1culo de apertura de la X Feria Internacional del  Libro.\u00a0 <br \/>&#13;<br \/>\n  <br \/>&#13;<br \/>\nQuienes asistieron al mismo  pudieron disfrutar de una inolvidable puesta en escena de incre\u00ecble  brillantez.\u00a0<br \/>&#13;<br \/>\n<br \/> &#13;<br \/>\nDedicada al eximio poeta  Franklin Mieses\u00a0 Burgos en su Centenario  natalicio y teniendo como pa\u00ecs invitado a la Rep\u00f9blica de Colombia,  puede asegurarse que esta versi\u00f3n superar\u00e0 a las anteriores.<\/span><\/p>\n<p>&#13;<\/p>\n<p align=\"justify\"><em><strong>MOTIVO DE VERG\u00dcENZA.\u00a0<\/strong><\/em> <span class=\"text1noticias\">Penoso lo ocurrido ayer en la Cooperativa de los  Maestros. Considerada una de las de mayor fortaleza financiera y mejor administradas,  se convirti\u00f3 en escenario de enfrentamientos a palos, golpes y patadas entre  dos grupos adversarios.\u00a0 Las c\u00e0maras de  televisi\u00f2n y la lente de los fot\u00f3grafos captaron escenas tan vergonzosas como  preocupantes que de seguro hoy son motivo de fuerte preocupaci\u00f2n para el sector  magisterial.<\/span><\/p>\n<p>&#13;<\/p>\n<p align=\"justify\"><em><strong>CONFRONTACI\u00d3N REFORMISTA: <\/strong><\/em><span class=\"text1noticias\">El  grupo que detenta oficialmente el nombre y los s\u00edmbolos del Partido Reformista  Social Cristiano anuncia que acusar\u00e0 al Presidente Leonel Fern\u00e1ndez por alegada  usurpaci\u00f3n de los mismos durante el acto que tuvo lugar el pasado domingo, en  el cual la facci\u00f3n disidente hizo uso de los mismos y ratific\u00f2 su apoyo  electoral al mandatario.\u00a0 La acusaci\u00f2n  ser\u00eca tramitada ante la   Suprema Corte de Justicia,\u00a0  aunque tambi\u00e8n se intenta llevarla al exterior.<\/span><\/p>\n<p>&#13;<\/p>\n<p align=\"justify\"><em><strong>SIN ASIDERO LEGAL.<\/strong><\/em>\u00a0 <span class=\"text1noticias\">El caso puede dar lugar a un interesante  debate jur\u00eddico. El doctor C\u00e8sar Pina Toribio argumenta que la acusaci\u00f2n carece  de asidero legal, ya que en todo caso la acci\u00f2n tendr\u00eda que ser dirigida contra  el n\u00f9cleo reformista que hizo uso de dichos s\u00edmbolos.\u00a0 El Presidente de la Junta Central  Electoral por su parte, expresa que el pleno del organismo s\u00f2lo puede acoger  para conocimiento la denuncia reformista pero no fallar sobre la misma.<\/span><\/p>\n<p>&#13;<\/p>\n<p align=\"justify\"><em><strong>\u00bfUN SHOW PREPARADO?<\/strong><\/em> <span class=\"text1noticias\">Lo que  parece claro es que el PRSC ha tratado de montar un show pol\u00edtico aprovechando  esta coyuntura.\u00a0 Muchos se preguntan\u00a0 \u00bfpor qu\u00e8 llevar el caso ahora a la Junta Central  Electoral y no haberlo hecho con anterioridad al acto? Da la impresi\u00f3n de que  hab\u00eca el deliberado prop\u00f2sito de permitir que se usaran los s\u00edmbolos para luego  montar un espect\u00e1culo que mantenga al reformismo en los primeros planos de  actualidad durante varios d\u00ecas. <\/span><\/p>\n<p>&#13;<\/p>\n<p align=\"justify\"><em><strong>FONDOS PARA FOMENTO INDUSTRIAL.<\/strong><\/em><span class=\"text1noticias\"> El licenciado Rub\u00e9n Bichara quien pas\u00f2 de la Administraci\u00f3n de  EDESUR a dirigir la   Corporaci\u00f3n de Fomento Industrial se queja de que ese  organismo no ha recibido fondos para darle apoyo a las Peque\u00f1as y Medianas  Empresas agrupadas en PROMYPIME. Bichara alega que se necesitan recursos para  establecer parques empresariales donde esos negocios puedan ubicarse, acceder a  ventajas tecnol\u00f3gicas y reducir sus costos.\u00a0  Interesante el punto<\/span><\/p>\n<p>&#13;<\/p>\n<p align=\"justify\"><em><strong>LA OTRA CARA DE LA MONEDA.\u00a0<\/strong><\/em><span class=\"text1noticias\"> Mientras hay quienes se  empe\u00f1an en presentar en el plano local e internacional a la Rep\u00f9blica Dominicana  como un pa\u00ecs donde se discrimina al negro y se esclaviza a los haitianos, hay  quienes presentan otra versi\u00f3n.\u00a0 Una de  esas voces es la de Edwin Paraison.\u00a0 El  ex diplom\u00e1tico haitiano quien lleva casi 20 a\u00f1os residiendo en el pa\u00ecs,  califica de exageradas las denuncias de que aqu\u00ec se maltrata a sus  compatriotas.<\/span><\/p>\n<p>&#13;<\/p>\n<h6> 2007-04-27 03:05:23 <\/h6>\n<p><!--\n<link rel=\"stylesheet\" href=\"css\/bootstrap.min.css\">\n\n\n<ul class=\"pagination\">\n\t    \n\t\n\n<li >\n\t<a href='?page_no=13067'>Previous<\/a>\n\t<\/li>\n\n\n       \n    \n\n<li><a href='?page_no=1'>1<\/a><\/li>\n\n\n\n<li><a href='?page_no=2'>2<\/a><\/li>\n\n\n\n<li><a>...<\/a><\/li>\n\n\n\n<li><a href='?page_no=13066'>13066<\/a><\/li>\n\n\n\n<li><a href='?page_no=13067'>13067<\/a><\/li>\n\n\n\n<li class='active'><a>13068<\/a><\/li>\n\n\n\n<li><a href='?page_no=13069'>13069<\/a><\/li>\n\n\n\n<li><a href='?page_no=13070'>13070<\/a><\/li>\n\n\n\n<li><a>...<\/a><\/li>\n\n\n\n<li><a href='?page_no=13611'>13611<\/a><\/li>\n\n\n\n<li><a href='?page_no=13612'>13612<\/a><\/li>\n\n    \n\t\n\n<li >\n\t<a href='?page_no=13069'>Next<\/a>\n\t<\/li>\n\n\n    \n\n<li><a href='?page_no=13612'>Last &rsaquo;&rsaquo;<\/a><\/li>\n\n<\/ul>\n\n\n--><br \/>\n<\/body><\/p>\n","protected":false},"excerpt":{"rendered":"<p>LAS PRINCIPALES EN TELEDEBATE &#13; Martes 24,04,07 &#13; HONOR Y GLORIA A LOS CAIDOS.\u00a0 Hoy se cumplen cuarenta y dos abriles de la que El Nacional de Ahora, en un certero editorial, califica de jornada de luto y gloria.\u00a0 La Guerra de Abril del 65 encendi\u00f2 la llama patri\u00f2tica de los dominicanos en una desigual [&hellip;]<\/p>\n","protected":false},"author":3,"featured_media":0,"comment_status":"open","ping_status":"open","sticky":false,"template":"","format":"standard","meta":{"footnotes":""},"categories":[16],"tags":[],"class_list":["post-37290","post","type-post","status-publish","format-standard","hentry","category-opiniones"],"_links":{"self":[{"href":"https:\/\/diariodominicano.com\/index.php?rest_route=\/wp\/v2\/posts\/37290","targetHints":{"allow":["GET"]}}],"collection":[{"href":"https:\/\/diariodominicano.com\/index.php?rest_route=\/wp\/v2\/posts"}],"about":[{"href":"https:\/\/diariodominicano.com\/index.php?rest_route=\/wp\/v2\/types\/post"}],"author":[{"embeddable":true,"href":"https:\/\/diariodominicano.com\/index.php?rest_route=\/wp\/v2\/users\/3"}],"replies":[{"embeddable":true,"href":"https:\/\/diariodominicano.com\/index.php?rest_route=%2Fwp%2Fv2%2Fcomments&post=37290"}],"version-history":[{"count":0,"href":"https:\/\/diariodominicano.com\/index.php?rest_route=\/wp\/v2\/posts\/37290\/revisions"}],"wp:attachment":[{"href":"https:\/\/diariodominicano.com\/index.php?rest_route=%2Fwp%2Fv2%2Fmedia&parent=37290"}],"wp:term":[{"taxonomy":"category","embeddable":true,"href":"https:\/\/diariodominicano.com\/index.php?rest_route=%2Fwp%2Fv2%2Fcategories&post=37290"},{"taxonomy":"post_tag","embeddable":true,"href":"https:\/\/diariodominicano.com\/index.php?rest_route=%2Fwp%2Fv2%2Ftags&post=37290"}],"curies":[{"name":"wp","href":"https:\/\/api.w.org\/{rel}","templated":true}]}}