{"id":37289,"date":"2007-04-27T03:07:28","date_gmt":"2007-04-27T03:07:28","guid":{"rendered":"http:\/\/diariodominicano.ddns.net\/?p=37289"},"modified":"2007-04-27T03:07:28","modified_gmt":"2007-04-27T03:07:28","slug":"llamado-a-ee-y-aa","status":"publish","type":"post","link":"https:\/\/diariodominicano.com\/?p=37289","title":{"rendered":"Llamado a EE y AA"},"content":{"rendered":"<p><body><\/p>\n<p align=\"center\" class=\"titulogrande1\"><strong>Llamado a EE y AA<\/strong><\/p>\n<p>&#13;<\/p>\n<p align=\"center\"><span class=\"ttmediao\"><em>Por <\/em><\/span><span class=\"textogrande\">Guillermo Caram<\/span><\/p>\n<p>&#13;<\/p>\n<p align=\"justify\" class=\"text1noticias\">Eduardo  Estrella y Amable Aristy tienen la obligaci\u00f3n consigo mismos, con los  reformistas y con la naci\u00f3n- ante los errores de conducci\u00f3n que cotidianamente  vienen cometi\u00e9ndose en el PRSC &#8211; de promover un pacto en procura de una  direcci\u00f3n mas adecuada del partido. <\/p>\n<p>&#13;<\/p>\n<p align=\"justify\" class=\"text1noticias\">Esta  reflexi\u00f3n viene al caso al ponderar el accionar en pro de la supuesta defensa  de sus s\u00edmbolos desarrollada por el PRSC; accionar pr\u00e1cticamente criticado por  todas las voces sensatas de la naci\u00f3n.<br \/>&#13;<br \/>\n  \u00a0<br \/>&#13;<br \/>\n  Los  reformistas del PRSC parecen ignorar que reformista es una palabra consignada  en el Diccionario de la   Real Academia para identificar a todo aquel \u201cpartidario de  las reformas o propiciadores de ellas\u201d, a diferencia de esa especie de  gentilicio con que se identifican a PRDistas y PLDistas. <\/p>\n<p>&#13;<\/p>\n<p align=\"justify\" class=\"text1noticias\">Se  abrogan para s\u00ed como s\u00edmbolo exclusivo, todo lo que parezca rojo; cuando los  Arts. 7 y 9 de los estatutos y la tradici\u00f3n reformista mas genuina, consagran  el \u201ccolorado\u201d como el color del partido. <\/p>\n<p>&#13;<\/p>\n<p align=\"justify\" class=\"text1noticias\">Comienzan  los actos con oraciones cat\u00f3licas excluyentes de otras iglesias cristianas,  otras religiones y no creyentes, cuando al Art. 2 de los estatutos habilitan a  \u201ctodos\u201d los dominicanos para formar parte del PRSC.<\/p>\n<p>&#13;<\/p>\n<p align=\"justify\" class=\"text1noticias\">Se  defienden los s\u00edmbolos exponiendo la paz y el orden, contrario a la pr\u00e9dica y  praxis que\u00a0 ha predominado hist\u00f3ricamente  en los postulados \u00a0reformistas. De no  haber sido por deficiencias del equipamiento policial, la marcha del pasado  domingo, luego de anarquizarse por la desobediencia de los concurrentes a sus  conductores, pudo haber derivado en fatalidades. <\/p>\n<p>&#13;<\/p>\n<p align=\"justify\" class=\"text1noticias\">Su  demorado comienzo, el largo recorrido planeado y la anunciada intercepci\u00f3n  policial; dej\u00f3 la impresi\u00f3n que los organizadores sab\u00edan de antemano que el  objetivo de protestar ante el acto organizado por el CONSEJO PRESIDENCIAL  REFORMISTA en apoyo al Presidente Fern\u00e1ndez en el Mauricio B\u00e1ez no iba a ser  alcanzado. <\/p>\n<p>&#13;<\/p>\n<p align=\"justify\" class=\"text1noticias\">La  autenticidad de defender los s\u00edmbolos estuvo empa\u00f1ada al utilizar\u00a0 consignas de otros partidos \u2013 \u201cde que se van,  se van\u201d &#8211; que ya forma parte de la campa\u00f1a publicitaria del MVP. <\/p>\n<p>&#13;<\/p>\n<p align=\"justify\" class=\"text1noticias\">Y el  rasgarse las vestiduras clamando contra el Presidente Fern\u00e1ndez no hacen m\u00e1s  que atribuirle a \u00a0\u00e9ste mas fuerza que la  que tiene, al mismo tiempo que evidencian la debilidad con que los dirigentes del  PRSC se est\u00e1n autopercibiendo. <\/p>\n<p>&#13;<\/p>\n<p align=\"justify\" class=\"text1noticias\">En  la carta de Joaqu\u00edn Balaguer a la   Asamblea del PRSC que aprobara los estatutos en el 2001,  advert\u00eda que un partido no podr\u00eda ser \u201corg\u00e1nicamente factible\u201d si el accionar  de sus hombres y mujeres \u201cno respondieran a los requerimientos de la sociedad\u201d.  \u00a0<\/p>\n<p>&#13;<\/p>\n<p align=\"justify\" class=\"text1noticias\">Responder  a los requerimientos actuales exige una conducci\u00f3n del PRSC que enmiende lo  retratado en las recientes encuestas sobre el poco inter\u00e9s y el bajo posicionamiento  que est\u00e1 concitando el presente accionar de su direcci\u00f3n.<\/p>\n<p>&#13;<\/p>\n<p align=\"justify\" class=\"text1noticias\">En  efecto, la reciente encuesta Gallup \u2013 Hoy sigue consignando al PRSC unas  preferencias en el orden del 12%, pr\u00e1cticamente la mitad de lo que siempre ha  caracterizado la votaci\u00f3n reformista; y solo el 14.6 % de la ciudadan\u00eda est\u00e1  interesada en el proceso interno del PRSC para escoger su candidato  presidencial.<\/p>\n<p>&#13;<\/p>\n<p align=\"justify\" class=\"text1noticias\">Es  por eso que Eduardo Estrella y Amable Aristy, s aspirantes de dicho proceso,  tiene la obligaci\u00f3n frente a si mismos, los reformistas y la naci\u00f3n; de  procurar una direcci\u00f3n mas adecuada del PRSC: Mas responsable, cuidadosa,  sustancial y efectiva en t\u00e9rminos de respuestas a los requerimientos actuales  de la naci\u00f3n. <\/p>\n<p>&#13;<\/p>\n<p align=\"justify\" class=\"text1noticias\">De  lo contrario, todos sus esfuerzos por desempe\u00f1ar un papel airoso en la presente  contienda, se ir\u00eda por la borda.<\/p>\n<p>&#13;<\/p>\n<h6> 2007-04-27 03:07:28 <\/h6>\n<p><!--\n<link rel=\"stylesheet\" href=\"css\/bootstrap.min.css\">\n\n\n<ul class=\"pagination\">\n\t    \n\t\n\n<li >\n\t<a href='?page_no=13066'>Previous<\/a>\n\t<\/li>\n\n\n       \n    \n\n<li><a href='?page_no=1'>1<\/a><\/li>\n\n\n\n<li><a href='?page_no=2'>2<\/a><\/li>\n\n\n\n<li><a>...<\/a><\/li>\n\n\n\n<li><a href='?page_no=13065'>13065<\/a><\/li>\n\n\n\n<li><a href='?page_no=13066'>13066<\/a><\/li>\n\n\n\n<li class='active'><a>13067<\/a><\/li>\n\n\n\n<li><a href='?page_no=13068'>13068<\/a><\/li>\n\n\n\n<li><a href='?page_no=13069'>13069<\/a><\/li>\n\n\n\n<li><a>...<\/a><\/li>\n\n\n\n<li><a href='?page_no=13611'>13611<\/a><\/li>\n\n\n\n<li><a href='?page_no=13612'>13612<\/a><\/li>\n\n    \n\t\n\n<li >\n\t<a href='?page_no=13068'>Next<\/a>\n\t<\/li>\n\n\n    \n\n<li><a href='?page_no=13612'>Last &rsaquo;&rsaquo;<\/a><\/li>\n\n<\/ul>\n\n\n--><br \/>\n<\/body><\/p>\n","protected":false},"excerpt":{"rendered":"<p>Llamado a EE y AA &#13; Por Guillermo Caram &#13; Eduardo Estrella y Amable Aristy tienen la obligaci\u00f3n consigo mismos, con los reformistas y con la naci\u00f3n- ante los errores de conducci\u00f3n que cotidianamente vienen cometi\u00e9ndose en el PRSC &#8211; de promover un pacto en procura de una direcci\u00f3n mas adecuada del partido. &#13; Esta [&hellip;]<\/p>\n","protected":false},"author":3,"featured_media":0,"comment_status":"open","ping_status":"open","sticky":false,"template":"","format":"standard","meta":{"footnotes":""},"categories":[16],"tags":[],"class_list":["post-37289","post","type-post","status-publish","format-standard","hentry","category-opiniones"],"_links":{"self":[{"href":"https:\/\/diariodominicano.com\/index.php?rest_route=\/wp\/v2\/posts\/37289","targetHints":{"allow":["GET"]}}],"collection":[{"href":"https:\/\/diariodominicano.com\/index.php?rest_route=\/wp\/v2\/posts"}],"about":[{"href":"https:\/\/diariodominicano.com\/index.php?rest_route=\/wp\/v2\/types\/post"}],"author":[{"embeddable":true,"href":"https:\/\/diariodominicano.com\/index.php?rest_route=\/wp\/v2\/users\/3"}],"replies":[{"embeddable":true,"href":"https:\/\/diariodominicano.com\/index.php?rest_route=%2Fwp%2Fv2%2Fcomments&post=37289"}],"version-history":[{"count":0,"href":"https:\/\/diariodominicano.com\/index.php?rest_route=\/wp\/v2\/posts\/37289\/revisions"}],"wp:attachment":[{"href":"https:\/\/diariodominicano.com\/index.php?rest_route=%2Fwp%2Fv2%2Fmedia&parent=37289"}],"wp:term":[{"taxonomy":"category","embeddable":true,"href":"https:\/\/diariodominicano.com\/index.php?rest_route=%2Fwp%2Fv2%2Fcategories&post=37289"},{"taxonomy":"post_tag","embeddable":true,"href":"https:\/\/diariodominicano.com\/index.php?rest_route=%2Fwp%2Fv2%2Ftags&post=37289"}],"curies":[{"name":"wp","href":"https:\/\/api.w.org\/{rel}","templated":true}]}}