{"id":37287,"date":"2007-05-03T17:20:32","date_gmt":"2007-05-03T17:20:32","guid":{"rendered":"http:\/\/diariodominicano.ddns.net\/?p=37287"},"modified":"2007-05-03T17:20:32","modified_gmt":"2007-05-03T17:20:32","slug":"en-la-zona-cero","status":"publish","type":"post","link":"https:\/\/diariodominicano.com\/?p=37287","title":{"rendered":"En la Zona Cero"},"content":{"rendered":"<p><body><\/p>\n<p align=\"justify\"><strong class=\"titulogrande1\">En la    Zona Cero<\/strong> <br \/>&#13;<br \/>\n  <br \/>&#13;<br \/>\n    <span class=\"ttmediao\"><strong>Por<\/strong><\/span><strong class=\"textogrande\"> LEO HERNANDEZ*<\/strong><br \/>&#13;<br \/>\n    <br \/>&#13;<br \/>\n    <span class=\"text1noticias\">Creo  con toda sinceridad que la humanidad ignora todav\u00eda, no ha alcanzado a  comprender, la forma cruel como la marcaron los atentados del 11 de septiembre  de 2001, que dividieron la historia entre antes y despu\u00e9s de esa fecha.<br \/>&#13;<br \/>\n    <br \/>&#13;<br \/>\n    Estando la semana que  reci\u00e9n finaliza de paso por la ciudad de Nueva York, por segunda vez despu\u00e9s de  los atentados me decid\u00ed de nuevo a visitar el sitio donde estuvieron las torres  gemelas, ahora bautizada en la metr\u00f3polis como Zona Cero. La primera ocasi\u00f3n lo  hice en 2003 y ahora, como aquella vez, observando la exposici\u00f3n gr\u00e1fica-mural  de los acontecimientos de aquel septiembre maldito, no pude menos que  reflexionar sobre como el fundamentalismo fan\u00e1tico acab\u00f3 en instantes con la  vida de miles de inocentes, en nombre de Al\u00e1.<br \/>&#13;<br \/>\n    <br \/>&#13;<br \/>\n    La cavidad profunda que  puede observarse en el espacio que ocuparon aquellos rascacielos que desafiaban  la gravedad y las alturas es el recuerdo de aquel hecho fatal sobre cuya  programaci\u00f3n, planificaci\u00f3n y ejecuci\u00f3n a\u00fan se tejen las m\u00e1s diversas teor\u00edas. La  comercializaci\u00f3n de la tragedia, traducida en la venta en el mismo lugar de la  masacre y en los alrededores de souveniles, alb\u00fames de fotos y todo cuanto  pueda ser recuerdo de lo que ya no est\u00e1, plasma en la mente aquello de \u201clo que  pas\u00f3, pas\u00f3\u201d, y refresca las teor\u00edas del consumismo como base y sost\u00e9n del  capitalismo que combatimos con entusiasmo inducido en nuestros a\u00f1os mozos. <br \/>&#13;<br \/>\n    <br \/>&#13;<br \/>\n    Esta es la fecha, casi 6  a\u00f1os despu\u00e9s de los atentados, que se ignora con certeza el n\u00famero de v\u00edctimas  que dejaron esos hechos, que para Nueva York y el mundo crearon un s\u00edndrome y  dieron cancha a que se lanzara la llamada Guerra contra el Terrorismo, que  tiene sus defensores y detractores.<br \/>&#13;<br \/>\n    <br \/>&#13;<br \/>\n    Visitar la Zona Cero sobrecoge y  entristece al m\u00e1s insensible. Las huellas de aquella temeraria y maldita osad\u00eda  est\u00e1n ah\u00ed, a la vista de todos, y no hay forma alguna de entender como los  hombres, fanatizados por el adoctrinamiento, pudieron emprender una aventura de  esa naturaleza, que traumatiz\u00f3 a la sociedad toda. No puede haber mente sensata  en el mundo que justifique los ataques de Al Qaeda de septiembre 2001 contra  Estados Unidos, que m\u00e1s que contra los norteamericanos, victimaron una ciudad  como Nueva York, que con todos sus vicios y problemas, no cesa de acoger  emigrantes de todas las latitudes.<br \/>&#13;<br \/>\n    <br \/>&#13;<br \/>\n    Estando all\u00ed, pens\u00e9 y  casi lo expres\u00e9 en voz alta: \u00a1Que Al\u00e1 maldiga mil veces a Bin Laden!.<\/span><br \/>&#13;<br \/>\n  <br \/>&#13;<br \/>\n  <em><strong> El autor  es periodista y consultor de comunicaci\u00f3n<\/strong><\/em><br \/>&#13;<br \/>\n  <br \/>&#13;<br \/>\n<strong><a href=\"mailto:leohernandez@indes.org\">leohernandez@indes.org<\/a><\/strong><\/p>\n<p>&#13;<\/p>\n<h6> 2007-05-03 17:20:32 <\/h6>\n<p><!--\n<link rel=\"stylesheet\" href=\"css\/bootstrap.min.css\">\n\n\n<ul class=\"pagination\">\n\t    \n\t\n\n<li >\n\t<a href='?page_no=13064'>Previous<\/a>\n\t<\/li>\n\n\n       \n    \n\n<li><a href='?page_no=1'>1<\/a><\/li>\n\n\n\n<li><a href='?page_no=2'>2<\/a><\/li>\n\n\n\n<li><a>...<\/a><\/li>\n\n\n\n<li><a href='?page_no=13063'>13063<\/a><\/li>\n\n\n\n<li><a href='?page_no=13064'>13064<\/a><\/li>\n\n\n\n<li class='active'><a>13065<\/a><\/li>\n\n\n\n<li><a href='?page_no=13066'>13066<\/a><\/li>\n\n\n\n<li><a href='?page_no=13067'>13067<\/a><\/li>\n\n\n\n<li><a>...<\/a><\/li>\n\n\n\n<li><a href='?page_no=13611'>13611<\/a><\/li>\n\n\n\n<li><a href='?page_no=13612'>13612<\/a><\/li>\n\n    \n\t\n\n<li >\n\t<a href='?page_no=13066'>Next<\/a>\n\t<\/li>\n\n\n    \n\n<li><a href='?page_no=13612'>Last &rsaquo;&rsaquo;<\/a><\/li>\n\n<\/ul>\n\n\n--><br \/>\n<\/body><\/p>\n","protected":false},"excerpt":{"rendered":"<p>En la Zona Cero &#13; &#13; Por LEO HERNANDEZ*&#13; &#13; Creo con toda sinceridad que la humanidad ignora todav\u00eda, no ha alcanzado a comprender, la forma cruel como la marcaron los atentados del 11 de septiembre de 2001, que dividieron la historia entre antes y despu\u00e9s de esa fecha.&#13; &#13; Estando la semana que reci\u00e9n [&hellip;]<\/p>\n","protected":false},"author":3,"featured_media":0,"comment_status":"open","ping_status":"open","sticky":false,"template":"","format":"standard","meta":{"footnotes":""},"categories":[16],"tags":[],"class_list":["post-37287","post","type-post","status-publish","format-standard","hentry","category-opiniones"],"_links":{"self":[{"href":"https:\/\/diariodominicano.com\/index.php?rest_route=\/wp\/v2\/posts\/37287","targetHints":{"allow":["GET"]}}],"collection":[{"href":"https:\/\/diariodominicano.com\/index.php?rest_route=\/wp\/v2\/posts"}],"about":[{"href":"https:\/\/diariodominicano.com\/index.php?rest_route=\/wp\/v2\/types\/post"}],"author":[{"embeddable":true,"href":"https:\/\/diariodominicano.com\/index.php?rest_route=\/wp\/v2\/users\/3"}],"replies":[{"embeddable":true,"href":"https:\/\/diariodominicano.com\/index.php?rest_route=%2Fwp%2Fv2%2Fcomments&post=37287"}],"version-history":[{"count":0,"href":"https:\/\/diariodominicano.com\/index.php?rest_route=\/wp\/v2\/posts\/37287\/revisions"}],"wp:attachment":[{"href":"https:\/\/diariodominicano.com\/index.php?rest_route=%2Fwp%2Fv2%2Fmedia&parent=37287"}],"wp:term":[{"taxonomy":"category","embeddable":true,"href":"https:\/\/diariodominicano.com\/index.php?rest_route=%2Fwp%2Fv2%2Fcategories&post=37287"},{"taxonomy":"post_tag","embeddable":true,"href":"https:\/\/diariodominicano.com\/index.php?rest_route=%2Fwp%2Fv2%2Ftags&post=37287"}],"curies":[{"name":"wp","href":"https:\/\/api.w.org\/{rel}","templated":true}]}}