{"id":37286,"date":"2007-05-03T17:22:43","date_gmt":"2007-05-03T17:22:43","guid":{"rendered":"http:\/\/diariodominicano.ddns.net\/?p=37286"},"modified":"2007-05-03T17:22:43","modified_gmt":"2007-05-03T17:22:43","slug":"el-tiro-rapido-399","status":"publish","type":"post","link":"https:\/\/diariodominicano.com\/?p=37286","title":{"rendered":"EL TIRO RAPIDO"},"content":{"rendered":"<p><body><\/p>\n<p><span class=\"titulogrande1\">EL TIRO RAPIDO<\/span><br \/>&#13;<br \/>\n  <br \/>&#13;<br \/>\n    <span class=\"textogrande\"><em>de<\/em><\/span><br \/>&#13;<br \/>\n  <br \/>&#13;<br \/>\n  <span class=\"textogrande\">Mario  Rivadulla<\/span><\/p>\n<p>&#13;<\/p>\n<p align=\"justify\" class=\"text1noticias\">Tema obligado de hoy es el controversial Seguro Familiar  de Salud, cuya cotizaci\u00f3n obligatoria di\u00f2 comienzo en este d\u00eca,\u00a0 y cuya puesta en vigencia a los efectos de la  prestaci\u00f3n de los servicios a sus afiliados est\u00e0 acordada para el primero de  Junio.<\/p>\n<p>&#13;<\/p>\n<p align=\"justify\" class=\"text1noticias\">Por l\u00f3gica se supon\u00eca que el  Seguro Familiar de Salud de la Seguridad Social debiera haber comenzado antes  que el \u00e0rea de Pensiones.\u00a0 En la pr\u00e0ctica  ha ocurrido todo lo contrario, quiz\u00e0s por nuestra irremediable man\u00eca de empezar  muchas cosas al rev\u00e8s para despu\u00e8s tener que enderezar la carga en el camino  con todas las dificultades que esto supone.<\/p>\n<p>&#13;<\/p>\n<p align=\"justify\" class=\"text1noticias\">As\u00ec, las diferencias en el \u00e0rea  de Pensiones, focalizada en torno a la figura de la Superintendente,  pudieron ser solventadas en tiempo y forma razonables escogiendo a una  profesional de vasta experiencia como Persia Alvarez, ratificada por un nuevo  per\u00ecodo.<\/p>\n<p>&#13;<\/p>\n<p align=\"justify\" class=\"text1noticias\">En cambio, las cosas han  funcionado bien distintas en lo tocante a la Salud.\u00a0   En ocho ocasiones diferentes se anunci\u00f2 la puesta en  marcha del Seguro Familiar&#8230;y en ocho ocasiones fue preciso aplazarlo por  graves diferencias entre sus diferentes actores que nunca pudieron ser  conciliadas bajo la gesti\u00f3n del destacado galeno Bernardo Defill\u00f2.<\/p>\n<p>&#13;<\/p>\n<p align=\"justify\" class=\"text1noticias\">Durante los \u00faltimos meses, la  actual Administraci\u00f3n del Presidente Leonel Fern\u00e0ndez recibi\u00f2 crecientes  presiones de sectores laborales y otros litorales de la sociedad para poner fin  al limbo en que hab\u00eca ca\u00ecdo el Seguro Familiar.\u00a0  La intervenci\u00f3n personal del Vicepresidente Rafael Alburquerque, con  vasta experiencia sobre el tema y probada capacidad de concertaci\u00f3n, logr\u00f2  concretar la fecha de compromiso para la puesta en marcha del sistema.\u00a0 <\/p>\n<p>&#13;<\/p>\n<p align=\"justify\" class=\"text1noticias\">Esta se ha mantenido contra  viento y marea.\u00a0 Sin embargo, a cuatro  semanas apenas de su inicio hay vientos y mareas que es preciso afrontar y que  por tratarse de temas puntuales, no se pueden cobijar bajo el manto de\u00a0 la un tanto alegre frase de aparejar la carga  en el camino.<\/p>\n<p>&#13;<\/p>\n<p align=\"justify\" class=\"text1noticias\">No puede dar iniciar el Seguro  Familiar de Salud si previamente no se negocia y llega a un acuerdo con los  m\u00e8dicos sobre el monto de sus honorarios profesionales. La suma ofrecida de 175  pesos por consulta resulta muy inferior a los 400 que reclama el Colegio M\u00e8dico  Nacional, cuyo presidente ha advertido que en tanto no se arribe a un acuerdo  los especialistas no prestar\u00e0n servicios al sistema.<\/p>\n<p>&#13;<\/p>\n<p align=\"justify\" class=\"text1noticias\">Antes de dar inicio el Seguro  Familiar de Salud es preciso definir la tarifa de servicios con las cl\u00ecnicas  privadas, lo que seg\u00f9n el presidente de la Asociaci\u00f3n que las  agrupa, todav\u00eca se encuentra pendiente.<\/p>\n<p>&#13;<\/p>\n<p align=\"justify\" class=\"text1noticias\">Una situacion particularmente  preocupante por otra parte, ofrecen los hospitales p\u00fablicos que seg\u00f9n el nuevo  esquema estar\u00e1n obligados a competir con el sector privado en cuanto a la  calidad y costo de los servicios a los asegurados.\u00a0 Su condici\u00f3n actual dista mucho de que puedan  desenvolverse exitosamente dentro de ese marco.<\/p>\n<p>&#13;<\/p>\n<p align=\"justify\" class=\"text1noticias\">Hay otras situaciones que  tambi\u00e8n est\u00e0n pendientes de resolver, como son la de la doble afiliaci\u00f3n;  la\u00a0 de aquellos que carecen de c\u00e8dula de  identidad personal y electoral que suman cientos de miles seg\u00f9n la Junta Central  Electoral; las deudas acumuladas con el Instituto Dominicano de Seguros  Sociales por empresarios y el Estado; la cobertura del SIDA y las llamadas  enfermedades catastr\u00f3ficas como el c\u00e0ncer y otros muchos detalles m\u00e0s, propios  a fin de cuentas de un sistema nuevo y muy complejo.<\/p>\n<p>&#13;<\/p>\n<p align=\"justify\" class=\"text1noticias\">Pero dado que no existen  varitas m\u00e1gicas y que disponemos de los limitados recursos de todo pa\u00ecs peque\u00f1o  y relativamente pobre, hemos escogido los tres que previamente se\u00f1alamos como  los temas que parecen requerir m\u00e0s inmediata atenci\u00f3n.\u00a0 Para buscarles salida, tanto la Superintendencia  como los agentes que participan del sistema con capacidad de veto, o sea, el  Estado, los empleadores y el sector sindical, disponen apenas de cuatro  semanas.<\/p>\n<p>&#13;<\/p>\n<p align=\"justify\" class=\"text1noticias\">\u00bfPodr\u00e0n conseguir en esas  cuatro semanas lo que antes no pudieron en cinco a\u00f1os de discusiones est\u00e9riles  y \u00e0cidas e improductivas confrontaciones?<\/p>\n<p>&#13;<\/p>\n<p align=\"justify\" class=\"text1noticias\">Ojal\u00e0 lo logren.\u00a0 Pero encontrarle salida tiene mucho de  milagroso por lo que quiz\u00e0s sea oportuno reclamar una vez m\u00e0s la generosa  intercesi\u00f3n de La   Altagracia a fin de que ilumine de sensatez, racionalidad y  buena disposici\u00f2n a quienes tienen en sus manos el reto y la oportunidad de  buscarle soluci\u00f2n armoniosa pero sobre todo sustentable, \u00a0a los problemas m\u00e0s urgentes que es preciso  superar para que el primero de Junio entre en vigencia real y efectivamente el  tan esperado Seguro Familiar de Salud.<\/p>\n<p>&#13;<\/p>\n<h6> 2007-05-03 17:22:43 <\/h6>\n<p><!--\n<link rel=\"stylesheet\" href=\"css\/bootstrap.min.css\">\n\n\n<ul class=\"pagination\">\n\t    \n\t\n\n<li >\n\t<a href='?page_no=13063'>Previous<\/a>\n\t<\/li>\n\n\n       \n    \n\n<li><a href='?page_no=1'>1<\/a><\/li>\n\n\n\n<li><a href='?page_no=2'>2<\/a><\/li>\n\n\n\n<li><a>...<\/a><\/li>\n\n\n\n<li><a href='?page_no=13062'>13062<\/a><\/li>\n\n\n\n<li><a href='?page_no=13063'>13063<\/a><\/li>\n\n\n\n<li class='active'><a>13064<\/a><\/li>\n\n\n\n<li><a href='?page_no=13065'>13065<\/a><\/li>\n\n\n\n<li><a href='?page_no=13066'>13066<\/a><\/li>\n\n\n\n<li><a>...<\/a><\/li>\n\n\n\n<li><a href='?page_no=13611'>13611<\/a><\/li>\n\n\n\n<li><a href='?page_no=13612'>13612<\/a><\/li>\n\n    \n\t\n\n<li >\n\t<a href='?page_no=13065'>Next<\/a>\n\t<\/li>\n\n\n    \n\n<li><a href='?page_no=13612'>Last &rsaquo;&rsaquo;<\/a><\/li>\n\n<\/ul>\n\n\n--><br \/>\n<\/body><\/p>\n","protected":false},"excerpt":{"rendered":"<p>EL TIRO RAPIDO&#13; &#13; de&#13; &#13; Mario Rivadulla &#13; Tema obligado de hoy es el controversial Seguro Familiar de Salud, cuya cotizaci\u00f3n obligatoria di\u00f2 comienzo en este d\u00eca,\u00a0 y cuya puesta en vigencia a los efectos de la prestaci\u00f3n de los servicios a sus afiliados est\u00e0 acordada para el primero de Junio. &#13; Por l\u00f3gica [&hellip;]<\/p>\n","protected":false},"author":3,"featured_media":0,"comment_status":"open","ping_status":"open","sticky":false,"template":"","format":"standard","meta":{"footnotes":""},"categories":[16],"tags":[],"class_list":["post-37286","post","type-post","status-publish","format-standard","hentry","category-opiniones"],"_links":{"self":[{"href":"https:\/\/diariodominicano.com\/index.php?rest_route=\/wp\/v2\/posts\/37286","targetHints":{"allow":["GET"]}}],"collection":[{"href":"https:\/\/diariodominicano.com\/index.php?rest_route=\/wp\/v2\/posts"}],"about":[{"href":"https:\/\/diariodominicano.com\/index.php?rest_route=\/wp\/v2\/types\/post"}],"author":[{"embeddable":true,"href":"https:\/\/diariodominicano.com\/index.php?rest_route=\/wp\/v2\/users\/3"}],"replies":[{"embeddable":true,"href":"https:\/\/diariodominicano.com\/index.php?rest_route=%2Fwp%2Fv2%2Fcomments&post=37286"}],"version-history":[{"count":0,"href":"https:\/\/diariodominicano.com\/index.php?rest_route=\/wp\/v2\/posts\/37286\/revisions"}],"wp:attachment":[{"href":"https:\/\/diariodominicano.com\/index.php?rest_route=%2Fwp%2Fv2%2Fmedia&parent=37286"}],"wp:term":[{"taxonomy":"category","embeddable":true,"href":"https:\/\/diariodominicano.com\/index.php?rest_route=%2Fwp%2Fv2%2Fcategories&post=37286"},{"taxonomy":"post_tag","embeddable":true,"href":"https:\/\/diariodominicano.com\/index.php?rest_route=%2Fwp%2Fv2%2Ftags&post=37286"}],"curies":[{"name":"wp","href":"https:\/\/api.w.org\/{rel}","templated":true}]}}