{"id":372858,"date":"2022-08-01T00:10:48","date_gmt":"2022-08-01T04:10:48","guid":{"rendered":"http:\/\/diariodominicano.com\/?p=372858"},"modified":"2022-08-01T00:10:48","modified_gmt":"2022-08-01T04:10:48","slug":"fallece-pedro-a-rodriguez-echavarria-ex-presidente-del-banco-popular-2","status":"publish","type":"post","link":"https:\/\/diariodominicano.com\/?p=372858","title":{"rendered":"Fallece Pedro A. Rodr\u00edguez Echavarr\u00eda, ex presidente del Banco Popular"},"content":{"rendered":"\n<p>SANTO DOMINGO,&nbsp; el 1 de Agosto de 2014, el&nbsp; Grupo Popular inform\u00f3 el&nbsp; fallecimiento del banquero Pedro A. Rodr\u00edguez Echavarr\u00eda, quien form\u00f3 parte del grupo inicial de funcionarios que dieron origen al Banco Popular Dominicano en 1963, llegando a ocupar la presidencia de esa entidad en el per\u00edodo 1989-1990.<\/p>\n\n\n\n<p>Rodr\u00edguez Echavarr\u00eda&nbsp; era al momento de fallecer,&nbsp; Consejero Em\u00e9rito de Grupo Popular y del Banco Popular Dominicano.<\/p>\n\n\n\n<p>El fallecimiento del banquero, acaecido en ciudad Santo Domingo,&nbsp; se produjo a consecuencia de una enfermedad que lo aquej\u00f3 durante el \u00faltimo a\u00f1o.<\/p>\n\n\n\n<p>Sus restos fueron&nbsp; velados en la Funeraria Blandino de la avenida Abraham Lincoln, en la&nbsp; ciudad Santo Domingo desde las 5:00 tarde del 1 de agosto, y sepultados el&nbsp; domingo 3 de agosto, a las 4:00 de la tarde, en el Parque Cementerio Puerta del Cielo.<\/p>\n\n\n\n<p><strong>Referente en el sector financiero nacional<\/strong><\/p>\n\n\n\n<p>Rodr\u00edguez&nbsp; Echavarr\u00eda,&nbsp; naci\u00f3 en Puerto Plata el 3 de enero de 1928. Fue un referente del sector financiero dominicano, al que dedic\u00f3 m\u00e1s de 65 a\u00f1os de carrera profesional.<\/p>\n\n\n\n<p>Desde los inicios del Banco Popular estuvo vinculado a la organizaci\u00f3n financiera, donde comenz\u00f3 fungiendo en esos primeros a\u00f1os como gerente de la oficina principal. Entr\u00f3 a la instituci\u00f3n de la mano de su fundador y primer presidente, Alejandro E. Grull\u00f3n E., ejerciendo posteriormente como vicepresidente ejecutivo, tanto del Banco Popular como del Grupo Popular, y como presidente del Banco Hipotecario Popular y director vicepresidente del Banco Popular Dominicano (Panam\u00e1), S. A. En 1989 ascendi\u00f3 a&nbsp; la Presidencia del Banco Popular hasta 1990.<\/p>\n\n\n\n<p>Adem\u00e1s, fue miembro de los Consejos de Administraci\u00f3n del banco y de su casa matriz, as\u00ed como de algunos de sus principales comit\u00e9s de trabajo. Presidi\u00f3 la Asociaci\u00f3n de Bancos Comerciales de la Rep\u00fablica Dominicana, Inc. (ABA), entre los a\u00f1os 1986 y 1989.<\/p>\n\n\n\n<p>Al cumplir 85 a\u00f1os, los Consejos de Administraci\u00f3n del Grupo Popular y del Banco Popular propusieron su designaci\u00f3n en 2012 como Consejero Em\u00e9rito de ambas organizaciones, siendo este el m\u00e1s alto honor que conceden a sus consejeros.&nbsp; El nombramiento fue ratificado en las asambleas de accionistas de 2013.<\/p>\n\n\n\n<p>Del se\u00f1or Rodr\u00edguez, se destacan su amor al trabajo, su lealtad y su identificaci\u00f3n con la cultura organizacional del Popular. Asimismo, se le considera un ejemplo de \u00e9tica profesional en el negocio bancario y propulsor de un modelo de respeto a la integridad del usuario de los servicios financieros.<\/p>\n","protected":false},"excerpt":{"rendered":"<p>SANTO DOMINGO,&nbsp; el 1 de Agosto de 2014, el&nbsp; Grupo Popular inform\u00f3 el&nbsp; fallecimiento del banquero Pedro A. Rodr\u00edguez Echavarr\u00eda, quien form\u00f3 parte del grupo inicial de funcionarios que dieron origen al Banco Popular Dominicano en 1963, llegando a ocupar la presidencia de esa entidad en el per\u00edodo 1989-1990. Rodr\u00edguez Echavarr\u00eda&nbsp; era al momento de [&hellip;]<\/p>\n","protected":false},"author":28,"featured_media":372859,"comment_status":"closed","ping_status":"","sticky":true,"template":"","format":"standard","meta":{"footnotes":""},"categories":[26,27],"tags":[],"class_list":["post-372858","post","type-post","status-publish","format-standard","has-post-thumbnail","hentry","category-efemerides","category-portada"],"_links":{"self":[{"href":"https:\/\/diariodominicano.com\/index.php?rest_route=\/wp\/v2\/posts\/372858","targetHints":{"allow":["GET"]}}],"collection":[{"href":"https:\/\/diariodominicano.com\/index.php?rest_route=\/wp\/v2\/posts"}],"about":[{"href":"https:\/\/diariodominicano.com\/index.php?rest_route=\/wp\/v2\/types\/post"}],"author":[{"embeddable":true,"href":"https:\/\/diariodominicano.com\/index.php?rest_route=\/wp\/v2\/users\/28"}],"replies":[{"embeddable":true,"href":"https:\/\/diariodominicano.com\/index.php?rest_route=%2Fwp%2Fv2%2Fcomments&post=372858"}],"version-history":[{"count":1,"href":"https:\/\/diariodominicano.com\/index.php?rest_route=\/wp\/v2\/posts\/372858\/revisions"}],"predecessor-version":[{"id":372860,"href":"https:\/\/diariodominicano.com\/index.php?rest_route=\/wp\/v2\/posts\/372858\/revisions\/372860"}],"wp:featuredmedia":[{"embeddable":true,"href":"https:\/\/diariodominicano.com\/index.php?rest_route=\/wp\/v2\/media\/372859"}],"wp:attachment":[{"href":"https:\/\/diariodominicano.com\/index.php?rest_route=%2Fwp%2Fv2%2Fmedia&parent=372858"}],"wp:term":[{"taxonomy":"category","embeddable":true,"href":"https:\/\/diariodominicano.com\/index.php?rest_route=%2Fwp%2Fv2%2Fcategories&post=372858"},{"taxonomy":"post_tag","embeddable":true,"href":"https:\/\/diariodominicano.com\/index.php?rest_route=%2Fwp%2Fv2%2Ftags&post=372858"}],"curies":[{"name":"wp","href":"https:\/\/api.w.org\/{rel}","templated":true}]}}