{"id":372853,"date":"2022-07-31T23:54:20","date_gmt":"2022-08-01T03:54:20","guid":{"rendered":"http:\/\/diariodominicano.com\/?p=372853"},"modified":"2022-07-31T23:54:20","modified_gmt":"2022-08-01T03:54:20","slug":"el-dia-que-arturo-j-pellerano-alfau-fundo-listin-diario-maritimo-3","status":"publish","type":"post","link":"https:\/\/diariodominicano.com\/?p=372853","title":{"rendered":"El d\u00eda que Arturo J. Pellerano Alfau fund\u00f3 List\u00edn Diario Mar\u00edtimo"},"content":{"rendered":"\n<p><strong>Por H\u00e9ctor Tineo Nolasco<\/strong><\/p>\n\n\n\n<p><strong>Diariodominicano.com<\/strong><\/p>\n\n\n\n<p><\/p>\n\n\n\n<p>&nbsp;&nbsp;&nbsp;&nbsp; SANTO DOMINGO, el 1 de agosto de 1889, Arturo J. Pellerano Alfau fund\u00f3 List\u00edn Diario. Sali\u00f3 a la luz p\u00fablica con el nombre de \u201cListin Diario Mar\u00edtimo\u201d, con el objetivo de publicar la entrada y llegada de los buques que entraban al Puerto de Santo Domingo, pero luego fue convertido en un medio de informaciones generales.<\/p>\n\n\n\n<p>&nbsp;&nbsp;&nbsp; M\u00e1s tarde List\u00edn Diario fue convertido en un peri\u00f3dico diario. Hoy es el peri\u00f3dico de mayor circulaci\u00f3n en Rep\u00fablica Dominicana.<\/p>\n\n\n\n<p>&nbsp;&nbsp;&nbsp;&nbsp;&nbsp;&nbsp; En la historia del periodismo dominicano List\u00edn Diario ha tenido m\u00faltiples roles de trascendencia.<\/p>\n\n\n\n<p>&nbsp;&nbsp;&nbsp;&nbsp;&nbsp; En 1916, el diario expres\u00f3 su rechazo a la primera intervenci\u00f3n militar del Gobierno de Estados Unidos,&nbsp; y en 1930,&nbsp;&nbsp; hizo p\u00fablico su desagrado por la llegada al poder del general Rafael Le\u00f3nidas Trujillo Molina.<\/p>\n\n\n\n<p>&nbsp;&nbsp;&nbsp; Arturo J. Pellerano Alfau,&nbsp; era seguidor del Presidente Horacio V\u00e1squez.&nbsp; Durante su gesti\u00f3n de Gobierno 1924-1930,&nbsp; la l\u00ednea editorial se expres\u00f3 en defensa del Gobierno.<\/p>\n\n\n\n<p>&nbsp;&nbsp;&nbsp; &nbsp;List\u00edn Diario tambi\u00e9n se opuso al golpe de Estado contra el Presidente Horacio V\u00e1squez, el 23 de febrero de 1930.&nbsp; En la primera parte de la administraci\u00f3n trujillista el diario fue hostigado y v\u00edctima de una agresi\u00f3n por un grupo represivo del Gobierno conocido como La 42.<\/p>\n\n\n\n<p>&nbsp;&nbsp;&nbsp; Por su pol\u00edtica de oposici\u00f3n a Trujillo, Arturo J. Pellerano Sard\u00e1&nbsp; fue arrestado en el a\u00f1o 1933, pero al ser dejado en libertad, el 26 de abril de 1933,&nbsp; fue designado diputado.<\/p>\n\n\n\n<p>&nbsp;&nbsp; A partir de esa experiencia,&nbsp; el List\u00edn Diario&nbsp; cambi\u00f3 su l\u00ednea y publicaba todas las informaciones favorables al&nbsp; r\u00e9gimen de Trujillo,&nbsp;&nbsp; pero el Gobierno no le dio apoyo publicitario y mantuvo la presi\u00f3n econ\u00f3mica.<\/p>\n\n\n\n<p>&nbsp;&nbsp;&nbsp; Por ello, el director del List\u00edn Diario, Arturo J. Pellerano Sard\u00e1, decidi\u00f3 cerrar el peri\u00f3dico el d\u00eda 15 de junio de 1942.<\/p>\n\n\n\n<p>&nbsp;&nbsp;&nbsp; En su libro la \u201cEra de Trujillo\u201d, el escritor vasco Jes\u00fas de Gal\u00edndez, sostiene que el diario sali\u00f3 de circulaci\u00f3n por las presiones econ\u00f3micas&nbsp; trujillistas y por&nbsp; la suspensi\u00f3n de las subvenciones&nbsp; que supuestamente recib\u00eda de la Legaci\u00f3n Alemana en Santo Domingo.<\/p>\n\n\n\n<p>&nbsp;&nbsp;&nbsp;&nbsp;&nbsp; En opini\u00f3n de Jes\u00fas de Gal\u00edndez, la campa\u00f1a&nbsp; german\u00f3fila del List\u00edn Diario, \u201cdurante las victoriosas campa\u00f1as&nbsp; militares&nbsp; de 1940; en los d\u00edas que precedieron a la conquista de Par\u00eds, instal\u00f3 altavoces en el Parque Col\u00f3n para lanzar al Pueblo las \u00faltimas noticias.&nbsp;<\/p>\n\n\n\n<p>&nbsp;&nbsp;&nbsp;&nbsp; La obra de Jes\u00fas de Gal\u00edndez fue publicada&nbsp; con el t\u00edtulo la&nbsp; \u201cEra de Trujillo\u201d,&nbsp;&nbsp; en el a\u00f1o 1962, por la Editorial Americana, en Buenos A\u00edres, Argentina.<\/p>\n\n\n\n<p>&nbsp;&nbsp;&nbsp; El List\u00edn Diario luego de su clausura en 1942,&nbsp; no volvi\u00f3 a salir&nbsp; hasta el 1 de agosto de 1963, bajo la direcci\u00f3n del periodista Rafael Herrera Cabral.<\/p>\n\n\n\n<p>&nbsp;&nbsp; El peri\u00f3dico Listin Diario es el de mayor&nbsp; circulaci\u00f3n en Rep\u00fablica Dominicana. Su presidente es el empresario Juan Bautista Vicini Lluberes, y el&nbsp; director general es el periodista Miguel Franjul.<\/p>\n\n\n\n<p>&nbsp;&nbsp;&nbsp; List\u00edn Diario es miembro de la Sociedad Interamericana de&nbsp; Prensa (SIP)&nbsp;&nbsp;<\/p>\n","protected":false},"excerpt":{"rendered":"<p>Por H\u00e9ctor Tineo Nolasco Diariodominicano.com &nbsp;&nbsp;&nbsp;&nbsp; SANTO DOMINGO, el 1 de agosto de 1889, Arturo J. Pellerano Alfau fund\u00f3 List\u00edn Diario. Sali\u00f3 a la luz p\u00fablica con el nombre de \u201cListin Diario Mar\u00edtimo\u201d, con el objetivo de publicar la entrada y llegada de los buques que entraban al Puerto de Santo Domingo, pero luego fue [&hellip;]<\/p>\n","protected":false},"author":28,"featured_media":264039,"comment_status":"closed","ping_status":"","sticky":true,"template":"","format":"standard","meta":{"footnotes":""},"categories":[26,27],"tags":[],"class_list":["post-372853","post","type-post","status-publish","format-standard","has-post-thumbnail","hentry","category-efemerides","category-portada"],"_links":{"self":[{"href":"https:\/\/diariodominicano.com\/index.php?rest_route=\/wp\/v2\/posts\/372853","targetHints":{"allow":["GET"]}}],"collection":[{"href":"https:\/\/diariodominicano.com\/index.php?rest_route=\/wp\/v2\/posts"}],"about":[{"href":"https:\/\/diariodominicano.com\/index.php?rest_route=\/wp\/v2\/types\/post"}],"author":[{"embeddable":true,"href":"https:\/\/diariodominicano.com\/index.php?rest_route=\/wp\/v2\/users\/28"}],"replies":[{"embeddable":true,"href":"https:\/\/diariodominicano.com\/index.php?rest_route=%2Fwp%2Fv2%2Fcomments&post=372853"}],"version-history":[{"count":1,"href":"https:\/\/diariodominicano.com\/index.php?rest_route=\/wp\/v2\/posts\/372853\/revisions"}],"predecessor-version":[{"id":372854,"href":"https:\/\/diariodominicano.com\/index.php?rest_route=\/wp\/v2\/posts\/372853\/revisions\/372854"}],"wp:featuredmedia":[{"embeddable":true,"href":"https:\/\/diariodominicano.com\/index.php?rest_route=\/wp\/v2\/media\/264039"}],"wp:attachment":[{"href":"https:\/\/diariodominicano.com\/index.php?rest_route=%2Fwp%2Fv2%2Fmedia&parent=372853"}],"wp:term":[{"taxonomy":"category","embeddable":true,"href":"https:\/\/diariodominicano.com\/index.php?rest_route=%2Fwp%2Fv2%2Fcategories&post=372853"},{"taxonomy":"post_tag","embeddable":true,"href":"https:\/\/diariodominicano.com\/index.php?rest_route=%2Fwp%2Fv2%2Ftags&post=372853"}],"curies":[{"name":"wp","href":"https:\/\/api.w.org\/{rel}","templated":true}]}}