{"id":37285,"date":"2007-05-03T17:26:13","date_gmt":"2007-05-03T17:26:13","guid":{"rendered":"http:\/\/diariodominicano.ddns.net\/?p=37285"},"modified":"2007-05-03T17:26:13","modified_gmt":"2007-05-03T17:26:13","slug":"la-prensa-y-la-libertad","status":"publish","type":"post","link":"https:\/\/diariodominicano.com\/?p=37285","title":{"rendered":"La prensa y la libertad"},"content":{"rendered":"<p><body><\/p>\n<p class=\"titulogrande1\">La prensa y la libertad<\/p>\n<p>&#13;<\/p>\n<p class=\"textogrande\"><em>Juan Carlos Cama\u00f1o<\/em><\/p>\n<p>&#13;<\/p>\n<p align=\"justify\"><strong>ALAI AMLATINA, 02\/05\/2007, Buenos Aires.-<\/strong> <span class=\"text1noticias\">Bajo la direcci\u00f3n  medi\u00e1tica del Pent\u00e1gono y de una de las capillas de los due\u00f1os del  dinero, se inicia, antes de la invasi\u00f3n a Irak, una extraordinaria  campa\u00f1a de acci\u00f3n sicol\u00f3gica por la \u201cdemocracia\u201d y la \u201clibertad\u201d. Y se  utiliza, se invita, empuja u obliga a la \u201cgran prensa\u201d internacional,  para santificar la vida de los iraqu\u00edes y de la humanidad toda,  frente a un \u201cdemonio\u201d llamado Sadan Hussain.<\/span><\/p>\n<p>&#13;<\/p>\n<p align=\"justify\" class=\"text1noticias\">Y ah\u00ed, la \u201clibertad de prensa\u201d irrumpe en la escena a  caballo de las fuerzas del bien, transform\u00e1ndose en parte primordial de un  montaje, especialmente televisivo, decidido a transmitir y  retransmitir la mentira: clave del pre estreno y posterior desarrollo de la  mal llamada guerra de Irak.<\/p>\n<p>&#13;<\/p>\n<p align=\"justify\" class=\"text1noticias\">Hoy, cuando ya se ha dicho hasta el hartazgo que no hab\u00eda  armas qu\u00edmicas, la \u201clibertad de prensa\u201d que, con excepciones,  convoc\u00f3 a aplaudir la invasi\u00f3n, urga en el detalle para develar  c\u00ednicamente c\u00f3mo se construy\u00f3 aquella mentira. \u00bfTarde?: No. En sinton\u00eda con  el macabro juego de desclasificar, de tanto en tanto, documentos que  explican \u2013si es que no callan en sus tachaduras- la planificaci\u00f3n del  fuego y la sangre derramada.<\/p>\n<p>&#13;<\/p>\n<p align=\"justify\" class=\"text1noticias\">Hoy, cuando hay m\u00e1s de un mill\u00f3n de muertos, desaparecidos,  inv\u00e1lidos y enfermos derivados de una tierra en llamas, \u201cla libertad de  prensa\u201d \u2013con sus honrosas excepciones, vale reiterarlo- se disputa,  mercantil, la primicia sobre las torturas y las misiones de la CIA, esparcidas sin l\u00edmites a lo largo y ancho del mapa de la democracia.<\/p>\n<p>&#13;<\/p>\n<p align=\"justify\" class=\"text1noticias\">Hoy, cuando no hay como ocultar que ayer EE.UU. se lanzaba a  la caza del petr\u00f3leo y de los territorios apetecidos en su gimnasia  expansionista, la \u201clibertad de prensa\u201d inunda los medios de comunicaci\u00f3n  masiva cargando contra \u201cel troglodita\u201d George W. Bush. Contra lo  evidente y lo indefendible; despu\u00e9s que cientos de millones de personas  han dicho en todo el mundo, durante a\u00f1os, no a la guerra, basta de  torturas, fuera EE.UU., y sus aliados, de Irak.<\/p>\n<p>&#13;<\/p>\n<p align=\"justify\" class=\"text1noticias\">Con este ejemplo \u2013al que no vendr\u00eda nada mal acompa\u00f1ar con  peri\u00f3dicos, voces e im\u00e1genes de la \u00e9poca- no parece sencilla la  encomienda de levantar la bandera de la \u201clibertad de prensa\u201d, sin  preguntarse, como m\u00ednimo, \u00bfpara qui\u00e9nes?, \u00bfpara qu\u00e9?, \u00bfen nombre de cu\u00e1les  intereses econ\u00f3micos, financieros, pol\u00edticos, medi\u00e1ticos?<\/p>\n<p>&#13;<\/p>\n<p align=\"justify\" class=\"text1noticias\">Hace pocos d\u00edas, en EE.UU., fue dejado en libertad el  terrorista Luis Posada Carriles. Era previsible: los terroristas al servicio  del imperialismo son apa\u00f1ados por el imperialismo. Obvio. Para  la \u201cgran prensa\u201d \u2013con sus excepciones, corresponde resaltarlo una vez  m\u00e1s- Posada Carriles es un \u201canticastrista\u201d, un \u201cdisidente\u201d, un  \u201cdestacado personaje vinculado a los sectores m\u00e1s radicalizados del exilio cubano  en Miami\u201d. Nunca un terrorista. Nunca lo que es.<\/p>\n<p>&#13;<\/p>\n<p align=\"justify\" class=\"text1noticias\">As\u00ed, tal cual, la \u201clibertad de prensa\u201d no adquiere otra  categor\u00eda que la de instrumento de los due\u00f1os del dinero. Mientras, la  matanza de periodistas, como ocurre en M\u00e9xico de manera dram\u00e1tica, goza  de absoluta impunidad, y los poderes f\u00e1cticos \u2013los due\u00f1os del dinero en  primer lugar- deciden qui\u00e9n vive y qui\u00e9n muere. Incluso, en nombre  de la \u201clibertad de prensa\u201d. Oprobioso.<\/p>\n<p>&#13;<\/p>\n<p align=\"justify\" class=\"text1noticias\"><strong>&#8211; Juan Carlos Cama\u00f1o es Presidente de la Federaci\u00f3n   Latinoamericana de Periodistas<\/strong> <span class=\"ttmediao\">(FELAP)<\/span><\/p>\n<p>&#13;<\/p>\n<h6> 2007-05-03 17:26:13 <\/h6>\n<p><!--\n<link rel=\"stylesheet\" href=\"css\/bootstrap.min.css\">\n\n\n<ul class=\"pagination\">\n\t    \n\t\n\n<li >\n\t<a href='?page_no=13062'>Previous<\/a>\n\t<\/li>\n\n\n       \n    \n\n<li><a href='?page_no=1'>1<\/a><\/li>\n\n\n\n<li><a href='?page_no=2'>2<\/a><\/li>\n\n\n\n<li><a>...<\/a><\/li>\n\n\n\n<li><a href='?page_no=13061'>13061<\/a><\/li>\n\n\n\n<li><a href='?page_no=13062'>13062<\/a><\/li>\n\n\n\n<li class='active'><a>13063<\/a><\/li>\n\n\n\n<li><a href='?page_no=13064'>13064<\/a><\/li>\n\n\n\n<li><a href='?page_no=13065'>13065<\/a><\/li>\n\n\n\n<li><a>...<\/a><\/li>\n\n\n\n<li><a href='?page_no=13611'>13611<\/a><\/li>\n\n\n\n<li><a href='?page_no=13612'>13612<\/a><\/li>\n\n    \n\t\n\n<li >\n\t<a href='?page_no=13064'>Next<\/a>\n\t<\/li>\n\n\n    \n\n<li><a href='?page_no=13612'>Last &rsaquo;&rsaquo;<\/a><\/li>\n\n<\/ul>\n\n\n--><br \/>\n<\/body><\/p>\n","protected":false},"excerpt":{"rendered":"<p>La prensa y la libertad &#13; Juan Carlos Cama\u00f1o &#13; ALAI AMLATINA, 02\/05\/2007, Buenos Aires.- Bajo la direcci\u00f3n medi\u00e1tica del Pent\u00e1gono y de una de las capillas de los due\u00f1os del dinero, se inicia, antes de la invasi\u00f3n a Irak, una extraordinaria campa\u00f1a de acci\u00f3n sicol\u00f3gica por la \u201cdemocracia\u201d y la \u201clibertad\u201d. Y se utiliza, [&hellip;]<\/p>\n","protected":false},"author":3,"featured_media":0,"comment_status":"open","ping_status":"open","sticky":false,"template":"","format":"standard","meta":{"footnotes":""},"categories":[16],"tags":[],"class_list":["post-37285","post","type-post","status-publish","format-standard","hentry","category-opiniones"],"_links":{"self":[{"href":"https:\/\/diariodominicano.com\/index.php?rest_route=\/wp\/v2\/posts\/37285","targetHints":{"allow":["GET"]}}],"collection":[{"href":"https:\/\/diariodominicano.com\/index.php?rest_route=\/wp\/v2\/posts"}],"about":[{"href":"https:\/\/diariodominicano.com\/index.php?rest_route=\/wp\/v2\/types\/post"}],"author":[{"embeddable":true,"href":"https:\/\/diariodominicano.com\/index.php?rest_route=\/wp\/v2\/users\/3"}],"replies":[{"embeddable":true,"href":"https:\/\/diariodominicano.com\/index.php?rest_route=%2Fwp%2Fv2%2Fcomments&post=37285"}],"version-history":[{"count":0,"href":"https:\/\/diariodominicano.com\/index.php?rest_route=\/wp\/v2\/posts\/37285\/revisions"}],"wp:attachment":[{"href":"https:\/\/diariodominicano.com\/index.php?rest_route=%2Fwp%2Fv2%2Fmedia&parent=37285"}],"wp:term":[{"taxonomy":"category","embeddable":true,"href":"https:\/\/diariodominicano.com\/index.php?rest_route=%2Fwp%2Fv2%2Fcategories&post=37285"},{"taxonomy":"post_tag","embeddable":true,"href":"https:\/\/diariodominicano.com\/index.php?rest_route=%2Fwp%2Fv2%2Ftags&post=37285"}],"curies":[{"name":"wp","href":"https:\/\/api.w.org\/{rel}","templated":true}]}}