{"id":372848,"date":"2022-07-31T23:50:28","date_gmt":"2022-08-01T03:50:28","guid":{"rendered":"http:\/\/diariodominicano.com\/?p=372848"},"modified":"2022-07-31T23:51:21","modified_gmt":"2022-08-01T03:51:21","slug":"oficiales-bajo-el-mando-de-santana-piden-actuar-contra-los-trinitarios-liderados-por-juan-pablo-duarte","status":"publish","type":"post","link":"https:\/\/diariodominicano.com\/?p=372848","title":{"rendered":"Oficiales bajo el mando de Santana piden actuar contra los trinitarios liderados por Juan Pablo Duarte"},"content":{"rendered":"\n<p><strong>Por H\u00e9ctor Tineo Nolasco<\/strong><\/p>\n\n\n\n<p><strong>Diariodominicano.com<\/strong><\/p>\n\n\n\n<p>&nbsp;&nbsp;&nbsp; SANTO DOMINGO, el 1 de agosto de 1844, 628 oficiales del \u201cEj\u00e9rcito Libertador\u201d, que comandaba el General Pedro Santana pidieron en un manifiesto&nbsp; que se actuara contra los trinitarios, que lideraba el general Juan Pablo Duarte.<\/p>\n\n\n\n<figure class=\"wp-block-image size-large\"><img loading=\"lazy\" decoding=\"async\" width=\"1024\" height=\"526\" src=\"https:\/\/diariodominicano.com\/wp-content\/uploads\/2021\/04\/Pedro-Santana-11-1024x526.jpg\" alt=\"\" class=\"wp-image-274138\" srcset=\"https:\/\/diariodominicano.com\/wp-content\/uploads\/2021\/04\/Pedro-Santana-11-1024x526.jpg 1024w, https:\/\/diariodominicano.com\/wp-content\/uploads\/2021\/04\/Pedro-Santana-11-300x154.jpg 300w, https:\/\/diariodominicano.com\/wp-content\/uploads\/2021\/04\/Pedro-Santana-11-768x395.jpg 768w, https:\/\/diariodominicano.com\/wp-content\/uploads\/2021\/04\/Pedro-Santana-11-1536x789.jpg 1536w, https:\/\/diariodominicano.com\/wp-content\/uploads\/2021\/04\/Pedro-Santana-11-2048x1052.jpg 2048w, https:\/\/diariodominicano.com\/wp-content\/uploads\/2021\/04\/Pedro-Santana-11-816x419.jpg 816w\" sizes=\"auto, (max-width: 1024px) 100vw, 1024px\" \/><figcaption>Pedro Santana<\/figcaption><\/figure>\n\n\n\n<p>&nbsp;&nbsp;&nbsp; En el documento exig\u00edan&nbsp; \u201cjusticia contra los asesinos de la patria\u201d, por lo que ped\u00edan las mayores penas contra los acusados.<\/p>\n\n\n\n<p>&nbsp;&nbsp;&nbsp;&nbsp; El Manifiesto fue otro hecho que se sum\u00f3 a las acciones que ejecutaba el general Santana contra los trinitarios.<\/p>\n\n\n\n<p>&nbsp;&nbsp; El&nbsp; 28 de julio de 1844, el general Mat\u00edas Ram\u00f3n Mella, recibi\u00f3 en Santiago el manifiesto que hab\u00eda emitido la Junta Central Gubernativa, en el cual declar\u00f3 a Duarte y a Mella, traidores a la patria.<\/p>\n\n\n\n<p>&nbsp;&nbsp;&nbsp; Al conocer la medida, el General&nbsp; Mella se traslad\u00f3 a la ciudad de Santo Domingo, para aclarar la situaci\u00f3n, pero al llegar fue detenido y encerrado junto a otros trinitarios que estaban presos.<\/p>\n\n\n\n<p>&nbsp;&nbsp;&nbsp; El mismo d\u00eda el Arzobispo de Santo Domingo, Tom\u00e1s de Portes emiti\u00f3 una Carta Pastoral en la que expres\u00f3 que era ofensa a Dios no obedecer a los mandatos y \u00f3rdenes&nbsp; \u201cTanto del General de Divisi\u00f3n y Jefe Supremo Pedro Santana, como de la Junta Central Gubernativa para lo cual os conminamos con excomuni\u00f3n mayor, a cualquier persona que se mezclare en trastornar las disposiciones de nuestro sabio Gobierno\u201d.<\/p>\n\n\n\n<p>&nbsp;&nbsp;&nbsp; El&nbsp; d\u00eda 28 de febrero de 1844, el Presidente Pedro Santana emiti\u00f3 una proclama en la que acus\u00f3 a Juan Pablo Duarte de ser un anarquista.<\/p>\n\n\n\n<p>&nbsp;&nbsp;&nbsp;&nbsp;&nbsp; El&nbsp; d\u00eda&nbsp; 24 de julio de 1844, la Junta Central Gubernativa, presidida por el general Pedro Santana, hab\u00eda rechazado&nbsp; la decisi\u00f3n de los pueblos del Cibao de proclamar a Juan Pablo Duarte, Presidente de la Rep\u00fablica.<\/p>\n\n\n\n<p>&nbsp;&nbsp;&nbsp; La reacci\u00f3n del primer organismo de Gobierno de Rep\u00fablica Dominicana, se produjo cuando una comisi\u00f3n encabezada por el coronel Domingo Mallol y Juan Luis Franco Bid\u00f3, le entreg\u00f3 el 24 de julio, la proclama aprobada en Santiago de los Caballeros, por los&nbsp; pueblos del Cibao,&nbsp; el d\u00eda 19 de julio de 1844.<\/p>\n\n\n\n<p>&nbsp;&nbsp;&nbsp;&nbsp; El d\u00eda&nbsp; 19 de julio de 1844, el pr\u00f3cer Mella, Jefe del Departamento de Santiago y frontera del Noroeste,&nbsp;&nbsp; envi\u00f3 el&nbsp; informe a la Junta Central Gubernativa, en el&nbsp; que le comunicaba de manera oficial que Juan Pablo Duarte, hab\u00eda sido proclamado Presidente de la Rep\u00fablica por los pueblos del Cibao.<\/p>\n\n\n\n<p>&nbsp;&nbsp;&nbsp; En el&nbsp; momento que dirigi\u00f3 el documento&nbsp; a la Junta Central Gubernativa, Mat\u00edas Ram\u00f3n Mella, el pr\u00f3cer del trabucazo del d\u00eda 27 de febrero de 1844, ignoraba que en la Capital el general Pedro Santana hab\u00eda dado un golpe el d\u00eda 16 de julio que desaloj\u00f3 del primer organismo de Gobierno dominicano a los trinitarios que encabezaba Francisco del Rosario S\u00e1nchez.<\/p>\n\n\n\n<p>&nbsp;&nbsp;&nbsp; De esa manera, los conservadores que presid\u00eda Tom\u00e1s Bobadilla, retomaron el control de la Junta Central Gubernativa, que era dirigida por los trinitarios desde el d\u00eda 9 de junio de 1844.<\/p>\n\n\n\n<p>&nbsp;&nbsp;&nbsp; La nueva Junta&nbsp; rechaz\u00f3 el documento de Mella,&nbsp; y el d\u00eda 24 de julio de 1844, dio a conocer el&nbsp;&nbsp; manifiesto&nbsp; en el que advirti\u00f3&nbsp; que \u201cno reconoce ni reconocer\u00e1 el nombramiento de Presidente en el General Duarte ni en ninguna otra&nbsp; persona,&nbsp; a menos que no sea hecho por el Congreso Constituyente\u201d.<\/p>\n\n\n\n<p>&nbsp;&nbsp; Asimismo, declar\u00f3&nbsp; a Duarte y dem\u00e1s trinitarios, traidores a la patria.<\/p>\n\n\n\n<p>&nbsp;&nbsp;&nbsp; El d\u00eda&nbsp; 16 de julio de 1844, a las 3 de la tarde, el general Pedro Santana, consum\u00f3 el golpe contra los miembros de la Junta Central Gubernativa, que presid\u00eda el pr\u00f3cer Francisco del Rosario S\u00e1nchez.<\/p>\n\n\n\n<p>&nbsp;&nbsp;&nbsp; Al tomar la decisi\u00f3n, asumi\u00f3 la Presidencia del organismo de Gobierno y reintegr\u00f3 a los miembros que desalojaron los trinitarios el d\u00eda 9 de junio de 1844, cuando dieron un golpe y nombraron Presidente a Francisco del Rosario S\u00e1nchez.<\/p>\n\n\n\n<p>El&nbsp; general Pedro Santana, jefe del Ej\u00e9rcito del Sur, entr\u00f3 con sus tropas a la ciudad de Santo Domingo, el 12 de julio de 1844.<\/p>\n\n\n\n<p>&nbsp; Con su llegada a la ciudad&nbsp; inici\u00f3 un plan para derrocar a la Junta Central Gubernativa que presid\u00eda el pr\u00f3cer Francisco del Rosario S\u00e1nchez.<\/p>\n\n\n\n<p>&nbsp;&nbsp;&nbsp; Pedro Santana logr\u00f3 su objetivo con el apoyo del c\u00f3nsul de Francia, Saint Denys.<\/p>\n\n\n\n<p>&nbsp;&nbsp;&nbsp;&nbsp;&nbsp; El prop\u00f3sito de Santana era instalarse como Dictador, pero el c\u00f3nsul Saint Denys, lo convenci\u00f3 de que lo m\u00e1s conveniente era que sacara a los miembros de la Junta Central Gubernativa que encabezaba S\u00e1nchez y se reintegrara a los que formaban el organismo cuando lo presid\u00eda Tom\u00e1s Bobadilla y Briones.<\/p>\n\n\n\n<p>&nbsp;&nbsp;&nbsp;&nbsp;&nbsp;&nbsp; Saint Denys calific\u00f3 de ilegales a los miembros de la Junta que fueron escogidos con&nbsp; S\u00e1nchez.<\/p>\n\n\n\n<p>&nbsp;&nbsp;&nbsp;&nbsp; El golpe que llev\u00f3 a los trinitarios a controlar la Junta fue ejecutado el d\u00eda 9 de junio. Lo hicieron para sacar del organismo a los&nbsp; conservadores que controlaban la Junta Central Gubernativa, presidida por Tom\u00e1s Bobadilla, quienes deseaban convertir la naciente Rep\u00fablica Dominicana en un protectorado de Francia.<\/p>\n\n\n\n<p>&nbsp;&nbsp;&nbsp;&nbsp;&nbsp; Los trinitarios estimaban que Tom\u00e1s Bobadilla y los miembros de la Junta Central Gubernativa, Jos\u00e9 Mar\u00eda Caminero, Francisco Javier Abr\u00e9u y Francisco Ru\u00edz, eran culpables de conspirar contra la soberan\u00eda nacional al mantener negociaciones encaminadas a obtener la protecci\u00f3n de los franceses.<\/p>\n\n\n\n<p>&nbsp;&nbsp;&nbsp; Al consumarse el golpe de Estado contra la Junta Central&nbsp; Gubernativa, el pr\u00f3cer Francisco del Rosario S\u00e1nchez fue escogido Presidente en lugar de Tom\u00e1s Bobadilla.<\/p>\n\n\n\n<p>&nbsp; Como dem\u00e1s miembros fueron designados los trinitarios Pedro Alejandro Pina, Manuel Mar\u00eda Valverde y Juan Isidro P\u00e9rez, quienes fueron perseguidos por disposici\u00f3n del general Pedro Santana.<\/p>\n","protected":false},"excerpt":{"rendered":"<p>Por H\u00e9ctor Tineo Nolasco Diariodominicano.com &nbsp;&nbsp;&nbsp; SANTO DOMINGO, el 1 de agosto de 1844, 628 oficiales del \u201cEj\u00e9rcito Libertador\u201d, que comandaba el General Pedro Santana pidieron en un manifiesto&nbsp; que se actuara contra los trinitarios, que lideraba el general Juan Pablo Duarte. &nbsp;&nbsp;&nbsp; En el documento exig\u00edan&nbsp; \u201cjusticia contra los asesinos de la patria\u201d, por [&hellip;]<\/p>\n","protected":false},"author":28,"featured_media":369260,"comment_status":"closed","ping_status":"","sticky":true,"template":"","format":"standard","meta":{"footnotes":""},"categories":[26,27],"tags":[],"class_list":["post-372848","post","type-post","status-publish","format-standard","has-post-thumbnail","hentry","category-efemerides","category-portada"],"_links":{"self":[{"href":"https:\/\/diariodominicano.com\/index.php?rest_route=\/wp\/v2\/posts\/372848","targetHints":{"allow":["GET"]}}],"collection":[{"href":"https:\/\/diariodominicano.com\/index.php?rest_route=\/wp\/v2\/posts"}],"about":[{"href":"https:\/\/diariodominicano.com\/index.php?rest_route=\/wp\/v2\/types\/post"}],"author":[{"embeddable":true,"href":"https:\/\/diariodominicano.com\/index.php?rest_route=\/wp\/v2\/users\/28"}],"replies":[{"embeddable":true,"href":"https:\/\/diariodominicano.com\/index.php?rest_route=%2Fwp%2Fv2%2Fcomments&post=372848"}],"version-history":[{"count":4,"href":"https:\/\/diariodominicano.com\/index.php?rest_route=\/wp\/v2\/posts\/372848\/revisions"}],"predecessor-version":[{"id":372852,"href":"https:\/\/diariodominicano.com\/index.php?rest_route=\/wp\/v2\/posts\/372848\/revisions\/372852"}],"wp:featuredmedia":[{"embeddable":true,"href":"https:\/\/diariodominicano.com\/index.php?rest_route=\/wp\/v2\/media\/369260"}],"wp:attachment":[{"href":"https:\/\/diariodominicano.com\/index.php?rest_route=%2Fwp%2Fv2%2Fmedia&parent=372848"}],"wp:term":[{"taxonomy":"category","embeddable":true,"href":"https:\/\/diariodominicano.com\/index.php?rest_route=%2Fwp%2Fv2%2Fcategories&post=372848"},{"taxonomy":"post_tag","embeddable":true,"href":"https:\/\/diariodominicano.com\/index.php?rest_route=%2Fwp%2Fv2%2Ftags&post=372848"}],"curies":[{"name":"wp","href":"https:\/\/api.w.org\/{rel}","templated":true}]}}