{"id":372843,"date":"2022-07-31T23:23:08","date_gmt":"2022-08-01T03:23:08","guid":{"rendered":"http:\/\/diariodominicano.com\/?p=372843"},"modified":"2022-07-31T23:23:08","modified_gmt":"2022-08-01T03:23:08","slug":"xi-asiste-a-recepcion-de-celebracion-de-95-aniversario-de-fundacion-de-epl-2","status":"publish","type":"post","link":"https:\/\/diariodominicano.com\/?p=372843","title":{"rendered":"Xi asiste a recepci\u00f3n de celebraci\u00f3n de 95\u00b0 aniversario de fundaci\u00f3n de EPL"},"content":{"rendered":"\n<p><em>spanish.news.cn<\/em>|<em>&nbsp;2022-08-01 01:28:15<\/em>|<\/p>\n\n\n\n<p>BEIJING, 31 julio, 2022 (Xinhua) &#8212; El presidente chino, Xi Jinping, tambi\u00e9n secretario general del Comit\u00e9 Central del Partido Comunista de China y presidente de la Comisi\u00f3n Militar Central, y otros altos l\u00edderes del Partido y del Estado, incluidos Li Keqiang, Li Zhanshu, Wang Yang, Wang Huning, Zhao Leji, Han Zheng y Wang Qishan, asisten a una recepci\u00f3n realizada por el Ministerio de Defensa Nacional para celebrar el 95\u00b0 aniversario de la fundaci\u00f3n del Ej\u00e9rcito Popular de Liberaci\u00f3n en el Gran Palacio del Pueblo, en Beijing, capital de China, el 31 de julio de 2022. (Xinhua\/Yan Yan)<\/p>\n\n\n\n<p>BEIJING, 31 jul (Xinhua) &#8212; Xi Jinping, secretario general del Comit\u00e9 Central del Partido Comunista de China (PCCh), asisti\u00f3 hoy domingo a una recepci\u00f3n para celebrar el 95\u00b0 aniversario de la fundaci\u00f3n del Ej\u00e9rcito Popular de Liberaci\u00f3n (EPL), que se celebra el 1 de agosto.<\/p>\n\n\n\n<p>La recepci\u00f3n fue realizada en el Gran Palacio del Pueblo por el Ministerio de Defensa Nacional.<\/p>\n\n\n\n<p>A Xi, tambi\u00e9n presidente chino y presidente de la Comisi\u00f3n Militar Central, se unieron otros altos l\u00edderes del Partido y del Estado, incluidos Li Keqiang, Li Zhanshu, Wang Yang, Wang Huning, Zhao Leji, Han Zheng y Wang Qishan.<\/p>\n\n\n\n<p>Por encargo de Xi, el miembro de la CMC, Consejero de Estado y Ministro de Defensa Nacional Wei Fenghe extendi\u00f3 felicitaciones a todos los oficiales y personal del EPL, as\u00ed como a los miembros de la polic\u00eda armada, entre otros, en nombre del Comit\u00e9 Central del PCCh, el Consejo de Estado y la CMC.<\/p>\n\n\n\n<p>Wei rindi\u00f3 homenaje a los veteranos y h\u00e9roes que contribuyeron al desarrollo de las fuerzas armadas populares y a los representantes de miembros modelos del ej\u00e9rcito. Tambi\u00e9n envi\u00f3 saludos a las personas que se dedican al frente de la ciencia, la tecnolog\u00eda y la industria relacionadas con la defensa. Expres\u00f3 su gratitud a los comit\u00e9s del Partido, los gobiernos y las organizaciones populares de todos los niveles que han apoyado incansablemente los esfuerzos para fortalecer la defensa nacional y a las fuerzas armadas del pa\u00eds.<\/p>\n\n\n\n<p>El EPL es un ej\u00e9rcito popular fundado por el PCCh, afirm\u00f3 Wei en un discurso en el evento. En los \u00faltimos 95 a\u00f1os, bajo el firme liderazgo del PCCh, las fuerzas armadas populares han alcanzado logros indelebles en la consecuci\u00f3n de la independencia nacional, la liberaci\u00f3n del pueblo chino y en la conversi\u00f3n del pa\u00eds en pr\u00f3spero y fuerte, a\u00f1adi\u00f3.<\/p>\n\n\n\n<p>El EPL ha apuntalado los esfuerzos para proteger la soberan\u00eda, la seguridad y los intereses de desarrollo nacionales del pa\u00eds, y ha hecho contribuciones significativas para salvaguardar la paz y la tranquilidad en el mundo, dijo Wei.<\/p>\n\n\n\n<p>Wei pidi\u00f3 implementar minuciosamente el pensamiento de Xi Jinping sobre el fortalecimiento de las fuerzas armadas y acelerar la modernizaci\u00f3n de la defensa nacional y de las fuerzas armadas.<\/p>\n\n\n\n<p>Tambi\u00e9n subray\u00f3 los esfuerzos para construir una defensa nacional s\u00f3lida y fuerzas armadas poderosas, acordes con la posici\u00f3n internacional de China y que satisfagan las necesidades de sus seguridad e intereses de desarrollo, brindando as\u00ed apoyo estrat\u00e9gico para conseguir la gran revitalizaci\u00f3n de la naci\u00f3n china.<\/p>\n","protected":false},"excerpt":{"rendered":"<p>spanish.news.cn|&nbsp;2022-08-01 01:28:15| BEIJING, 31 julio, 2022 (Xinhua) &#8212; El presidente chino, Xi Jinping, tambi\u00e9n secretario general del Comit\u00e9 Central del Partido Comunista de China y presidente de la Comisi\u00f3n Militar Central, y otros altos l\u00edderes del Partido y del Estado, incluidos Li Keqiang, Li Zhanshu, Wang Yang, Wang Huning, Zhao Leji, Han Zheng y Wang [&hellip;]<\/p>\n","protected":false},"author":28,"featured_media":372844,"comment_status":"closed","ping_status":"","sticky":false,"template":"","format":"standard","meta":{"footnotes":""},"categories":[26,23],"tags":[],"class_list":["post-372843","post","type-post","status-publish","format-standard","has-post-thumbnail","hentry","category-efemerides","category-internacional"],"_links":{"self":[{"href":"https:\/\/diariodominicano.com\/index.php?rest_route=\/wp\/v2\/posts\/372843","targetHints":{"allow":["GET"]}}],"collection":[{"href":"https:\/\/diariodominicano.com\/index.php?rest_route=\/wp\/v2\/posts"}],"about":[{"href":"https:\/\/diariodominicano.com\/index.php?rest_route=\/wp\/v2\/types\/post"}],"author":[{"embeddable":true,"href":"https:\/\/diariodominicano.com\/index.php?rest_route=\/wp\/v2\/users\/28"}],"replies":[{"embeddable":true,"href":"https:\/\/diariodominicano.com\/index.php?rest_route=%2Fwp%2Fv2%2Fcomments&post=372843"}],"version-history":[{"count":1,"href":"https:\/\/diariodominicano.com\/index.php?rest_route=\/wp\/v2\/posts\/372843\/revisions"}],"predecessor-version":[{"id":372845,"href":"https:\/\/diariodominicano.com\/index.php?rest_route=\/wp\/v2\/posts\/372843\/revisions\/372845"}],"wp:featuredmedia":[{"embeddable":true,"href":"https:\/\/diariodominicano.com\/index.php?rest_route=\/wp\/v2\/media\/372844"}],"wp:attachment":[{"href":"https:\/\/diariodominicano.com\/index.php?rest_route=%2Fwp%2Fv2%2Fmedia&parent=372843"}],"wp:term":[{"taxonomy":"category","embeddable":true,"href":"https:\/\/diariodominicano.com\/index.php?rest_route=%2Fwp%2Fv2%2Fcategories&post=372843"},{"taxonomy":"post_tag","embeddable":true,"href":"https:\/\/diariodominicano.com\/index.php?rest_route=%2Fwp%2Fv2%2Ftags&post=372843"}],"curies":[{"name":"wp","href":"https:\/\/api.w.org\/{rel}","templated":true}]}}