{"id":37282,"date":"2007-05-04T16:11:01","date_gmt":"2007-05-04T16:11:01","guid":{"rendered":"http:\/\/diariodominicano.ddns.net\/?p=37282"},"modified":"2007-05-04T16:11:01","modified_gmt":"2007-05-04T16:11:01","slug":"la-batalla-del-prsc-debe-ser-por-los-atributos-y-no-por-los-simbolos","status":"publish","type":"post","link":"https:\/\/diariodominicano.com\/?p=37282","title":{"rendered":"La batalla del PRSC debe ser por los atributos y no por los s\u00edmbolos"},"content":{"rendered":"<p><body><\/p>\n<p class=\"titulogrande1\">La batalla del PRSC debe ser por los atributos y no por  los s\u00edmbolos<\/p>\n<p>&#13;<\/p>\n<p align=\"justify\" class=\"text1noticias\">La c\u00fapula del PRSC sigue enfrascada en la batalla de  los s\u00edmbolos cuando deber\u00eda, para recuperar sus niveles de preferencias en la  ciudadan\u00eda, emprender una batalla por la vigencia de los atributos que  caracterizaron el discurso y la praxis reformista en la pol\u00edtica y en el  gobierno. <\/p>\n<p>&#13;<\/p>\n<p align=\"justify\" class=\"text1noticias\">Deber\u00eda internalizar que no es el gallo ni el sello  en el que est\u00e1 insertado junto al machete, ni el color, lo que le proporcionar\u00e1  dividendos pol\u00edticos; sino los atributos aportados en procura de mayor suerte  para la naci\u00f3n y los dominicanos, <\/p>\n<p>&#13;<\/p>\n<p align=\"justify\" class=\"text1noticias\">Prueba de ello ha sido el vano intento de quienes se  han puesto el traje de Balaguer, imitando sus\u00a0  gestos, poses y estilos, con la pretensi\u00f3n de recibir su heredad; as\u00ed  como de quienes\u00a0 lo honran con estatuas y  bustos esculpidos en la frialdad del m\u00e1rmol, o al loarlo con la boca, sin el  calor\u00a0 emanado de la sensibilidad del  coraz\u00f3n. <\/p>\n<p>&#13;<\/p>\n<p align=\"justify\" class=\"text1noticias\">Lo que hace que gran parte de los dominicanos se  identifiquen con el reformismo son los atributos aplicados al ejercer la  pol\u00edtica y\u00a0 al administrar el gobierno:  coherencia entre discurso y praxis, vocaci\u00f3n realizadora en contraste con la  ret\u00f3rica, mansedumbre y humildad al detentar posiciones de liderazgo, vocaci\u00f3n  de servicio traducibles a austeridad de vida opuesta a la ostentaci\u00f3n,  dedicaci\u00f3n y compromiso serio y responsable a las funciones p\u00fablicas,\u00a0 sinton\u00eda continua con seguidores para  canalizar sus aspiraciones y condolerse de sus frustraciones,\u00a0 utilizaci\u00f3n justa y racional de los recursos  dados en administraci\u00f3n por correligionarios y conciudadanos, procura del  entendimiento entre compatriotas y correligionarios. <\/p>\n<p>&#13;<\/p>\n<p align=\"justify\" class=\"text1noticias\">Solo una batalla por estos atributos inspirar\u00e1 la  credibilidad y confianza necesarias para acrecentar\u00a0 adhesiones y preferencias. <\/p>\n<p>&#13;<\/p>\n<p align=\"justify\" class=\"text1noticias\">Pero por ninguno de ellos lucha la c\u00fapula del PRSC y por  lo cual el sentimiento reformista se mantiene errante, deambulando en torno a  partidos mayoritarios. Su accionar se concentra en los s\u00edmbolos por lo que  luchan hasta el sometimiento judicial: contra quien pactaron por su ascenso al  poder en el 2004 y ahora llegan a exponer la paz y el orden p\u00fablicos para horas  despu\u00e9s reducirla a \u201cproblemas comunicacionales\u201d; y contra quienes\u00a0 ahondan las grietas abiertas por la cadena de  expulsiones y exclusiones iniciadas en el 2003. <\/p>\n<p>&#13;<\/p>\n<p align=\"justify\" class=\"text1noticias\">El PRSC no se recuperar\u00e1 hasta tanto no reinicie la  batalla por sus atributos en lugar de aferrarse a la de los s\u00edmbolos. <\/p>\n<p>&#13;<\/p>\n<p align=\"justify\" class=\"text1noticias\">Y para ello constituye un requisito indispensable la  reunificaci\u00f3n de la familiar reformista lo que implica la reversi\u00f3n de la  pr\u00e1ctica seguida hasta ahora. <\/p>\n<p>&#13;<\/p>\n<h6> 2007-05-04 16:11:01 <\/h6>\n<p><!--\n<link rel=\"stylesheet\" href=\"css\/bootstrap.min.css\">\n\n\n<ul class=\"pagination\">\n\t    \n\t\n\n<li >\n\t<a href='?page_no=13059'>Previous<\/a>\n\t<\/li>\n\n\n       \n    \n\n<li><a href='?page_no=1'>1<\/a><\/li>\n\n\n\n<li><a href='?page_no=2'>2<\/a><\/li>\n\n\n\n<li><a>...<\/a><\/li>\n\n\n\n<li><a href='?page_no=13058'>13058<\/a><\/li>\n\n\n\n<li><a href='?page_no=13059'>13059<\/a><\/li>\n\n\n\n<li class='active'><a>13060<\/a><\/li>\n\n\n\n<li><a href='?page_no=13061'>13061<\/a><\/li>\n\n\n\n<li><a href='?page_no=13062'>13062<\/a><\/li>\n\n\n\n<li><a>...<\/a><\/li>\n\n\n\n<li><a href='?page_no=13611'>13611<\/a><\/li>\n\n\n\n<li><a href='?page_no=13612'>13612<\/a><\/li>\n\n    \n\t\n\n<li >\n\t<a href='?page_no=13061'>Next<\/a>\n\t<\/li>\n\n\n    \n\n<li><a href='?page_no=13612'>Last &rsaquo;&rsaquo;<\/a><\/li>\n\n<\/ul>\n\n\n--><br \/>\n<\/body><\/p>\n","protected":false},"excerpt":{"rendered":"<p>La batalla del PRSC debe ser por los atributos y no por los s\u00edmbolos &#13; La c\u00fapula del PRSC sigue enfrascada en la batalla de los s\u00edmbolos cuando deber\u00eda, para recuperar sus niveles de preferencias en la ciudadan\u00eda, emprender una batalla por la vigencia de los atributos que caracterizaron el discurso y la praxis reformista [&hellip;]<\/p>\n","protected":false},"author":3,"featured_media":0,"comment_status":"open","ping_status":"open","sticky":false,"template":"","format":"standard","meta":{"footnotes":""},"categories":[16],"tags":[],"class_list":["post-37282","post","type-post","status-publish","format-standard","hentry","category-opiniones"],"_links":{"self":[{"href":"https:\/\/diariodominicano.com\/index.php?rest_route=\/wp\/v2\/posts\/37282","targetHints":{"allow":["GET"]}}],"collection":[{"href":"https:\/\/diariodominicano.com\/index.php?rest_route=\/wp\/v2\/posts"}],"about":[{"href":"https:\/\/diariodominicano.com\/index.php?rest_route=\/wp\/v2\/types\/post"}],"author":[{"embeddable":true,"href":"https:\/\/diariodominicano.com\/index.php?rest_route=\/wp\/v2\/users\/3"}],"replies":[{"embeddable":true,"href":"https:\/\/diariodominicano.com\/index.php?rest_route=%2Fwp%2Fv2%2Fcomments&post=37282"}],"version-history":[{"count":0,"href":"https:\/\/diariodominicano.com\/index.php?rest_route=\/wp\/v2\/posts\/37282\/revisions"}],"wp:attachment":[{"href":"https:\/\/diariodominicano.com\/index.php?rest_route=%2Fwp%2Fv2%2Fmedia&parent=37282"}],"wp:term":[{"taxonomy":"category","embeddable":true,"href":"https:\/\/diariodominicano.com\/index.php?rest_route=%2Fwp%2Fv2%2Fcategories&post=37282"},{"taxonomy":"post_tag","embeddable":true,"href":"https:\/\/diariodominicano.com\/index.php?rest_route=%2Fwp%2Fv2%2Ftags&post=37282"}],"curies":[{"name":"wp","href":"https:\/\/api.w.org\/{rel}","templated":true}]}}