{"id":37279,"date":"2007-05-04T16:25:04","date_gmt":"2007-05-04T16:25:04","guid":{"rendered":"http:\/\/diariodominicano.ddns.net\/?p=37279"},"modified":"2007-05-04T16:25:04","modified_gmt":"2007-05-04T16:25:04","slug":"los-diez-anos-de-pablo-de-la-torriente-brau","status":"publish","type":"post","link":"https:\/\/diariodominicano.com\/?p=37279","title":{"rendered":"Los diez a\u00f1os de Pablo de la Torriente Brau"},"content":{"rendered":"<p><body><\/p>\n<style type=\"text\/css\"><![CDATA[\n<!--\n.Estilo1 {\n\tcolor: #000066;\n\tfont-weight: bold;\n}\n.Estilo7 {\n\tfont-family: Arial;\n\tline-height: normal;\n\ttext-decoration: none;\n\tfont-size: 11px;\n\tcolor: #2f60a3;\n\tfont-weight: bold;\n}\n-->\n]]><\/style>\n<p>&#13;<\/p>\n<p class=\"titulogrande1\">Los diez a\u00f1os de Pablo de la Torriente Brau<\/p>\n<p>&#13;<\/p>\n<p><span class=\"ttmediao\">*Por:<\/span> <span class=\"textogrande\">Pedro Pablo Rodr\u00edguez<\/span><\/p>\n<p>&#13;<\/p>\n<p align=\"justify\"><strong>Cubarte.-<\/strong> <span class=\"text1noticias\">El 19 de diciembre de 1936, en Majadahonda, ca\u00eda  en combate frente a los fascistas, un comisario del Ej\u00e9rcito de la Rep\u00fablica espa\u00f1ola que  *hab\u00eda nacido en San Juan de Puerto Rico y se hab\u00eda criado entre  aquella isla y Cuba.* Unos d\u00edas antes de la herida mortal por la bala  enemiga, el 12 de diciembre, Pablo de la Torriente Brau  hab\u00eda cumplido treinta y cinco a\u00f1os de edad. Sus enemigos no ten\u00edan idea plena de la persona que hab\u00edan  logrado eliminar aunque pronto extra\u00f1aron los debates a grito pelado  desde las trincheras republicanas de aquel cubano esgrimidor de  argumentos e insultos con sorna, chispa y aplastante l\u00f3gica que sol\u00edan acallar  victoriosamente a los voceadores franquistas.<\/span><\/p>\n<p>&#13;<\/p>\n<p align=\"justify\" class=\"text1noticias\">Muri\u00f3 joven Pablo, como le dec\u00edan ya en Espa\u00f1a y le llamaban  desde antes en Cuba, mas dej\u00f3 una extensa obra de periodista y escritor, y,  sobre todo, grab\u00f3 un recuerdo imborrable en su generaci\u00f3n, una de las  m\u00e1s se\u00f1aladas de la historia cubana.<\/p>\n<p>&#13;<\/p>\n<p align=\"justify\" class=\"text1noticias\">Las vanguardias art\u00edsticas y literarias se dejaron sentir  con peculiaridad original en la mayor de las Antillas. El descubrimiento y el  develamiento de los mecanismos de la dominaci\u00f3n imperialista de Estados  Unidos, llevaron a tambalearse casi fatalmente al enclave azucarero. El  enfrentamiento al tirano Machado \u2014brutal, habilidoso y hambriento siempre de  riquezas\u2014 hizo derramar sangre, sudor y l\u00e1grimas.<\/p>\n<p>&#13;<\/p>\n<p align=\"justify\" class=\"text1noticias\">Fue una generaci\u00f3n osada, volcada al mundo, deseosa de  conocer y de enrolarse en el pa\u00eds profundo, ambiciosa de ocupar un lugar  en la historia y de abrir paso a un futuro mejor, alegre y dicharachera a  pesar de entregar una impresionante lista de m\u00e1rtires de la lucha social. No  tuvo fronteras geogr\u00e1ficas para sus empe\u00f1os. A\u00fan nos estremecen el carisma  sin par de Julio Antonio Mella con sus brazos cruzados y su sombrero al\u00f3n, la  seriedad so\u00f1adora y huidiza de Tony Guiteras, la pasi\u00f3n desbordada de  Rub\u00e9n Mart\u00ednez Villena, el desenfado de Ra\u00fal Roa, las andanzas de todos  aquellos locos. Fueron y ser\u00e1n todos los eternos j\u00f3venes rebeldes.<\/p>\n<p>&#13;<\/p>\n<p align=\"justify\" class=\"text1noticias\">Y entre ellos, con luz propia, est\u00e1 el antillano que uni\u00f3 a  Borinquen y a Cuba, al proletariado estadounidense y al combatiente  republicano de Espa\u00f1a: Pablo de la Torriente Brau, atractivo en su risa, en sus  espaldas forzudas, en su generosidad, en su cuban\u00edsima prosa, en su rigor de  analista pol\u00edtico. Fue un hombre de y para la revoluci\u00f3n, la verdadera  revoluci\u00f3n: la de la justicia social, la que no se coagula en el poder y las  jerarqu\u00edas, la que no devora a sus hijos, la siempre iconoclasta en todos los  aspectos de la existencia humana, la que aspira a convertir en terrenales  todos los cielos.<\/p>\n<p>&#13;<\/p>\n<p align=\"justify\" class=\"text1noticias\">Fue uno de los serios de aquella generaci\u00f3n quien hundi\u00f3 el  escalpelo en la psicolog\u00eda social insular cuando explic\u00f3 en su c\u00e9lebre  Indagaci\u00f3n del choteo, cuanto sufrimiento escondido hab\u00eda en esa burla  permanente del cubano que no respeta siquiera a s\u00ed mismo. Acert\u00f3 en esa  indagaci\u00f3n, sin dudas, Jorge Ma\u00f1ach, estirado como un scholar yanqui; pero  dej\u00f3 de lado quiz\u00e1s el costado positivo del tema: la sabrosura de vivir  el instante, algo que manten\u00eda la buena salud mental, sobre todo, en una  sociedad como aquella de los primeros decenios republicanos, sin futuro previsible  de mejor\u00eda.<\/p>\n<p>&#13;<\/p>\n<p align=\"justify\" class=\"text1noticias\">Fue Pablo de la Toriente Brau probablemente el m\u00e1s eficaz contendiente pr\u00e1ctico de la tesis de Ma\u00f1ach. Derroch\u00f3 optimismo en todos  los momentos, no el tonto del Pangloss que no quiere ver las realidades  porque les teme, sino el del so\u00f1ador que se empe\u00f1aba en plasmar sus sue\u00f1os  diariamente, en todos los \u00e1mbitos y lugares a que le condujo su agitada vida.  Enamorado de una mujer que a lo mejor nunca comprendi\u00f3 cu\u00e1n hondo la quiso  aquel ni\u00f1o grande, sin un t\u00edtulo universitario porque no le alcanzaba el dinero  para la Universidad, su prol\u00edfico talento y su sagaz perspicacia le  permitieron calar en las ra\u00edces de la naci\u00f3n y de la gente, en los  meandros de la \u00e9poca, en los porvenires que se labraban entonces por el orbe.<\/p>\n<p>&#13;<\/p>\n<p align=\"justify\" class=\"text1noticias\">Fue le\u00eddo con fruici\u00f3n hasta por sus rivales pol\u00edticos e  ideol\u00f3gicos; los estudiantes universitarios le estimaron como un compa\u00f1ero de  aula; fue un soldado de filas de la revoluci\u00f3n que supo valorar la  importancia decisiva de la unidad y encabezar su b\u00fasqueda cuando comenz\u00f3 el  reflujo de la rebeld\u00eda. Y se fue a Espa\u00f1a, donde se daba la batalla  principal a escala planetaria, como uno m\u00e1s entre los muchos cientos de cubanos  que viraron hacia la   Pen\u00ednsula sus aspiraciones por el cambio social.<\/p>\n<p>&#13;<\/p>\n<p align=\"justify\" class=\"text1noticias\">A\u00fan hay quienes le niegan un puesto entre los marxistas,  cuando sus an\u00e1lisis evidencian una asombrosa capacidad creadora en su aplicaci\u00f3n  al examen de la problem\u00e1tica insular y universal. No cab\u00eda en las  disciplinas partidistas de la \u00e9poca; pero supo evaluar el papel de la organizaci\u00f3n en  las luchas pol\u00edticas y, cuando fue necesario, impuls\u00f3 tal organizaci\u00f3n.  Fue un h\u00e9roe civil por excelencia, el intelectual comprometido que por  entonces quer\u00eda Malraux y, sin embargo, muri\u00f3 con el fusil en sus manos  vistiendo el uniforme de los republicanos, en una unidad militar llena de  campesinos y obreros, muchos de ellos de raigambre anarquista.<\/p>\n<p>&#13;<\/p>\n<p align=\"justify\" class=\"text1noticias\">No s\u00e9 si podr\u00eda haber sido un l\u00edder que arrastrara a  multitudes; s\u00ed s\u00e9 que fue el militante revolucionario en el lugar requerido,  adem\u00e1s del amigo leal y presto.<\/p>\n<p>&#13;<\/p>\n<p align=\"justify\" class=\"text1noticias\">Lo leyeron y lo reconocieron como el periodista de su  generaci\u00f3n y, cosas de la vida, le otorgaron el premio Justo de Lara, el m\u00e1s  importante de la prensa en aquel tiempo, dos a\u00f1os despu\u00e9s de su deceso. Parte  de sus escritos para diarios y revistas se han compilado en libros; la  mayor\u00eda, tristemente, se est\u00e1 perdiendo en los viejos peri\u00f3dicos de los 20 y los  30 que se calcinan en las bibliotecas cubanas. La primera edici\u00f3n de  Batey, su libro de cuentos, fue una rareza desde que apareci\u00f3 en 1930. La  mayor\u00eda de su obra narrativa se public\u00f3 post mortem, muchos de sus t\u00edtulos, en  tiradas masivas y ediciones pr\u00edncipe, despu\u00e9s del primero de enero de 1959.  Por eso ha sido un escritor importante e influyente en mi generaci\u00f3n.  Sospecho, sin embargo,<br \/>&#13;<br \/>\n  que ya no lo es tanto para la nueva.<\/p>\n<p>&#13;<\/p>\n<p align=\"justify\" class=\"text1noticias\">Setenta a\u00f1os nos separan ya de su heroica muerte. La pregunta  es l\u00edcita y obligada: \u00bfcu\u00e1nto m\u00e1s, cu\u00e1nto mejor, habr\u00eda dejado Pablo de  haber llegado a una edad avanzada? Sabemos que basta con lo que nos ha  entregado en vida y obra, que no tiene sentido pedirle mas, pero pareciera que  siempre queremos m\u00e1s de hombres as\u00ed.<\/p>\n<p>&#13;<\/p>\n<p align=\"justify\" class=\"text1noticias\">Por eso estoy feliz en estos d\u00edas, cuando el Centro Cultural  Pablo de la Torriente Brau ha cumplido diez a\u00f1os de fundado. Primero que  todo, por perpetuar su memoria, su imagen, su recuerdo, y su obra  escrita mediante cuidadas ediciones. Luego por esa energ\u00eda y \u00e1nimo que  despliega el peque\u00f1o n\u00famero de sus integrantes encabezados por V\u00edctor Cas\u00e1us,  enamorado desde hace mucho de Pablo, compilador de sus cartas cruzadas con  Ra\u00fal Roa y divulgador de su vida en el celuloide. Y, sobre todo, por  esa obra original, entusiasta, cuban\u00edsima y de avanzada que se hace en el  Centro, como la hizo Pablo en su \u00e9poca.<\/p>\n<p>&#13;<\/p>\n<p align=\"justify\" class=\"text1noticias\">Cuando se repasa que ese Centro Cultural ubicado en La Habana Vieja compila el Fondo documental sobre Pablo y su tiempo, mantiene  abierta la sala deexposiciones Majadahonda, organiza los salones de arte  digital, ofrece los conciertos de la m\u00e1s nueva trova en A guitarra limpia y nos  entrega lasgrabaciones, publica las ediciones La Memoria, brinda la  colecci\u00f3n Palabra Viva con las voces de nuestra cultura, entrega el Premio  Memoria a textos decar\u00e1cter testimonial y vivencial y hasta mantiene el  programa En el Centro por Habana Radio, no queda m\u00e1s remedio que pensar que es  como si Pablohubiera renacido, como si su deseo de hacer, de mejorar a la  especie humana, de dar felicidad y sentimientos buenos se multiplicaran en  el actuar de esa instituci\u00f3n.<\/p>\n<p>&#13;<\/p>\n<p align=\"justify\" class=\"text1noticias\">Desde luego, lo sabemos, es que Pablo est\u00e1 en el Centro, en  su Centro Cultural Pablo de la Torriente Brau,  franco, abierto y cari\u00f1oso.<\/p>\n<p>&#13;<\/p>\n<p><span class=\"Rojo\">Fuente:<\/span> <span class=\"Estilo1\">CUBARTE<\/span><br \/>&#13;<br \/>\n  <br \/>&#13;<br \/>\n    <span class=\"textopq1\"><strong>25 de Abril, 2007<\/strong><\/span><\/p>\n<p>&#13;<\/p>\n<h6> 2007-05-04 16:25:04 <\/h6>\n<p><!--\n<link rel=\"stylesheet\" href=\"css\/bootstrap.min.css\">\n\n\n<ul class=\"pagination\">\n\t    \n\t\n\n<li >\n\t<a href='?page_no=13057'>Previous<\/a>\n\t<\/li>\n\n\n       \n    \n\n<li><a href='?page_no=1'>1<\/a><\/li>\n\n\n\n<li><a href='?page_no=2'>2<\/a><\/li>\n\n\n\n<li><a>...<\/a><\/li>\n\n\n\n<li><a href='?page_no=13056'>13056<\/a><\/li>\n\n\n\n<li><a href='?page_no=13057'>13057<\/a><\/li>\n\n\n\n<li class='active'><a>13058<\/a><\/li>\n\n\n\n<li><a href='?page_no=13059'>13059<\/a><\/li>\n\n\n\n<li><a href='?page_no=13060'>13060<\/a><\/li>\n\n\n\n<li><a>...<\/a><\/li>\n\n\n\n<li><a href='?page_no=13611'>13611<\/a><\/li>\n\n\n\n<li><a href='?page_no=13612'>13612<\/a><\/li>\n\n    \n\t\n\n<li >\n\t<a href='?page_no=13059'>Next<\/a>\n\t<\/li>\n\n\n    \n\n<li><a href='?page_no=13612'>Last &rsaquo;&rsaquo;<\/a><\/li>\n\n<\/ul>\n\n\n--><br \/>\n<\/body><\/p>\n","protected":false},"excerpt":{"rendered":"<p>&#13; Los diez a\u00f1os de Pablo de la Torriente Brau &#13; *Por: Pedro Pablo Rodr\u00edguez &#13; Cubarte.- El 19 de diciembre de 1936, en Majadahonda, ca\u00eda en combate frente a los fascistas, un comisario del Ej\u00e9rcito de la Rep\u00fablica espa\u00f1ola que *hab\u00eda nacido en San Juan de Puerto Rico y se hab\u00eda criado entre aquella [&hellip;]<\/p>\n","protected":false},"author":3,"featured_media":0,"comment_status":"open","ping_status":"open","sticky":false,"template":"","format":"standard","meta":{"footnotes":""},"categories":[16],"tags":[],"class_list":["post-37279","post","type-post","status-publish","format-standard","hentry","category-opiniones"],"_links":{"self":[{"href":"https:\/\/diariodominicano.com\/index.php?rest_route=\/wp\/v2\/posts\/37279","targetHints":{"allow":["GET"]}}],"collection":[{"href":"https:\/\/diariodominicano.com\/index.php?rest_route=\/wp\/v2\/posts"}],"about":[{"href":"https:\/\/diariodominicano.com\/index.php?rest_route=\/wp\/v2\/types\/post"}],"author":[{"embeddable":true,"href":"https:\/\/diariodominicano.com\/index.php?rest_route=\/wp\/v2\/users\/3"}],"replies":[{"embeddable":true,"href":"https:\/\/diariodominicano.com\/index.php?rest_route=%2Fwp%2Fv2%2Fcomments&post=37279"}],"version-history":[{"count":0,"href":"https:\/\/diariodominicano.com\/index.php?rest_route=\/wp\/v2\/posts\/37279\/revisions"}],"wp:attachment":[{"href":"https:\/\/diariodominicano.com\/index.php?rest_route=%2Fwp%2Fv2%2Fmedia&parent=37279"}],"wp:term":[{"taxonomy":"category","embeddable":true,"href":"https:\/\/diariodominicano.com\/index.php?rest_route=%2Fwp%2Fv2%2Fcategories&post=37279"},{"taxonomy":"post_tag","embeddable":true,"href":"https:\/\/diariodominicano.com\/index.php?rest_route=%2Fwp%2Fv2%2Ftags&post=37279"}],"curies":[{"name":"wp","href":"https:\/\/api.w.org\/{rel}","templated":true}]}}