{"id":37277,"date":"2007-05-04T16:38:49","date_gmt":"2007-05-04T16:38:49","guid":{"rendered":"http:\/\/diariodominicano.ddns.net\/?p=37277"},"modified":"2007-05-04T16:38:49","modified_gmt":"2007-05-04T16:38:49","slug":"las-principales-en-teledebate-90","status":"publish","type":"post","link":"https:\/\/diariodominicano.com\/?p=37277","title":{"rendered":"LAS PRINCIPALES EN TELEDEBATE"},"content":{"rendered":"<p><body><\/p>\n<h1 align=\"center\" class=\"titulogrande1\">LAS PRINCIPALES EN TELEDEBATE<\/h1>\n<p>&#13;<\/p>\n<p align=\"center\" class=\"textogrande\">Mi\u00e9rcoles  2,05,07<\/p>\n<p>&#13;<\/p>\n<p align=\"justify\"><strong>LA   SALIDA DE HERTELL. <\/strong><span class=\"text1noticias\">El ex embajador de los EEUU, Hans Hertell,  abandon\u00f2 el pa\u00ecs rumbo a San Juan, Puerto Rico, dando t\u00e8rmino a su misi\u00f2n  diplom\u00e1tica entre nosotros. Dijo mostrarse agradecido de la acogida del  gobierno y pueblo dominicanos.\u00a0 Hertell,  cuyo desempe\u00f1o result\u00f2 sin dudas muy controversial y pr\u00f2ximo en ocasiones al  ingerencismo, se marcha dejando hu\u00e9rfano de representaci\u00f3n el cargo de  embajador, cuyo sucesor a\u00f9n no ha tomado posesi\u00f3n.<\/span><\/p>\n<p>&#13;<\/p>\n<p align=\"justify\"><strong>ALBUQUERQUE LO ADVIRTI\u00d3 A  TIEMPO.<\/strong> <span class=\"text1noticias\">El Vicepresidente de la   Rep\u00f9blica, Rafael Albuquerque, quien presidi\u00f2 ayer la  ceremonia de inaugural del Seguro Familiar de Salud, advirti\u00f3 que la ley de  Seguridad Social presenta muchos fallos que ser\u00e0 preciso corregir.\u00a0 En su caso fue un simple recordatorio, ya que  en oportunamente le hizo muchas observaciones a la legislaci\u00f3n que  lamentablemente no fueron atendidas.<\/span><\/p>\n<p>&#13;<\/p>\n<p align=\"justify\"><strong>AMBOS DICEN QUE GANARAN.\u00a0<\/strong>\u00a0<span class=\"text1noticias\"> La Comisi\u00f2n Electoral  del PLD anuncia que ser\u00e0n anulados los votos que se depositen en la casilla de  Jos\u00e8 Tom\u00e0s P\u00e9rez, quien en d\u00ecas recientes retir\u00f2 su precandidatura para  respaldar la del Presidente Leonel Fern\u00e1ndez. A solo pocos d\u00ecas de la  convenci\u00f3n del partido morado tanto el mandatario como su adversario, Danilo  Medina, se muestran confiados en que obtendr\u00e1n el triunfo.<\/span><\/p>\n<p>&#13;<\/p>\n<p align=\"justify\"><strong>HOGAR CHUCHA SUPERA  CRISIS.\u00a0 <\/strong><span class=\"text1noticias\">El Secretario Administrativo de la Presidencia entreg\u00f2 un  cheque por 243 mil pesos a Hogar Do\u00f1a Chucha, cubriendo el subsidio de la  instituci\u00f3n desde enero a abril.\u00a0 El  licenciado Luis Manuel Bonetti revel\u00f2 que el Presidente Fern\u00e1ndez dispuso  aumentar el mismo de 40 a  58 mil pesos.\u00a0 Igualmente que la Loter\u00eda le entregar\u00e0 80  mil pesos adicionales todos los meses al Hogar ante el cual se abre un nuevo  horizonte.<\/span><\/p>\n<p>&#13;<\/p>\n<p align=\"justify\"><strong>REABREN EXPEDIENTE DE  NARCISAZO.<\/strong>\u00a0 <span class=\"text1noticias\">El fiscal del Distrito  Nacional exhorta a cualquier ciudadano que pueda aportar alg\u00f9n detalle que  conduzca al esclarecimiento de la desaparici\u00f3n del profesor Narciso Gonz\u00e0lez,  Narcisazo, se acerque a su despacho.\u00a0 El  doctor Hern\u00e1ndez Peguero dice que ha asumido personalmente el expediente que  data de 1994 con la colaboraci\u00f3n de tres oficiales adjuntos que partipar\u00e0n en  la reabierta investigaci\u00f2n del caso.<\/span><\/p>\n<p>&#13;<\/p>\n<p align=\"justify\"><strong>LA HICIERON DE  NUEVO.\u00a0 <\/strong><span class=\"text1noticias\">Por nueva vez los transportistas  volvieron a hacer de las suyas.\u00a0 Con la  excusa de participar en la marcha protagonizada por cientos de activistas con  motivo del Primero de Mayo suspendieron el servicio dejando literalmente en la  calle a miles de personas, en su gran mayor\u00eca trabajadores, que confrontaron  grandes dificultades para dirigirse a sus actividades y negocios.\u00a0 Si no lo son, se comportan como si fuesen los  \u201cdue\u00f1os del pa\u00ecs\u201d.<\/span><\/p>\n<p>&#13;<\/p>\n<p align=\"justify\"><strong>ASEGURA PLAN FAMILIAR ES  INVIABLE.\u00a0<\/strong><span class=\"text1noticias\"> El doctor Enriquillo Matos,  Presidente del Colegio M\u00e8dico Dominicano, fue muy enf\u00e1tico en su comparecencia  de la ma\u00f1ana de hoy en el espacio matutino En Primera Fila que producimos en  Fiesta F:M. al advertir que a\u00f9n cuando se llegue a un acuerdo sobre los  honorarios con los especialistas, el Seguro Familiar de Salud confronta  obst\u00e1culos y deficiencias que lo hacen inviable.\u00a0 El sabr\u00e0 por qu\u00e8 lo dice.<\/span><\/p>\n<p>&#13;<\/p>\n<p align=\"justify\"><strong>LEIDSA DEMOSTRO QUE MANDA EN EL HIP\u00d3DROMO.<\/strong>\u00a0<span class=\"text1noticias\"> Los amantes del hipismo se quedaron con  deseos de ver las carreras ayer en el Hip\u00f3dromo Quinto Centenario cuando un  conflicto entre la   Comisi\u00f2n H\u00edpica Nacional y la Loter\u00eda Electr\u00f3nica  Internacional (LEIDSA) provoc\u00f2 que esta \u00f9ltima se desconectase del sistema  obligando a la suspensi\u00f3n del evento.\u00a0  LEIDSA controla las apuestas del parque h\u00edpico y bien que lo demostr\u00f2 en  esta ocasi\u00f2n.<\/span><\/p>\n<p>&#13;<\/p>\n<p align=\"justify\"><strong>UNA COMUNIDAD TRAS LAS  REJAS.<\/strong>\u00a0<span class=\"text1noticias\"> La laboriosa comunidad de Guerra  es otra de las que se incorpora al grupo de sectores de la poblaci\u00f3n que se  quejan de que est\u00e0n viviendo en virtual estado de sitio debido a la acci\u00f2n  impune de malhechores y vendedores de drogas.\u00a0  Como en tantos otros lugares, los vecinos tienen que permanecer tr\u00e0s las  rejas de protecci\u00f3n de sus casas y negocios, mientras los delincuentes  disfrutan de la m\u00e0s absoluta libertad para cometer sus fechor\u00edas.<\/span><\/p>\n<p>&#13;<\/p>\n<p align=\"justify\"><strong>DIANDINO RESISTE EL FALLO  JUDICIAL.\u00a0<\/strong> <span class=\"text1noticias\">El Presidente del Senado,  Reinaldo Paret P\u00e9rez, critica la postura de la OPRET de negarse a entregar documentaci\u00f3n  certificada del Metro al colega Huchi Lora. Aunque \u00e8ste ha aclarado que no le  interesan los planos sino una certificaci\u00f3n acreditativa de que los mismos se  ajustan a los previos y rigurosos estudios t\u00e9cnicos que requiere una obra de  esta naturaleza,Diandino Pe\u00f1a sigue insistiendo en resistir el fallo judicial  que orden\u00f2 su entrega.<\/span><\/p>\n<p>&#13;<\/p>\n<p align=\"justify\"><strong>HONRAR, HONRA.<\/strong>\u00a0 <span class=\"text1noticias\">La Secretar\u00eca de Estado de Deportes sigue  reconociendo a quienes a trav\u00e8s de los a\u00f1os han contribu\u00ecdo al desarrollo de la  literatura deportiva en el pa\u00ecs.\u00a0 En esta  oportunidad, fueron distinguidos el doctor Luis Schecker, quien por cierto  ocup\u00f2 ese cargo en una administraci\u00f3n anterior, y el conocido escritor Mateo  Morrison.\u00a0 En ambos casos vale repetir la  frase martiana de que \u201cHonrar, honra\u201d.<\/span><\/p>\n<p>&#13;<\/p>\n<h6> 2007-05-04 16:38:49 <\/h6>\n<p><!--\n<link rel=\"stylesheet\" href=\"css\/bootstrap.min.css\">\n\n\n<ul class=\"pagination\">\n\t    \n\t\n\n<li >\n\t<a href='?page_no=13055'>Previous<\/a>\n\t<\/li>\n\n\n       \n    \n\n<li><a href='?page_no=1'>1<\/a><\/li>\n\n\n\n<li><a href='?page_no=2'>2<\/a><\/li>\n\n\n\n<li><a>...<\/a><\/li>\n\n\n\n<li><a href='?page_no=13054'>13054<\/a><\/li>\n\n\n\n<li><a href='?page_no=13055'>13055<\/a><\/li>\n\n\n\n<li class='active'><a>13056<\/a><\/li>\n\n\n\n<li><a href='?page_no=13057'>13057<\/a><\/li>\n\n\n\n<li><a href='?page_no=13058'>13058<\/a><\/li>\n\n\n\n<li><a>...<\/a><\/li>\n\n\n\n<li><a href='?page_no=13611'>13611<\/a><\/li>\n\n\n\n<li><a href='?page_no=13612'>13612<\/a><\/li>\n\n    \n\t\n\n<li >\n\t<a href='?page_no=13057'>Next<\/a>\n\t<\/li>\n\n\n    \n\n<li><a href='?page_no=13612'>Last &rsaquo;&rsaquo;<\/a><\/li>\n\n<\/ul>\n\n\n--><br \/>\n<\/body><\/p>\n","protected":false},"excerpt":{"rendered":"<p>LAS PRINCIPALES EN TELEDEBATE &#13; Mi\u00e9rcoles 2,05,07 &#13; LA SALIDA DE HERTELL. El ex embajador de los EEUU, Hans Hertell, abandon\u00f2 el pa\u00ecs rumbo a San Juan, Puerto Rico, dando t\u00e8rmino a su misi\u00f2n diplom\u00e1tica entre nosotros. Dijo mostrarse agradecido de la acogida del gobierno y pueblo dominicanos.\u00a0 Hertell, cuyo desempe\u00f1o result\u00f2 sin dudas muy [&hellip;]<\/p>\n","protected":false},"author":3,"featured_media":0,"comment_status":"open","ping_status":"open","sticky":false,"template":"","format":"standard","meta":{"footnotes":""},"categories":[16],"tags":[],"class_list":["post-37277","post","type-post","status-publish","format-standard","hentry","category-opiniones"],"_links":{"self":[{"href":"https:\/\/diariodominicano.com\/index.php?rest_route=\/wp\/v2\/posts\/37277","targetHints":{"allow":["GET"]}}],"collection":[{"href":"https:\/\/diariodominicano.com\/index.php?rest_route=\/wp\/v2\/posts"}],"about":[{"href":"https:\/\/diariodominicano.com\/index.php?rest_route=\/wp\/v2\/types\/post"}],"author":[{"embeddable":true,"href":"https:\/\/diariodominicano.com\/index.php?rest_route=\/wp\/v2\/users\/3"}],"replies":[{"embeddable":true,"href":"https:\/\/diariodominicano.com\/index.php?rest_route=%2Fwp%2Fv2%2Fcomments&post=37277"}],"version-history":[{"count":0,"href":"https:\/\/diariodominicano.com\/index.php?rest_route=\/wp\/v2\/posts\/37277\/revisions"}],"wp:attachment":[{"href":"https:\/\/diariodominicano.com\/index.php?rest_route=%2Fwp%2Fv2%2Fmedia&parent=37277"}],"wp:term":[{"taxonomy":"category","embeddable":true,"href":"https:\/\/diariodominicano.com\/index.php?rest_route=%2Fwp%2Fv2%2Fcategories&post=37277"},{"taxonomy":"post_tag","embeddable":true,"href":"https:\/\/diariodominicano.com\/index.php?rest_route=%2Fwp%2Fv2%2Ftags&post=37277"}],"curies":[{"name":"wp","href":"https:\/\/api.w.org\/{rel}","templated":true}]}}