{"id":37276,"date":"2007-05-05T20:50:37","date_gmt":"2007-05-05T20:50:37","guid":{"rendered":"http:\/\/diariodominicano.ddns.net\/?p=37276"},"modified":"2007-05-05T20:50:37","modified_gmt":"2007-05-05T20:50:37","slug":"un-heroe-del-capitalismo","status":"publish","type":"post","link":"https:\/\/diariodominicano.com\/?p=37276","title":{"rendered":"Un h\u00e9roe del capitalismo"},"content":{"rendered":"<p><body><\/p>\n<p align=\"justify\"><span class=\"titulogrande1\"><strong>Un h\u00e9roe del capitalismo <br \/>&#13;<br \/>\n<\/strong><\/span><br \/>&#13;<br \/>\n  <span class=\"textogrande\">Emir Sader<\/span> \u2022 <em><a href=\"http:\/\/alainet.org\/\" target=\"_blank\" class=\"ttmediao\" rel=\"noopener noreferrer\">Alai<\/a><\/em> <br \/>&#13;<br \/>\n  <br \/>&#13;<br \/>\n  <span class=\"text1noticias\">El informe sobre medio ambiente dio pie a interpretaciones que los  medios masivos de comunicaci\u00f3n adoran: \u201cel hombre es responsable del deterioro  del medio ambiente\u201d. Es decir: usted, yo, nuestra abuela, nuestro sobrino, el  pobre de la esquina, el ni\u00f1o que pide dinero en el sem\u00e1foro, el trabajador sin  tierra, la enfermera del hospital p\u00fablico; en fin, los 6 mil millones de la  poblaci\u00f3n del mundo. <br \/>&#13;<br \/>\n  <br \/>&#13;<br \/>\n  Nada mejor que diluir las responsabilidades espec\u00edficas y  concentradas, diluyendo todo en la naturaleza humana. Todos somos responsables:  los que tiran papeles a la laguna, los que contribuyen con la obstrucci\u00f3n de  los desag\u00fces y quienes contaminan al por mayor con f\u00e1bricas y \u00f3mnibus. \u00bfTodos  por igual? Nada de eso. Ni en lo que hace a las personas, ni en lo que le  corresponde a los pa\u00edses. Los Estados Unidos son los que m\u00e1s contaminan en el  mundo, proporcionalmente lo hacen muy por encima que su poblaci\u00f3n, y en gran  medida debido a sus empresas. Tanto es as\u00ed, que Bush alega que no firma el  protocolo de Kyoto para no perjudicar la competitividad de las empresas  estadounidenses: confesi\u00f3n clara de que son ellas principalmente las que  contaminan. <br \/>&#13;<br \/>\n  <br \/>&#13;<br \/>\n  Tomemos un caso t\u00edpico. El capitalismo ya no tiene m\u00e1s h\u00e9roes.  Entonces, los inventa. Tal vez, Bill Gates sea su m\u00e1xima invenci\u00f3n. El mayor  benefactor mundial y la mayor fortuna del mundo. \u00bfHabr\u00e1 alguna coincidencia en  eso? <br \/>&#13;<br \/>\n  <br \/>&#13;<br \/>\n  Los Angeles Times se pregunta: \u00bfPor qu\u00e9 la instituci\u00f3n caritativa  m\u00e1s rica del mundo es, al mismo tiempo, accionista de empresas que est\u00e1n en el  origen de las contaminaciones sanitarias y ecol\u00f3gicas que ella dice combatir? Y  cita a la Fundaci\u00f3n   Gates , que don\u00f3 218 millones de d\u00f3lares para una campa\u00f1a de  vacunaci\u00f3n contra la poliomielitis y la rub\u00e9ola en el mundo entero, incluido el  delta del r\u00edo N\u00edger. Aunque, al mismo tiempo, la Fundaci\u00f3n invirti\u00f3 423  millones de d\u00f3lares en las empresas ENI, Royal Dutch Shell, Exxon Mobil y  Total, compa\u00f1\u00edas responsables de la mayor parte de las emisiones de gases que  contaminan el cielo de aquella regi\u00f3n del r\u00edo N\u00edger, a niveles a\u00fan m\u00e1s altos  que los tolerados en Estados Unidos y Europa. <br \/>&#13;<br \/>\n  <br \/>&#13;<br \/>\n  Como ocurre con todas las entidades filantr\u00f3picas, la Fundaci\u00f3n Gates  dedica anualmente por lo menos el 5 % de sus ganancias a donaciones para  beneficiarse de las exenciones fiscales. Esta donaci\u00f3n subvenciona  principalmente acciones de saneamiento, proyectos de mejoras en la educaci\u00f3n  p\u00fablica de los Estados Unidos y programas de ayuda social en la regi\u00f3n del  noroeste del Pac\u00edfico. <br \/>&#13;<br \/>\n  <br \/>&#13;<br \/>\n  El 95% restante es invertido buscando rentabilidad sin  reparar en las consecuencias ambientales y sociales impl\u00edcitas en esa b\u00fasqueda  de ganancias. La Fundaci\u00f3n  es accionista de numerosas empresas que no respetan los derechos ambientales,  discriminan, violan los derechos de los trabajadores o est\u00e1n comprometidas en  denuncias por corrupci\u00f3n. Las ramas caritativa y financiera de la empresa,  est\u00e1n totalmente escindidas, una no tiene nada que ver con la otra. <br \/>&#13;<br \/>\n  <br \/>&#13;<br \/>\nLa Fundaci\u00f3n da con una  mano, pero retira con las innumerables manos que tiene extendidas en el mundo  entero. Dona dinero, supuestamente, para un mundo mejor, mientras que el 95% de  sus recursos multiplican las nefastas condiciones ecol\u00f3gicas y sociales del  mundo, ayudando a su deterioro.<\/span><\/p>\n<p>&#13;<\/p>\n<h6> 2007-05-05 20:50:37 <\/h6>\n<p><!--\n<link rel=\"stylesheet\" href=\"css\/bootstrap.min.css\">\n\n\n<ul class=\"pagination\">\n\t    \n\t\n\n<li >\n\t<a href='?page_no=13054'>Previous<\/a>\n\t<\/li>\n\n\n       \n    \n\n<li><a href='?page_no=1'>1<\/a><\/li>\n\n\n\n<li><a href='?page_no=2'>2<\/a><\/li>\n\n\n\n<li><a>...<\/a><\/li>\n\n\n\n<li><a href='?page_no=13053'>13053<\/a><\/li>\n\n\n\n<li><a href='?page_no=13054'>13054<\/a><\/li>\n\n\n\n<li class='active'><a>13055<\/a><\/li>\n\n\n\n<li><a href='?page_no=13056'>13056<\/a><\/li>\n\n\n\n<li><a href='?page_no=13057'>13057<\/a><\/li>\n\n\n\n<li><a>...<\/a><\/li>\n\n\n\n<li><a href='?page_no=13611'>13611<\/a><\/li>\n\n\n\n<li><a href='?page_no=13612'>13612<\/a><\/li>\n\n    \n\t\n\n<li >\n\t<a href='?page_no=13056'>Next<\/a>\n\t<\/li>\n\n\n    \n\n<li><a href='?page_no=13612'>Last &rsaquo;&rsaquo;<\/a><\/li>\n\n<\/ul>\n\n\n--><br \/>\n<\/body><\/p>\n","protected":false},"excerpt":{"rendered":"<p>Un h\u00e9roe del capitalismo &#13; &#13; Emir Sader \u2022 Alai &#13; &#13; El informe sobre medio ambiente dio pie a interpretaciones que los medios masivos de comunicaci\u00f3n adoran: \u201cel hombre es responsable del deterioro del medio ambiente\u201d. Es decir: usted, yo, nuestra abuela, nuestro sobrino, el pobre de la esquina, el ni\u00f1o que pide dinero [&hellip;]<\/p>\n","protected":false},"author":3,"featured_media":0,"comment_status":"open","ping_status":"open","sticky":false,"template":"","format":"standard","meta":{"footnotes":""},"categories":[16],"tags":[],"class_list":["post-37276","post","type-post","status-publish","format-standard","hentry","category-opiniones"],"_links":{"self":[{"href":"https:\/\/diariodominicano.com\/index.php?rest_route=\/wp\/v2\/posts\/37276","targetHints":{"allow":["GET"]}}],"collection":[{"href":"https:\/\/diariodominicano.com\/index.php?rest_route=\/wp\/v2\/posts"}],"about":[{"href":"https:\/\/diariodominicano.com\/index.php?rest_route=\/wp\/v2\/types\/post"}],"author":[{"embeddable":true,"href":"https:\/\/diariodominicano.com\/index.php?rest_route=\/wp\/v2\/users\/3"}],"replies":[{"embeddable":true,"href":"https:\/\/diariodominicano.com\/index.php?rest_route=%2Fwp%2Fv2%2Fcomments&post=37276"}],"version-history":[{"count":0,"href":"https:\/\/diariodominicano.com\/index.php?rest_route=\/wp\/v2\/posts\/37276\/revisions"}],"wp:attachment":[{"href":"https:\/\/diariodominicano.com\/index.php?rest_route=%2Fwp%2Fv2%2Fmedia&parent=37276"}],"wp:term":[{"taxonomy":"category","embeddable":true,"href":"https:\/\/diariodominicano.com\/index.php?rest_route=%2Fwp%2Fv2%2Fcategories&post=37276"},{"taxonomy":"post_tag","embeddable":true,"href":"https:\/\/diariodominicano.com\/index.php?rest_route=%2Fwp%2Fv2%2Ftags&post=37276"}],"curies":[{"name":"wp","href":"https:\/\/api.w.org\/{rel}","templated":true}]}}