{"id":37275,"date":"2007-05-05T20:54:07","date_gmt":"2007-05-05T20:54:07","guid":{"rendered":"http:\/\/diariodominicano.ddns.net\/?p=37275"},"modified":"2007-05-05T20:54:07","modified_gmt":"2007-05-05T20:54:07","slug":"preocupados-por-cuba-muy-preocupados","status":"publish","type":"post","link":"https:\/\/diariodominicano.com\/?p=37275","title":{"rendered":"Preocupados por Cuba, muy preocupados"},"content":{"rendered":"<p><body><\/p>\n<style type=\"text\/css\"><![CDATA[\n<!--\n.Estilo1 {color: #000066}\n-->\n]]><\/style>\n<p>&#13;<\/p>\n<p align=\"justify\"><span class=\"titulogrande1\"><strong>Preocupados por Cuba, muy preocupados<\/strong> <\/span><br \/>&#13;<br \/>\n  <br \/>&#13;<br \/>\n    <span class=\"textogrande\">Miguel \u00c1ngel Llana<\/span> <a href=\"http:\/\/www.rebelion.org\" target=\"_blank\" class=\"ttmediao\" rel=\"noopener noreferrer\">Rebeli\u00f3n<\/a> <br \/>&#13;<br \/>\n  <br \/>&#13;<br \/>\n  <span class=\"text1noticias\">Es sorprendente la preocupaci\u00f3n que muestran los medios de  comunicaci\u00f3n, la gente, los amigos y todo el mundo por lo que pasa o deja de  pasar en Cuba. <br \/>&#13;<br \/>\n  <br \/>&#13;<br \/>\n  Cualquier detalle adquiere vida propia y acaba en la primera  plana de todos los peri\u00f3dicos y televisiones o en cualquier tertulia. No  estamos hablando de EEUU ni de China o de la Uni\u00f3n Europea , no.  No se trata de ning\u00fan pa\u00eds colosal por su poblaci\u00f3n, extensi\u00f3n, riqueza o  potencial econ\u00f3mico; no hablamos de un estado que pueda romper el equilibrio  mundial ni regional. Tampoco tiene yacimientos cuantiosos -de nada que valga la  pena- que puedan satisfacer las necesidades crecientes e insaciables del mundo  hegem\u00f3nico Occidental que controla y domina el globo econ\u00f3mica y militarmente. <br \/>&#13;<br \/>\n  <br \/>&#13;<br \/>\n\u00bfPor qu\u00e9 entonces tanta preocupaci\u00f3n? Cuba, para hacernos una idea  de su potencial peligrosidad, con once millones de habitantes y 110.000 kil\u00f3metros  cuadrados de superficie, es poco m\u00e1s grande que Portugal en poblaci\u00f3n y  extensi\u00f3n, y es uno m\u00e1s de tantos pa\u00edses de Am\u00e9rica, aunque por el bombo que le  dan parece que ocupase toda Am\u00e9rica y fuera el amo del continente y del resto  del mundo. Est\u00e1 claro: Cuba es un peligro, aunque no se sabe exactamente muy  bien por qu\u00e9; con lo poco que es y lo poco que significa, no se entiende a qu\u00e9  viene tanta preocupaci\u00f3n. Seguramente, ser\u00e1n razones ocultas -que se  escamotean- las que originan tanta preocupaci\u00f3n, cuando Cuba ni siquiera tiene  el control de su propio territorio. A los cubanos les est\u00e1 prohibido acercarse  a una parte de su suelo soberano de Guant\u00e1namo y algo similar sucede con el  espacio a\u00e9reo o mar\u00edtimo, que se violan con frecuencia. <br \/>&#13;<br \/>\n<br \/>&#13;<br \/>\nAnte estas  intimidaciones y provocaciones tiene que moverse con precauci\u00f3n conociendo y  sufriendo a diario la pol\u00edtica internacional del doble rasero. La isla es la  m\u00e1s isla de todas las islas, la m\u00e1s asediada desde hace m\u00e1s tiempo. <br \/>&#13;<br \/>\n<br \/>&#13;<br \/>\nEs de destacar que la Asamblea General A \/53\/293 de las Naciones Unidas  de 1998, dedicada a \u00ablos Derechos Humanos y medidas coercitivas  unilaterales\u00bb dec\u00eda exactamente que \u00abla promulgaci\u00f3n y aplicaci\u00f3n de la Ley Helms-Burton  de sanciones contra Cuba es un ejemplo, el m\u00e1s desp\u00f3tico, del unilateralismo de  Estados Unidos en las relaciones internacionales\u00bb. El bloqueo y las  sanciones de todo tipo, sin ninguna explicaci\u00f3n de los motivos, se condenan  incluso por las Naciones Unidas y han sido y siguen siendo el azote de la  poblaci\u00f3n cubana. Un bloqueo como ese durante un mes sobre cualquiera de los  pa\u00edses de la Uni\u00f3n   Europea provocar\u00eda su paralizaci\u00f3n y la hecatombe; y en EEUU  bastar\u00eda con una semana, no s\u00f3lo por la dependencia de aprovisionamiento de  todo tipo de recursos y materias primas, sino porque la econom\u00eda de mercado  occidental funciona y vive de expectativas, es decir, es un puro negocio y como  tal s\u00f3lo las expectativas, favorables y a corto plazo, la mantienen; en caso  contrario o de incertidumbre, el castillo se derrumba; s\u00f3lo cuentan los  beneficios, no las personas; el modelo carece de cualquier fin social. <br \/>&#13;<br \/>\n<br \/>&#13;<br \/>\n\u00bfC\u00f3mo ha podido Cuba resistir casi medio siglo de bloqueo, asedio  y atentados? S\u00f3lo una sencilla f\u00f3rmula que, como el agua, tiene dos \u00fanicos  componentes: solidaridad y organizaci\u00f3n. As\u00ed de sencillo para los cubanos,  aunque no tanto para sus enemigos que todav\u00eda no lo han entendido. Pero no son  s\u00f3lo palabras: en el a\u00f1o 2005 unos tremendos huracanes asolaron el Caribe y  especialmente Cuba, pero gracias a la solidaridad y la organizaci\u00f3n (a pesar de  la pobreza) todos se salvaron. Los mismos huracanes asolaron EEUU y la  insolidaridad y la \u00aborganizaci\u00f3n\u00bb especulativa gubernamental  provocaron en Nueva Orleans una cat\u00e1strofe que afect\u00f3 a los de siempre, a la  poblaci\u00f3n, que qued\u00f3 reducida a la mitad en un a\u00f1o, por muertes o emigraciones  como consecuencia del abandono de su gobierno. Ni siquiera por desidia, sino  por no ser un objetivo estrat\u00e9gico (del Pent\u00e1gono) al que le hubieran sobrado  recursos. No parece que sea necesario dar m\u00e1s detalles de la actuaci\u00f3n y respuesta  dada por cada uno de los dos gobiernos y de su organizaci\u00f3n social y sus  prioridades. Las consecuencias del hurac\u00e1n Katrina en Cuba y EEUU son  elocuentes en s\u00ed mismas, pero se acent\u00faan si se a\u00f1aden las posibilidades  econ\u00f3micas y materiales de cada pa\u00eds y la ausencia o presencia del binomio  solidaridad y organizaci\u00f3n. <br \/>&#13;<br \/>\n<br \/>&#13;<br \/>\nPero a pesar de todo, siendo tan poca cosa y despu\u00e9s de lo dicho,  todos siguen muy preocupados por Cuba: se preocupan, dicen, porque no tiene  libertades, porque no hay democracia, porque es pobre. Y no les falta raz\u00f3n,  todo eso es verdad, pero nadie se plantea las mismas cuestiones sobre decenas  de pa\u00edses del continente americano y del resto del mundo, cuando en Cuba hay  menos mortalidad infantil que en cualquiera de esos pa\u00edses, incluido EEUU,  menos analfabetismo y m\u00e1s desarrollo cultural, menos miseria y m\u00e1s solidaridad,  menos \u00ablibre mercado\u00bb y m\u00e1s mercado social, equitativo. Y en esto  est\u00e1 o no est\u00e1 la democracia, esos son los referentes, los que determinan sin  dudas porqu\u00e9 hay m\u00e1s democracia y m\u00e1s participaci\u00f3n democr\u00e1tica en Cuba que en  EEUU o en cualquiera de los dem\u00e1s pa\u00edses americanos. <br \/>&#13;<br \/>\n<br \/>&#13;<br \/>\nA\u00fan hay m\u00e1s, Cuba no ha participado en los miles de vuelos  secretos estadounidenses con la complicidad y participaci\u00f3n de los pa\u00edses  democr\u00e1ticos de la Uni\u00f3n   Europea , ni tiene c\u00e1rceles secretas en las que se tortura  legalmente y se mantiene prisioneros durante a\u00f1os a los secuestrados, como  ocurre en EEUU con cualquier sospechoso. En Cuba s\u00f3lo hay un Guant\u00e1namo \u2013no  consentido por los cubanos- y desde luego no hay ning\u00fan Abu Graib ni ninguno de  tantos otros infiernos estadounidenses, y de alg\u00fan otro pa\u00eds, repartidos por el  mundo. <br \/>&#13;<br \/>\n<br \/>&#13;<br \/>\nPero, \u00bfpor qu\u00e9 tanta preocupaci\u00f3n? Porque Cuba es un proyecto  libre e independiente. Cuba es una idea en marcha consolidada. Y esta idea en  marcha da mucho miedo: su proyecto y su \u00abmal ejemplo\u00bb asustan. Y  asustan m\u00e1s cuando a todo lo anterior se a\u00f1ade que Venezuela, Bolivia&#8230; y  tantos otros que no quieren seguir siendo colonias tambi\u00e9n se convierten en una  amenaza igual que Cuba, origen del foco contagioso. <br \/>&#13;<br \/>\n<br \/>&#13;<br \/>\nEstas dos cuestiones arman el entramado conceptual de lo  medi\u00e1tico: lo que es Cuba y, por otra parte, lo que puede significar en el  contexto de la influencia mundial donde nunca tan poco \u2013un peque\u00f1o e  insignificante pa\u00eds- fue tanto en los quebraderos de cabeza de la Uni\u00f3n Europea y de  su asustado imperio estadounidense, que ni duerme, obsesionado por la  existencia de la isla. \u00bfQu\u00e9 otra explicaci\u00f3n tiene? <br \/>&#13;<br \/>\n<br \/>&#13;<br \/>\nA pesar de todo, a pesar de tantas contradicciones, nunca se han  visto tantas preguntas ni tanta preocupaci\u00f3n por la democracia, elecciones,  libertades, derechos\u2026, la lista es interminable. Al mismo tiempo, ya que es un  pa\u00eds que se visita tan frecuentemente, sobre todo por espa\u00f1oles que ni siquiera  tienen la barrera del idioma para colarse en cualquiera de los ambientes de las  ciudades, pueblos y barrios, dan ganas de preguntar a todos esos turistas que  vuelven con tantas dudas a qu\u00e9 se ha dedicado all\u00e1 si no se han enterado de  d\u00f3nde han estado. Por no hablar de los que no han ido y sin embargo lo saben  todo sobre Cuba y est\u00e1n de vuelta. <br \/>&#13;<br \/>\n<br \/>&#13;<br \/>\nEn Cuba sigue habiendo menos analfabetos, pobres, delincuencia,  presos, drogas, inseguridad ciudadana, racismo y hasta muchas m\u00e1s libertades,  s\u00ed libertades, que en cualquier otro pa\u00eds del continente americano, incluido  EEUU por supuesto, pero claro, con matizaciones. En determinados pa\u00edses, en  determinados modelos de pa\u00eds, puede entrar todo el que tenga dinero en cantidad  ya sea \u00e1rabe, musulm\u00e1n, cristiano, ateo, dictador o delincuente. Pero ninguno  de estos delincuentes puede entrar en el otro modelo de pa\u00eds, Cuba, en el que  sucede justamente lo contrario. No es necesario especificar a d\u00f3nde van de  compras y a veranear los mayores dictadores, las mayores fortunas, los mayores  criminales y d\u00f3nde tienen depositadas sus fortunas. <br \/>&#13;<br \/>\n<br \/>&#13;<br \/>\nTampoco parece necesario  decir lo queridos y populares que son semejantes personajes en sus propios  pa\u00edses y menos c\u00f3mo viven sus s\u00fabditos -miseria, paro, emigraci\u00f3n- en lo  material y en lo democr\u00e1tico. No hace falta decir d\u00f3nde sucede todo esto y  menos qui\u00e9nes son los invitados permanentes y qui\u00e9nes los anfitriones. Tampoco  parece necesario insistir en que Cuba no es precisamente un para\u00edso para estos  personajes, aunque s\u00ed lo era y mucho hace medio siglo; pero las cosas han cambiado  y eso parece que es el origen y la causa de la preocupaci\u00f3n de tantos. <br \/>&#13;<br \/>\n<br \/>&#13;<br \/>\nEn Cuba hay m\u00e1s estabilidad democr\u00e1tica que en cualquier otro pa\u00eds  y as\u00ed se demuestra que cuando Fidel Castro estuvo gravemente enfermo en la UVI, en plena  \u00abcrisis\u00bb cubana nada menos que el Presidente de la Asamblea Nacional  de Cuba, Ricardo Alarc\u00f3n, dedic\u00f3 casi una semana a participar en las jornadas  \u00abLa Humanidad  frente al Imperialismo\u00bb en Oviedo, junto con varias decenas de otros  destacados conferenciantes, en octubre del a\u00f1o pasado, participando en mesas  redondas, asistiendo desde el patio de butacas, como los dem\u00e1s, a las  conferencias de otros ponentes o en el vest\u00edbulo del Teatro Filarm\u00f3nica  compartiendo tertulia en los descansos, en las comidas y cenas, todo sin ning\u00fan  problema y mezcl\u00e1ndose con todos, conferenciantes y p\u00fablico asistente. <br \/>&#13;<br \/>\n<br \/>&#13;<br \/>\nEsta multitud de dudas, interrogantes y certezas sobre Cuba se han  estancado hace a\u00f1os y no evolucionan, ya se han convertido en t\u00f3picos. En vez  de preguntar tan insistentemente si hay democracia, libertades y toda la  letan\u00eda, \u00bfpor qu\u00e9 no miran a su alrededor donde la respuesta est\u00e1 m\u00e1s que  servida? No se trata de que la corrupci\u00f3n y el crimen generalizados eximan de  nada, no es que el mal ajeno resuelva el propio, pero s\u00ed es necesario, como  m\u00ednimo, relativizar las situaciones y sus causas. Tambi\u00e9n convendr\u00eda se\u00f1alar y  apuntar hacia el origen de lo que sucede y hacia los motivos y fines de los que  promueven y mantienen la situaci\u00f3n de tanta miseria y pobreza. Cada d\u00eda mueren  de hambre 36.000 personas en el mundo, pero me imagino que despu\u00e9s de grandes  sufrimientos, anemias, dolencias, dolores, asco o qui\u00e9n sabe qu\u00e9 tragedias,  pero en todo caso \u00bfEs Cuba responsable de estas muertes? Da la impresi\u00f3n de que  no, a juzgar por los millones y millones de d\u00f3lares que otros \u2013sus detractores,  los que se preocupan- recaudan por la exportaci\u00f3n de armas, patentes de  medicamentos, alimentos, por lo que invierten en invasiones, guerras,  bombardeos, ocupaciones y en las miles de bases militares equipadas hasta los  topes con todo tipo de armas prohibidas -tambi\u00e9n nucleares- que poseen la  mayor\u00eda de los pa\u00edses cuyos presidentes y sus gobiernos son tan bien recibidos  y agasajados en los encuentros internacionales, siempre en los lugares de  recreo y ocio, donde se celebran las reuniones de \u00abtrabajo\u00bb. <br \/>&#13;<br \/>\n<br \/>&#13;<br \/>\nLos partidos pol\u00edticos, incondicionales administradores a sueldo  -c\u00f3mplices- del sistema y la presi\u00f3n medi\u00e1tica interesada, junto con la  ausencia de esp\u00edritu cr\u00edtico y de rebeld\u00eda ideol\u00f3gica, son la causa y est\u00e1n en  el origen. Son los responsables de seguir el juego, de rechazar o aceptar \u2013como  est\u00e1 sucediendo- todo este montaje. Y as\u00ed nos va.<br \/>&#13;<br \/>\n  <\/span><br \/>&#13;<br \/>\n  <span class=\"ttmediao Estilo1\">ALAI<\/span><\/p>\n<p>&#13;<\/p>\n<h6> 2007-05-05 20:54:07 <\/h6>\n<p><!--\n<link rel=\"stylesheet\" href=\"css\/bootstrap.min.css\">\n\n\n<ul class=\"pagination\">\n\t    \n\t\n\n<li >\n\t<a href='?page_no=13053'>Previous<\/a>\n\t<\/li>\n\n\n       \n    \n\n<li><a href='?page_no=1'>1<\/a><\/li>\n\n\n\n<li><a href='?page_no=2'>2<\/a><\/li>\n\n\n\n<li><a>...<\/a><\/li>\n\n\n\n<li><a href='?page_no=13052'>13052<\/a><\/li>\n\n\n\n<li><a href='?page_no=13053'>13053<\/a><\/li>\n\n\n\n<li class='active'><a>13054<\/a><\/li>\n\n\n\n<li><a href='?page_no=13055'>13055<\/a><\/li>\n\n\n\n<li><a href='?page_no=13056'>13056<\/a><\/li>\n\n\n\n<li><a>...<\/a><\/li>\n\n\n\n<li><a href='?page_no=13611'>13611<\/a><\/li>\n\n\n\n<li><a href='?page_no=13612'>13612<\/a><\/li>\n\n    \n\t\n\n<li >\n\t<a href='?page_no=13055'>Next<\/a>\n\t<\/li>\n\n\n    \n\n<li><a href='?page_no=13612'>Last &rsaquo;&rsaquo;<\/a><\/li>\n\n<\/ul>\n\n\n--><br \/>\n<\/body><\/p>\n","protected":false},"excerpt":{"rendered":"<p>&#13; Preocupados por Cuba, muy preocupados &#13; &#13; Miguel \u00c1ngel Llana Rebeli\u00f3n &#13; &#13; Es sorprendente la preocupaci\u00f3n que muestran los medios de comunicaci\u00f3n, la gente, los amigos y todo el mundo por lo que pasa o deja de pasar en Cuba. &#13; &#13; Cualquier detalle adquiere vida propia y acaba en la primera plana [&hellip;]<\/p>\n","protected":false},"author":3,"featured_media":0,"comment_status":"open","ping_status":"open","sticky":false,"template":"","format":"standard","meta":{"footnotes":""},"categories":[16],"tags":[],"class_list":["post-37275","post","type-post","status-publish","format-standard","hentry","category-opiniones"],"_links":{"self":[{"href":"https:\/\/diariodominicano.com\/index.php?rest_route=\/wp\/v2\/posts\/37275","targetHints":{"allow":["GET"]}}],"collection":[{"href":"https:\/\/diariodominicano.com\/index.php?rest_route=\/wp\/v2\/posts"}],"about":[{"href":"https:\/\/diariodominicano.com\/index.php?rest_route=\/wp\/v2\/types\/post"}],"author":[{"embeddable":true,"href":"https:\/\/diariodominicano.com\/index.php?rest_route=\/wp\/v2\/users\/3"}],"replies":[{"embeddable":true,"href":"https:\/\/diariodominicano.com\/index.php?rest_route=%2Fwp%2Fv2%2Fcomments&post=37275"}],"version-history":[{"count":0,"href":"https:\/\/diariodominicano.com\/index.php?rest_route=\/wp\/v2\/posts\/37275\/revisions"}],"wp:attachment":[{"href":"https:\/\/diariodominicano.com\/index.php?rest_route=%2Fwp%2Fv2%2Fmedia&parent=37275"}],"wp:term":[{"taxonomy":"category","embeddable":true,"href":"https:\/\/diariodominicano.com\/index.php?rest_route=%2Fwp%2Fv2%2Fcategories&post=37275"},{"taxonomy":"post_tag","embeddable":true,"href":"https:\/\/diariodominicano.com\/index.php?rest_route=%2Fwp%2Fv2%2Ftags&post=37275"}],"curies":[{"name":"wp","href":"https:\/\/api.w.org\/{rel}","templated":true}]}}