{"id":37274,"date":"2007-05-09T05:28:30","date_gmt":"2007-05-09T05:28:30","guid":{"rendered":"http:\/\/diariodominicano.ddns.net\/?p=37274"},"modified":"2007-05-09T05:28:30","modified_gmt":"2007-05-09T05:28:30","slug":"el-tiro-rapido-397","status":"publish","type":"post","link":"https:\/\/diariodominicano.com\/?p=37274","title":{"rendered":"EL TIRO RAPIDO"},"content":{"rendered":"<p><body><\/p>\n<p align=\"center\"><span class=\"titulogrande1\">EL TIRO RAPIDO<\/span><br \/>&#13;<br \/>\n  <br \/>&#13;<br \/>\n    <span class=\"textogrande\"><em>de<\/em><\/span><br \/>&#13;<br \/>\n  <br \/>&#13;<br \/>\n  <span class=\"textogrande\">Mario Rivadulla.<\/span><\/p>\n<p>&#13;<\/p>\n<p align=\"justify\" class=\"text1noticias\">Ayer se cerr\u00f2 el primer cap\u00ectulo del tenso proceso de las  primarias internas del Partido de la Liberaci\u00f3n Dominicana,  caracterizado por el empleo de un lenguaje agresivo, extremadamente \u00e0spero en  ocasiones pero sobre todo, inusual en el seno de esa agrupaci\u00f3n.<\/p>\n<p>&#13;<\/p>\n<p align=\"justify\" class=\"text1noticias\">La abrumadora victoria obtenida por el Presidente Leonel Fern\u00e1ndez, a lo  que por otra parte estaba obligado para no dejar resquicios de duda ni a lo  interno ni a lo externo,\u00a0 reafirm\u00f2 el  fuerte liderazgo que ha desarrollado en el seno del partido morado y lo  convierte de manera autom\u00e1tica en su candidato oficial con vistas a las  elecciones generales del 2008.<\/p>\n<p>&#13;<\/p>\n<p align=\"justify\" class=\"text1noticias\">La contienda intramuros por la candidatura presidencial ha servido tambi\u00e8n  para revalidar el hoy indiscutible lugar de primac\u00eda de que disfruta el PLD  dentro del escenario nacional, como la fuerza pol\u00edtica mayoritaria, sitial que  en el pasado se le atribu\u00eca al Partido Revolucionario Dominicano.\u00a0 Sin dudas, la visiblemente elevada y  entusiasta participaci\u00f2n de sus militantes y afiliados es una demostraci\u00f3n  palpable de ello, y de que sus estructuras no\u00a0  han sido afectadas por el desgaste del ejercicio gubernamental, pese a  las condiciones particularmente dif\u00edciles en que \u00e8ste se desempe\u00f1a.<\/p>\n<p>&#13;<\/p>\n<p align=\"justify\" class=\"text1noticias\">Ahora, la principal inquietud que deja como balance la \u00e0cida campa\u00f1a  interna es si los resquemores originados por la misma en el orden personal no  constituir\u00e1n un obst\u00e1culo para el reagrupamiento de esa organizaci\u00f3n.\u00a0 Ciertamente el lenguaje utilizado en el curso  de la lucha intrapartidaria sembr\u00f2 esta inquietud en no pocos simpatizantes de  esa organizaci\u00f3n, y sin dudas tiene que haber producido heridas, algunas de  ellas muy profundas,\u00a0 en el \u00e0nimo de  quienes en el pasado luc\u00edan unidos por lazos casi fraternales.<\/p>\n<p>&#13;<\/p>\n<p align=\"justify\" class=\"text1noticias\">El ejercicio maduro de la pol\u00edtica sin embargo,\u00a0 se fundamenta en la prevalencia de criterios  racionales y coincidencia de intereses por encima de reacciones emocionales o  situaciones afectivas.\u00a0 Tanto Leonel  Fern\u00e1ndez como Danilo Medina son pol\u00edticos ya formados y experimentados, y  tienen que estar conscientes de que es un inter\u00e9s com\u00f9n de ambos lograr la  permanencia del PLD en el poder m\u00e0s all\u00e0 del 2008\u00a0\u00a0 Para ello, un factor de primera importancia  es la reunificaci\u00f3n\u00a0 de las fuerzas de  ese partido. Esto los obliga\u00a0 a limar  asperezas al menos al punto m\u00ednimo requerido para presentar un s\u00f2lido frente  electoral con francas posibilidades de victoria.<\/p>\n<p>&#13;<\/p>\n<p align=\"justify\" class=\"text1noticias\">Tanto el Presidente Fern\u00e1ndez como Danilo Medina durante el proceso de  campa\u00f1a convencional fueron enf\u00e1ticos en se\u00f1alar que la unidad del PLD no  estaba en juego.\u00a0 Mantener de manera  coherente esa postura, ser\u00e0 una demostraci\u00f3n por parte de ambos de gran  sensatez y\u00a0 clara visi\u00f3n de la  conveniencia, para ambos, de lograr la continuidad de su partido en el  gobierno.<\/p>\n<p>&#13;<\/p>\n<p align=\"justify\" class=\"text1noticias\">No parece que haya mucho margen a dudarlo.\u00a0  El Presidente Fern\u00e1ndez est\u00e0 en el tramo final de su segundo per\u00ecodo y  en camino de alcanzar un tercero.\u00a0  Durante estos a\u00f1os ha debido enfrentar situaciones muy dif\u00edciles.\u00a0 Ha viajado intensamente. Se ha codeado con  numerosos y experimentados jefes de Estado, l\u00ecderes pol\u00edticos, acad\u00e8micos y  c\u00edvicos, representantes de grandes corporaciones y de influyentes  organizaciones de la vida civil.\u00a0 Y  dentro de ese marco tan heterog\u00e9neo\u00a0 ha  logrado un alto nivel de consideraci\u00f2n que va mucho m\u00e0s all\u00e0 de simples  expresiones de cortes\u00eda.<\/p>\n<p>&#13;<\/p>\n<p align=\"justify\" class=\"text1noticias\">Danilo Medina por su parte,\u00a0 es  tambi\u00e8n un pol\u00edtico hecho.\u00a0 Dispone de un  gran sentido de organizaci\u00f3n.\u00a0 Posee una  mente bien estructurada.\u00a0 Y aunque ahora  no parece haber escogido el momento ni el contrincante m\u00e0s apropiados para  promover sus aspiraciones presidenciales por segunda ocasi\u00f2n, ello no lo coloca  al margen de la carrera pol\u00edtica ni le despoja de su cuota de influencia dentro  del PLD.\u00a0 <\/p>\n<p>&#13;<\/p>\n<p align=\"justify\" class=\"text1noticias\">Si bien la victoria del mandatario fue concluyente, los valores pol\u00edticos  de Danilo Medina no quedan disminuidas. . El en definitiva, asumi\u00f2 con\u00a0 decisi\u00f2n un reto casi imposible de superar  como era el de enfrentar no s\u00f2lo al Presidente de la Rep\u00f9blica y del PLD,  sino a la figura m\u00e0s carism\u00e1tica y de mayor incuestionable popularidad dentro  del escenario nacional que ha surgido en los \u00faltimos a\u00f1os, despu\u00e8s de la  sucesiva desaparici\u00f3n de Jos\u00e8 Francisco Pe\u00f1a G\u00f2mez, Juan Bosch y Joaqu\u00edn  Balaguer.<\/p>\n<p>&#13;<\/p>\n<p align=\"justify\" class=\"text1noticias\">De actuar con la sensatez y la visi\u00f3n de futuro que es de suponer, el reagrupamiento  del PLD debe darse por descartado.\u00a0 Y las  negociaciones propias para lograrlo, una tarea a ser acometida de  inmediato.\u00a0 En definitiva, a la parcela  morada le quedan apenas doce meses y menos d\u00ecas para someterse a la prueba  definitiva del veredicto de las urnas. <\/p>\n<p>&#13;<\/p>\n<p align=\"justify\" class=\"text1noticias\">De la capacidad del PLD para lograrlo y presentar un frente de fuerte  defensa gubernamental y capaz de producir un mensaje electoral compacto y  convincente depender\u00e0 el que ese plazo resulte suficiente para lograr  mantenerse en el poder, o por el contrario demasiado corto para perderlo y  tener que regresar a la oposici\u00f2n. <\/p>\n<p>&#13;<\/p>\n<h6> 2007-05-09 05:28:30 <\/h6>\n<p><!--\n<link rel=\"stylesheet\" href=\"css\/bootstrap.min.css\">\n\n\n<ul class=\"pagination\">\n\t    \n\t\n\n<li >\n\t<a href='?page_no=13052'>Previous<\/a>\n\t<\/li>\n\n\n       \n    \n\n<li><a href='?page_no=1'>1<\/a><\/li>\n\n\n\n<li><a href='?page_no=2'>2<\/a><\/li>\n\n\n\n<li><a>...<\/a><\/li>\n\n\n\n<li><a href='?page_no=13051'>13051<\/a><\/li>\n\n\n\n<li><a href='?page_no=13052'>13052<\/a><\/li>\n\n\n\n<li class='active'><a>13053<\/a><\/li>\n\n\n\n<li><a href='?page_no=13054'>13054<\/a><\/li>\n\n\n\n<li><a href='?page_no=13055'>13055<\/a><\/li>\n\n\n\n<li><a>...<\/a><\/li>\n\n\n\n<li><a href='?page_no=13611'>13611<\/a><\/li>\n\n\n\n<li><a href='?page_no=13612'>13612<\/a><\/li>\n\n    \n\t\n\n<li >\n\t<a href='?page_no=13054'>Next<\/a>\n\t<\/li>\n\n\n    \n\n<li><a href='?page_no=13612'>Last &rsaquo;&rsaquo;<\/a><\/li>\n\n<\/ul>\n\n\n--><br \/>\n<\/body><\/p>\n","protected":false},"excerpt":{"rendered":"<p>EL TIRO RAPIDO&#13; &#13; de&#13; &#13; Mario Rivadulla. &#13; Ayer se cerr\u00f2 el primer cap\u00ectulo del tenso proceso de las primarias internas del Partido de la Liberaci\u00f3n Dominicana, caracterizado por el empleo de un lenguaje agresivo, extremadamente \u00e0spero en ocasiones pero sobre todo, inusual en el seno de esa agrupaci\u00f3n. &#13; La abrumadora victoria obtenida [&hellip;]<\/p>\n","protected":false},"author":3,"featured_media":0,"comment_status":"open","ping_status":"open","sticky":false,"template":"","format":"standard","meta":{"footnotes":""},"categories":[16],"tags":[],"class_list":["post-37274","post","type-post","status-publish","format-standard","hentry","category-opiniones"],"_links":{"self":[{"href":"https:\/\/diariodominicano.com\/index.php?rest_route=\/wp\/v2\/posts\/37274","targetHints":{"allow":["GET"]}}],"collection":[{"href":"https:\/\/diariodominicano.com\/index.php?rest_route=\/wp\/v2\/posts"}],"about":[{"href":"https:\/\/diariodominicano.com\/index.php?rest_route=\/wp\/v2\/types\/post"}],"author":[{"embeddable":true,"href":"https:\/\/diariodominicano.com\/index.php?rest_route=\/wp\/v2\/users\/3"}],"replies":[{"embeddable":true,"href":"https:\/\/diariodominicano.com\/index.php?rest_route=%2Fwp%2Fv2%2Fcomments&post=37274"}],"version-history":[{"count":0,"href":"https:\/\/diariodominicano.com\/index.php?rest_route=\/wp\/v2\/posts\/37274\/revisions"}],"wp:attachment":[{"href":"https:\/\/diariodominicano.com\/index.php?rest_route=%2Fwp%2Fv2%2Fmedia&parent=37274"}],"wp:term":[{"taxonomy":"category","embeddable":true,"href":"https:\/\/diariodominicano.com\/index.php?rest_route=%2Fwp%2Fv2%2Fcategories&post=37274"},{"taxonomy":"post_tag","embeddable":true,"href":"https:\/\/diariodominicano.com\/index.php?rest_route=%2Fwp%2Fv2%2Ftags&post=37274"}],"curies":[{"name":"wp","href":"https:\/\/api.w.org\/{rel}","templated":true}]}}