{"id":37272,"date":"2007-05-09T05:40:10","date_gmt":"2007-05-09T05:40:10","guid":{"rendered":"http:\/\/diariodominicano.ddns.net\/?p=37272"},"modified":"2007-05-09T05:40:10","modified_gmt":"2007-05-09T05:40:10","slug":"las-principales-en-teledebate-89","status":"publish","type":"post","link":"https:\/\/diariodominicano.com\/?p=37272","title":{"rendered":"LAS PRINCIPALES EN TELEDEBATE"},"content":{"rendered":"<p><body><\/p>\n<p><span class=\"titulogrande1\">LAS PRINCIPALES EN TELEDEBATE\u00a0\u00a0\u00a0 <\/span><br \/>&#13;<br \/>\n  <br \/>&#13;<br \/>\n    <span class=\"textogrande\">Lunes  7,05,07<\/span><\/p>\n<p>&#13;<\/p>\n<p align=\"justify\"><strong>\u00bfQUI\u00c9N LO ESTAR\u00ccA PROTEGIENDO?\u00a0<\/strong> <span class=\"text1noticias\">El Director del DEPRECO\u00a0 denunci\u00f2 la pasada semana que el fugitivo  Angel Jos\u00e8 Castro Castro, implicado como cabecilla en la mafia de las pensiones,  goza de elevada protecci\u00f3n ya que no aparece ni en las bolas m\u00e1gicas de los  adivinos. Ahora son muchos los que reclaman al doctor Octavio L\u00ecster la  identificaci\u00f3n de quien le estar\u00eca sirviendo de sombrilla de impunidad.\u00a0 \u00bfLo conocer\u00e0 el funcionario fiscal?\u00a0 En tal caso, debe jug\u00e1rsela.<\/span><\/p>\n<p>&#13;<\/p>\n<p align=\"justify\"><strong>UNA NUEVA OPORTUNIDAD DE  VIDA:\u00a0<\/strong> <span class=\"text1noticias\">\u00bfC\u00f2mo es posible que un ser humano  sea mantenido m\u00e0s de quince a\u00f1os guardando prisi\u00f3n preventiva sin haber sido  juzgado y por un alegado crimen que jura y perjura no cometi\u00f3?\u00a0 \u00bfAcaso se le hace justicia simplemente con abrirle  las rejas de la prisi\u00f3n y devolverlo a una sociedad que no conoce ni lo  reconoce?\u00a0 \u00bfEs \u00e8sta la justicia de  nuestra justicia?\u00a0 Lo menos que pueden  hacer las autoridades es darle una nueva oportunidad de vida, despu\u00e8s de  haberle robado gran parte de ella.<\/span><\/p>\n<p>&#13;<\/p>\n<p align=\"justify\"><strong>DISPARO DE LA LECHE IMPORTADA.<\/strong>\u00a0<span class=\"text1noticias\"> Seg\u00f9n divulga El Nacional de Ahora en su  edici\u00f2n del pasado s\u00e1bado, la leche en polvo importada ha registrado aumentos  de hasta un ochenta por ciento.\u00a0 Cabr\u00eca  preguntar ahora a los que continuamente nos hablan de las ventajas  comparativas, qu\u00e8 se hace en este caso para garantizar el suministro del vital  producto a precios que est\u00e0n muy por encima de la capacidad adquisitiva de la  gente.\u00a0 A lo mejor recomiendan sustituir  el l\u00e1cteo por agua con az\u00facar, de tan creativos que son<\/span><\/p>\n<p>&#13;<\/p>\n<p align=\"justify\"><span class=\"titulogrande\">INDOTEL: <\/span><strong>ALCANCE SOCIAL.\u00a0<\/strong> <span class=\"text1noticias\">El amigo Jos\u00e8 Rafael Vargas se anota otro  tanto importante al anunciar el proyecto bianual de conectividad del  organismo.\u00a0 El mismo ser\u00e0 realizado a un costo  de 800 millones de pesos llevando la comunicaci\u00f3n a zonas que hasta ahora han  vivido en aislamiento.\u00a0<br \/>&#13;<br \/>\n  <br \/> &#13;<br \/>\nLo cierto es que  Vargas ha hecho y contin\u00f9a haciendo una excelente gesti\u00f3n al frente de INDOTEL,  d\u00e1ndole un amplio alcance social a ese organismo fundamentalmente t\u00e8cnico.<\/span><\/p>\n<p>&#13;<\/p>\n<p align=\"justify\"><strong>TREMENDA FERIA.\u00a0<\/strong> <span class=\"text1noticias\">Otro Jos\u00e8 Rafael pero Lantigua, mocano como  Vargas y Secretario de Cultura, merece tambi\u00e8n menci\u00f3n aparte por la  extraordinaria versi\u00f3n de la X   Feria Internacional del&gt;Libro que acaba de concluir. M\u00e0s  de mil actividades fueron disfrutadas por dos millones y medio de personas en  las dos semanas que dur\u00f2 el evento.\u00a0 Con  \u00e8l hay que felicitar a la Comisi\u00f2n Organizadora que preside Alejandro  Arvelo.\u00a0 Fue una tremenda feria.<\/span><\/p>\n<p>&#13;<\/p>\n<p align=\"justify\"><strong>EL IDSS EN GRAVE ESTADO.\u00a0<\/strong><span class=\"text1noticias\"> Seg\u00f9n su director, el doctor Sabino B\u00e0ez, el  Instituto Dominicano de Seguros Sociales es un enfermo que se encuentra en  estado grave.\u00a0 La noticia, no es  noticia.\u00a0 Hace mucho que esa entidad  viene arrastrando una existencia precaria en parte por las grandes deudas  acumuladas por el Estado y el sector privado, y en proporci\u00f2n, no menos  importante, por el desorden y la corrupci\u00f2n con que se ha manejado.<\/span><\/p>\n<p>&#13;<\/p>\n<p align=\"justify\"><strong>CIFRAS ORIENTADORAS.<\/strong>\u00a0<span class=\"text1noticias\"> Datos de una encuesta ordenada por el  Ayuntamiento del Distrito Nacional: para un 79.1 porciento de los participantes  en el sondeo el principal problema es la Seguridad Ciudadana.\u00a0 Un\u00a0  61.3 porciento entiende que es el desempleo. El costo de la vida  preocupa a un 53.4%, en tanto la el narcotr\u00e1fico y la pobreza registran  respectivamente un 28.5 y un 25.5 porciento. Las cifras ofrecen una orientaci\u00f3n  sobre el trabajo que es preciso hacer.<\/span><\/p>\n<p>&#13;<\/p>\n<p align=\"justify\"><strong>PARQUEOS, SI COBRAN QUE  CUIDEN.<\/strong><span class=\"text1noticias\">\u00a0 Excelente y justificada la idea  de promover un proyecto de ley obligando a los parqueos privados a garantizar  la integridad de los veh\u00edculos que albergan y a responsabilizarlos con robos y  desperfectos que puedan sufrir los mismos mientras permanecen en tales sitios  que se supone constituyen un refugio seguro. Es muy c\u00f3modo cobrar 20, 30 y m\u00e0s  pesos por hora y lavarse la manos como Poncio Pilatos.\u00a0 Si cobran, que cuiden.<\/span><\/p>\n<p>&#13;<\/p>\n<p align=\"justify\"><strong>SE LES FUE LA MANO. <\/strong><span class=\"text1noticias\">El Partido  Reformista Social Cristiano formaliz\u00f2 la querella contra el Canciller Carlos  Morales Troncoso por alegado uso de los emblermas del mismo. Le reclaman nada  menos que 500 millones de pesos de indemnizaci\u00f3n, el pago de una multa y 2 a\u00f1os  de c\u00e0rcel.\u00a0 Da la impresi\u00f3n de que se les  fue un poco la mano tanto como se les est\u00e0 yendo el tiempo. M\u00e0s inteligente  luce que sigan las recomendaciones de Amable Aristy Castro de ponerse a  trabajar a favor de su partido que est\u00e0 en el piso.<\/span><\/p>\n<p>&#13;<\/p>\n<p align=\"justify\"><strong>NO HAN DICHO ESTA BOCA ES MIA.<\/strong> <span class=\"text1noticias\">La Polic\u00eca Nacional  sigue sin decir esta boca es m\u00eca en el caso de los tres j\u00f2venes cuyos cuerpos  sin vida y baleados aparecieron en el vertedero de Duquesa la pasada  semana.\u00a0 El hecho aparenta una ejecuci\u00f3n  del narcotr\u00e1fico, pero los familiares alegan que los mismos fueron ultimados  por agentes de la uniformada despu\u00e8s de haber robado un cami\u00f2n cargado de  mercanc\u00ecas.<\/span><\/p>\n<p>&#13;<\/p>\n<p align=\"justify\"><span class=\"titulogrande\">CHINA: <\/span><strong>POBREZA Y POBREZA  CRITICA.<\/strong> <span class=\"text1noticias\">Aunque dicen y es cierto que el mal de muchos resulta consuelo de  tontos, aqu\u00ec\u00a0 van algunas cifras  apabullantes.\u00a0 En China Continental o  Comunista, como usted prefiera llamarle, se reporta que a despecho de sus  elevados \u00edndices de crecimiento econ\u00f2mico ochocientos millones de seres humanos  principalmente en el interior, viven en condiciones de pobreza, y de esa cifra,  al menos unos 200 se encuentra en estado de pobreza cr\u00ectica.<\/span><\/p>\n<p>&#13;<\/p>\n<h6> 2007-05-09 05:40:10 <\/h6>\n<p><!--\n<link rel=\"stylesheet\" href=\"css\/bootstrap.min.css\">\n\n\n<ul class=\"pagination\">\n\t    \n\t\n\n<li >\n\t<a href='?page_no=13050'>Previous<\/a>\n\t<\/li>\n\n\n       \n    \n\n<li><a href='?page_no=1'>1<\/a><\/li>\n\n\n\n<li><a href='?page_no=2'>2<\/a><\/li>\n\n\n\n<li><a>...<\/a><\/li>\n\n\n\n<li><a href='?page_no=13049'>13049<\/a><\/li>\n\n\n\n<li><a href='?page_no=13050'>13050<\/a><\/li>\n\n\n\n<li class='active'><a>13051<\/a><\/li>\n\n\n\n<li><a href='?page_no=13052'>13052<\/a><\/li>\n\n\n\n<li><a href='?page_no=13053'>13053<\/a><\/li>\n\n\n\n<li><a>...<\/a><\/li>\n\n\n\n<li><a href='?page_no=13611'>13611<\/a><\/li>\n\n\n\n<li><a href='?page_no=13612'>13612<\/a><\/li>\n\n    \n\t\n\n<li >\n\t<a href='?page_no=13052'>Next<\/a>\n\t<\/li>\n\n\n    \n\n<li><a href='?page_no=13612'>Last &rsaquo;&rsaquo;<\/a><\/li>\n\n<\/ul>\n\n\n--><br \/>\n<\/body><\/p>\n","protected":false},"excerpt":{"rendered":"<p>LAS PRINCIPALES EN TELEDEBATE\u00a0\u00a0\u00a0 &#13; &#13; Lunes 7,05,07 &#13; \u00bfQUI\u00c9N LO ESTAR\u00ccA PROTEGIENDO?\u00a0 El Director del DEPRECO\u00a0 denunci\u00f2 la pasada semana que el fugitivo Angel Jos\u00e8 Castro Castro, implicado como cabecilla en la mafia de las pensiones, goza de elevada protecci\u00f3n ya que no aparece ni en las bolas m\u00e1gicas de los adivinos. Ahora son [&hellip;]<\/p>\n","protected":false},"author":3,"featured_media":0,"comment_status":"open","ping_status":"open","sticky":false,"template":"","format":"standard","meta":{"footnotes":""},"categories":[16],"tags":[],"class_list":["post-37272","post","type-post","status-publish","format-standard","hentry","category-opiniones"],"_links":{"self":[{"href":"https:\/\/diariodominicano.com\/index.php?rest_route=\/wp\/v2\/posts\/37272","targetHints":{"allow":["GET"]}}],"collection":[{"href":"https:\/\/diariodominicano.com\/index.php?rest_route=\/wp\/v2\/posts"}],"about":[{"href":"https:\/\/diariodominicano.com\/index.php?rest_route=\/wp\/v2\/types\/post"}],"author":[{"embeddable":true,"href":"https:\/\/diariodominicano.com\/index.php?rest_route=\/wp\/v2\/users\/3"}],"replies":[{"embeddable":true,"href":"https:\/\/diariodominicano.com\/index.php?rest_route=%2Fwp%2Fv2%2Fcomments&post=37272"}],"version-history":[{"count":0,"href":"https:\/\/diariodominicano.com\/index.php?rest_route=\/wp\/v2\/posts\/37272\/revisions"}],"wp:attachment":[{"href":"https:\/\/diariodominicano.com\/index.php?rest_route=%2Fwp%2Fv2%2Fmedia&parent=37272"}],"wp:term":[{"taxonomy":"category","embeddable":true,"href":"https:\/\/diariodominicano.com\/index.php?rest_route=%2Fwp%2Fv2%2Fcategories&post=37272"},{"taxonomy":"post_tag","embeddable":true,"href":"https:\/\/diariodominicano.com\/index.php?rest_route=%2Fwp%2Fv2%2Ftags&post=37272"}],"curies":[{"name":"wp","href":"https:\/\/api.w.org\/{rel}","templated":true}]}}