{"id":372683,"date":"2022-07-31T00:05:51","date_gmt":"2022-07-31T04:05:51","guid":{"rendered":"http:\/\/diariodominicano.com\/?p=372683"},"modified":"2022-07-31T00:21:10","modified_gmt":"2022-07-31T04:21:10","slug":"duarte-en-espera-para-salir-al-exilio-2","status":"publish","type":"post","link":"https:\/\/diariodominicano.com\/?p=372683","title":{"rendered":"Duarte en espera para salir al exilio"},"content":{"rendered":"\n<p>Juan Pablo Duarte<\/p>\n\n\n\n<p>Por H\u00e9ctor Tineo Nolasco<\/p>\n\n\n\n<p>Diariodominicano.com<\/p>\n\n\n\n<p><\/p>\n\n\n\n<p>SANTO DOMINGO,&nbsp; RD, el&nbsp; 31 de julio&nbsp; de 1843,&nbsp; Juan Pablo Duarte y Pedro Alejandrino Pina, permanecieron refugiados en la residencia de Pedro Cote (sic), en espera del momento para salir al exilio.<\/p>\n\n\n\n<p>&nbsp;&nbsp;&nbsp; Juan Pablo Duarte, Pedro Alejandrino Pina, y otros miembros de La Trinitaria, eran perseguidos por militares haitianos, que ofertaban tres mil pesos y la charretera de Coronel a la persona que dijera d\u00f3nde se encontraba escondido&nbsp; el l\u00edder y fundador de la Trinitaria.<\/p>\n\n\n\n<p>&nbsp;&nbsp; El d\u00eda anterior,&nbsp; el 30 de julio de 1843, Duarte tom\u00f3 la decisi\u00f3n de salir de la ciudad de Santo Domingo&nbsp; para evitar ser detenido por el Gobierno haitiano.<\/p>\n\n\n\n<p>&nbsp;&nbsp; El 30 de julio de 1843, Juan Pablo Duarte,&nbsp; Pedro Alejandrino Pina y Juan Isidro P\u00e9rez se trasladaron a Pajarito, (hoy Villa Duarte, Santo Domingo Este)&nbsp; y se refugiaron en la residencia del ciudadano espa\u00f1ol&nbsp; Pascual C. L\u00f3pez. De all\u00ed salieron a las 10 de la noche de ese d\u00eda.<\/p>\n\n\n\n<p>&nbsp;&nbsp;&nbsp; Antes, el mismo d\u00eda 30 de julio de 1843, Juan Pablo Duarte y Pedro Alejandrino Pina visitaron la residencia de Juan Alejandro Acosta y trataron sobre la forma en que saldr\u00edan al exilio para escapar a la persecuci\u00f3n del Gobierno haitiano.<\/p>\n\n\n\n<p>&nbsp;&nbsp;&nbsp; Rosa Duarte, en&nbsp; \u201cApuntes para la Historia de la Isla de Santo Domingo\u201d, anota que Duarte y sus amigos salieron de la residencia de Pascual C. L\u00f3pez&nbsp; a las 10 de la noche y cruzaron el r\u00edo en un bote para volver a la zona oriental donde se refugiaron en la residencia del se\u00f1or Pedro Cote (sic), \u201chasta su embarque para el extranjero\u201d.<\/p>\n\n\n\n<p>&nbsp;&nbsp;&nbsp;&nbsp; Juan Pablo Duarte hab\u00eda recibido la informaci\u00f3n&nbsp; de uno de sus \u201cperseguidores arrepentido\u201d de que su cabeza ten\u00eda precio y por ello, la persona que le hizo la confidencia&nbsp; le sugiri\u00f3 que saliera de Santo Domingo.<\/p>\n\n\n\n<p>&nbsp;&nbsp; Seg\u00fan el informante, el Gobierno haitiano daba \u201cpor el jefe de la revoluci\u00f3n\u201d,&nbsp; tres mil pesos y la charretera de coronel, pero muchos cre\u00edan que era poco el monto de la oferta.<\/p>\n\n\n\n<p>&nbsp;&nbsp;&nbsp;&nbsp; Juan Pablo Duarte y Pedro Alejandrino Pina salieron de la residencia de Pedro Cote, en compa\u00f1\u00eda de Juan Alejandro Acosta y otro amigo que Rosa Duarte no identifica.<\/p>\n\n\n\n<p>&nbsp;&nbsp; El 31 de agosto de 1843, Duarte y Pina se mantuvieron en espera&nbsp; en la residencia del se\u00f1or Cote, hasta que lleg\u00f3 la oportunidad de salir al exilio,&nbsp; el 2 de agosto de 1843.<\/p>\n\n\n\n<p>&nbsp;&nbsp;&nbsp; Juan Pablo Duarte y los dem\u00e1s miembros de La Trinitaria,&nbsp; eran perseguidos por el Gobierno haitiano, porque ten\u00eda informes de que realizaban actividades para separarse de Hait\u00ed y fundar una&nbsp; naci\u00f3n libre y soberana.<\/p>\n\n\n\n<p>&nbsp;&nbsp; Rosa Duarte, en&nbsp; \u201cApuntes para la Historia de la isla de Santo Domingo\u201d, anota que el d\u00eda 29&nbsp; de julio de 1843, Duarte y Pedro Alejandrino Pina lo pasaron en la residencia del se\u00f1or&nbsp; Jos\u00e9 Botello, \u201cbastante amargamente\u201d.<\/p>\n\n\n\n<p>&nbsp;&nbsp;&nbsp; El Gobierno haitiano inici\u00f3 la ocupaci\u00f3n de la parte oriental de la Isla de Santo Domingo, el d\u00eda 8 de febrero de 1822, cuando el Presidente haitiano Jean Pierre Boyer,&nbsp; recibi\u00f3 las llaves de la ciudad&nbsp; de manos del licenciado Jos\u00e9 N\u00fa\u00f1ez de C\u00e1ceres.<\/p>\n\n\n\n<p>&nbsp;&nbsp; Durante el mes de julio de 1843, las fuerzas militares del Gobierno haitiano intensificaron la persecuci\u00f3n contra los trinitarios.<\/p>\n\n\n\n<p>&nbsp;&nbsp; El d\u00eda 24 de julio de 1843, la residencia de la familia de Juan Pablo Duarte y la de su t\u00edo Jos\u00e9 D\u00edez, fueron allanadas por militares haitianos que trataban de localizar al l\u00edder trinitario.<\/p>\n\n\n\n<p>&nbsp;&nbsp;&nbsp; La requisa fue dirigida por el comandante haitiano Hip\u00f3lito Franquil, quien de acuerdo con la versi\u00f3n de Rosa&nbsp; Duarte, \u201cle acompa\u00f1aba una numerosa tropa de la que una parte cerc\u00f3 la manzana y la otra se introdujo en la casa dividida en dos filas de dos en fondo; una fila de soldados armados entr\u00f3 por el dormitorio principal hasta las piezas interiores; y la otra se extendi\u00f3 desde la calle pasando&nbsp; por la sala hasta los corrales\u201d.<\/p>\n\n\n\n<p>Ese d\u00eda Duarte y varios de sus compa\u00f1eros lograron escapar al saltar por patios de residencias vecinas hasta llegar a la casa del se\u00f1or&nbsp; Teodoro Ariza.<\/p>\n\n\n\n<p>&nbsp;&nbsp;&nbsp;&nbsp; La Trinitaria se encontraba en plena actividad desde el d\u00eda 16 de julio de 1838, cuando un grupo de j\u00f3venes liderados por Juan Pablo Duarte la fundaron en ciudad Santo Domingo, con el objetivo de fundar la Rep\u00fablica Dominicana.<\/p>\n\n\n\n<p>&nbsp;&nbsp;&nbsp;&nbsp; El entusiasmo de Juan Pablo Duarte estimul\u00f3 a los j\u00f3venes de su generaci\u00f3n, lo que le permiti\u00f3 fundar el 16 de julio de 1838, la Sociedad Secreta La Trinitaria, en una reuni\u00f3n que celebraron en la residencia de la se\u00f1ora Josefa&nbsp; (Chepita) P\u00e9rez.<\/p>\n\n\n\n<p>&nbsp;&nbsp;&nbsp;&nbsp; Con Juan Pablo Duarte fundaron La Trinitaria, Juan Isidro P\u00e9rez, Pedro Alejandrino Pina, Felix Mar\u00eda Ru\u00edz, Benito Gonz\u00e1lez, Juan Nepomuceno Ravelo, Felipe Alfau, Jos\u00e9 Mar\u00eda Serra y Jacinto de la Concha.<\/p>\n","protected":false},"excerpt":{"rendered":"<p>Juan Pablo Duarte Por H\u00e9ctor Tineo Nolasco Diariodominicano.com SANTO DOMINGO,&nbsp; RD, el&nbsp; 31 de julio&nbsp; de 1843,&nbsp; Juan Pablo Duarte y Pedro Alejandrino Pina, permanecieron refugiados en la residencia de Pedro Cote (sic), en espera del momento para salir al exilio. &nbsp;&nbsp;&nbsp; Juan Pablo Duarte, Pedro Alejandrino Pina, y otros miembros de La Trinitaria, eran [&hellip;]<\/p>\n","protected":false},"author":28,"featured_media":369260,"comment_status":"closed","ping_status":"","sticky":true,"template":"","format":"standard","meta":{"footnotes":""},"categories":[26,27],"tags":[],"class_list":["post-372683","post","type-post","status-publish","format-standard","has-post-thumbnail","hentry","category-efemerides","category-portada"],"_links":{"self":[{"href":"https:\/\/diariodominicano.com\/index.php?rest_route=\/wp\/v2\/posts\/372683","targetHints":{"allow":["GET"]}}],"collection":[{"href":"https:\/\/diariodominicano.com\/index.php?rest_route=\/wp\/v2\/posts"}],"about":[{"href":"https:\/\/diariodominicano.com\/index.php?rest_route=\/wp\/v2\/types\/post"}],"author":[{"embeddable":true,"href":"https:\/\/diariodominicano.com\/index.php?rest_route=\/wp\/v2\/users\/28"}],"replies":[{"embeddable":true,"href":"https:\/\/diariodominicano.com\/index.php?rest_route=%2Fwp%2Fv2%2Fcomments&post=372683"}],"version-history":[{"count":2,"href":"https:\/\/diariodominicano.com\/index.php?rest_route=\/wp\/v2\/posts\/372683\/revisions"}],"predecessor-version":[{"id":372685,"href":"https:\/\/diariodominicano.com\/index.php?rest_route=\/wp\/v2\/posts\/372683\/revisions\/372685"}],"wp:featuredmedia":[{"embeddable":true,"href":"https:\/\/diariodominicano.com\/index.php?rest_route=\/wp\/v2\/media\/369260"}],"wp:attachment":[{"href":"https:\/\/diariodominicano.com\/index.php?rest_route=%2Fwp%2Fv2%2Fmedia&parent=372683"}],"wp:term":[{"taxonomy":"category","embeddable":true,"href":"https:\/\/diariodominicano.com\/index.php?rest_route=%2Fwp%2Fv2%2Fcategories&post=372683"},{"taxonomy":"post_tag","embeddable":true,"href":"https:\/\/diariodominicano.com\/index.php?rest_route=%2Fwp%2Fv2%2Ftags&post=372683"}],"curies":[{"name":"wp","href":"https:\/\/api.w.org\/{rel}","templated":true}]}}