{"id":37263,"date":"2007-05-10T16:32:31","date_gmt":"2007-05-10T16:32:31","guid":{"rendered":"http:\/\/diariodominicano.ddns.net\/?p=37263"},"modified":"2007-05-10T16:32:31","modified_gmt":"2007-05-10T16:32:31","slug":"nueva-agenda-para-aparecida","status":"publish","type":"post","link":"https:\/\/diariodominicano.com\/?p=37263","title":{"rendered":"Nueva agenda para Aparecida"},"content":{"rendered":"<p><body><\/p>\n<style type=\"text\/css\"><![CDATA[\n<!--\n.Estilo1 {\n\tcolor: #000066;\n\tfont-weight: bold;\n\tfont-style: italic;\n}\n-->\n]]><\/style>\n<p>&#13;<\/p>\n<p class=\"titulogrande1\">Nueva agenda para Aparecida<\/p>\n<p>&#13;<\/p>\n<p class=\"textogrande\">Leonardo Boff<\/p>\n<p>&#13;<\/p>\n<p align=\"justify\"><strong>ALAI AMLATINA,<\/strong> <span class=\"textopq1\">09\/05\/2007,<\/span><strong> R\u00edo de Janeiro.-<\/strong><span class=\"text1noticias\"> La agenda  establecida para la V   Conferencia del Consejo Episcopal Latinoamericano (CELAM) en Aparecida (Brasil) gira alrededor del seguimiento de Jes\u00fas  para que todos tengan vida.\u00a0 La  presencia solemne del Papa viene a avalarla en el m\u00e1s alto grado.\u00a0 Sin  embargo, en los \u00faltimos meses, ocurrieron nuevos hecho, no previstos en los textos preparatorios del evento,  hechos que est\u00e1n modificando la consciencia colectiva de la  humanidad.\u00a0 Ellos representan un desaf\u00edo para toda la humanidad y no dejar\u00e1n  de afectar tambi\u00e9n a la   Iglesia universal y continental.\u00a0 Estos hechos son de tal gravedad que deber\u00edan cambiar la agenda de los obispos en  Aparecida.<\/span><\/p>\n<p>&#13;<\/p>\n<p align=\"justify\" class=\"text1noticias\">A partir de febrero, conocimos con un 90% de certeza que el calentamiento global es consecuencia del modo de producci\u00f3n  y de consumo humano y representa un hecho irreversible.\u00a0 Hasta ese momento la estrategia mundial era de preservar y cuidar la Tierra con comprensi\u00f3n, compasi\u00f3n y amor.\u00a0<br \/>&#13;<br \/>\n  <br \/> &#13;<br \/>\nY  que no deber\u00edamos sobrepasar el l\u00edmite irrebasable que significar\u00eda modificar todo el estado de la Tierra.\u00a0 Ese l\u00edmite ha sido excedido: estamos ya dentro del calentamiento global  que puede variar entre 1,4 y 6 grados Celsius, estabiliz\u00e1ndose  posiblemente en 3 grados.\u00a0 Las  consecuencias de esta ruptura ser\u00e1n desastrosas: habr\u00e1 un gran deshielo y el mar subir\u00e1 significativamente, inundando  ciudades mar\u00edtimas donde vive el 60% de la humanidad; los climas  ser\u00e1n dram\u00e1ticamente afectados, provocando grandes sequ\u00edas en  ciertas regiones e inundaciones descomunales en otras.\u00a0 En ambos casos, las cosechas necesarias para la alimentaci\u00f3n humana y animal quedar\u00e1n  diezmadas.\u00a0 La biodiversidad ser\u00e1 catastr\u00f3ficamente disminuida, ocasionando  la desaparici\u00f3n de miles de especies, rompiendo el siempre  fr\u00e1gil equilibrio de los ecosistemas; millones de personas correr\u00e1n  el riesgo de desaparecer y regiones enteras de la faz de la Tierra se volver\u00e1n inh\u00f3spitas para la vida humana (incluyendo gran parte de  Brasil).<\/p>\n<p>&#13;<\/p>\n<p align=\"justify\" class=\"text1noticias\">Estos datos no son fantasiosos sino emp\u00edricos, recogidos por  los miles de cient\u00edficos esparcidos en 130 pa\u00edses que componen el  organismo de la ONU llamado Panel Intergubernamental sobre Cambios  Clim\u00e1ticos (IPCC en ingl\u00e9s).\u00a0 Han presentado  dos estrategias urgentes: adaptarse a la nueva situaci\u00f3n y menguar los efectos mal\u00e9ficos.<\/p>\n<p>&#13;<\/p>\n<p align=\"justify\" class=\"text1noticias\">Este hecho cambia las prioridades: la cuesti\u00f3n ahora no es  tanto el desarrollo sostenible, sino la continuidad de la Tierra y de la Humanidad.\u00a0 El nuevo  punto central ya no podr\u00e1 ser: c\u00f3mo ser\u00e1 la evangelizaci\u00f3n de la Iglesia en Am\u00e9rica Latina y c\u00f3mo parar la  deserci\u00f3n de cat\u00f3licos hacia otras iglesias de corte pentecostal y  popular, sino: en qu\u00e9 medida todas las iglesias, con el capital espiritual  que poseen, puedan ayudar a la   Tierra a ser benevolente con toda la vida y en qu\u00e9 medida pueden garantizar un futuro com\u00fan para toda la Humanidad.<\/p>\n<p>&#13;<\/p>\n<p align=\"justify\" class=\"text1noticias\">Los obispos, en tanto pastores, deben tomar conciencia de  esta nueva responsabilidad que deber\u00e1n asumir: de concientizar a los  fieles y reeducarlos para la nueva situaci\u00f3n de la humanidad.\u00a0 Estar\u00e1n presentes obispos de toda la Amazonia que cubre parte de los nueve pa\u00edses latinoamericanos.\u00a0  <br \/>&#13;<br \/>\n  <br \/>&#13;<br \/>\nSabemos que estos bosques unidos son el factor principal de equilibrio de todo el sistema clim\u00e1tico de la Tierra, del r\u00e9gimen de los vientos y de las lluvias.\u00a0 La   Iglesia, heredera de la frase:\u00bbvine a traer vida y vida en abundancia\u00bb,  deber\u00e1 anticiparse asumiendo acciones responsables.\u00a0 La   Iglesia tiene la vocaci\u00f3n de ser la guardiana de la vida y salvaguardia de todo el reba\u00f1o.\u00a0 Aparecida no podr\u00e1 quedar por debajo de este desaf\u00edo, so pena de no  cumplir su misi\u00f3n sagrada.\u00a0 Yeso ser\u00e1  exigido por toda la humanidad.\u00a0  (Traducci\u00f3n: ALAI).<\/p>\n<p>&#13;<\/p>\n<p class=\"Estilo1\">&#8211; Leonardo Boff es Te\u00f3logo.<\/p>\n<p>&#13;<\/p>\n<h6> 2007-05-10 16:32:31 <\/h6>\n<p><!--\n<link rel=\"stylesheet\" href=\"css\/bootstrap.min.css\">\n\n\n<ul class=\"pagination\">\n\t    \n\t\n\n<li >\n\t<a href='?page_no=13042'>Previous<\/a>\n\t<\/li>\n\n\n       \n    \n\n<li><a href='?page_no=1'>1<\/a><\/li>\n\n\n\n<li><a href='?page_no=2'>2<\/a><\/li>\n\n\n\n<li><a>...<\/a><\/li>\n\n\n\n<li><a href='?page_no=13041'>13041<\/a><\/li>\n\n\n\n<li><a href='?page_no=13042'>13042<\/a><\/li>\n\n\n\n<li class='active'><a>13043<\/a><\/li>\n\n\n\n<li><a href='?page_no=13044'>13044<\/a><\/li>\n\n\n\n<li><a href='?page_no=13045'>13045<\/a><\/li>\n\n\n\n<li><a>...<\/a><\/li>\n\n\n\n<li><a href='?page_no=13611'>13611<\/a><\/li>\n\n\n\n<li><a href='?page_no=13612'>13612<\/a><\/li>\n\n    \n\t\n\n<li >\n\t<a href='?page_no=13044'>Next<\/a>\n\t<\/li>\n\n\n    \n\n<li><a href='?page_no=13612'>Last &rsaquo;&rsaquo;<\/a><\/li>\n\n<\/ul>\n\n\n--><br \/>\n<\/body><\/p>\n","protected":false},"excerpt":{"rendered":"<p>&#13; Nueva agenda para Aparecida &#13; Leonardo Boff &#13; ALAI AMLATINA, 09\/05\/2007, R\u00edo de Janeiro.- La agenda establecida para la V Conferencia del Consejo Episcopal Latinoamericano (CELAM) en Aparecida (Brasil) gira alrededor del seguimiento de Jes\u00fas para que todos tengan vida.\u00a0 La presencia solemne del Papa viene a avalarla en el m\u00e1s alto grado.\u00a0 Sin [&hellip;]<\/p>\n","protected":false},"author":3,"featured_media":0,"comment_status":"open","ping_status":"open","sticky":false,"template":"","format":"standard","meta":{"footnotes":""},"categories":[16],"tags":[],"class_list":["post-37263","post","type-post","status-publish","format-standard","hentry","category-opiniones"],"_links":{"self":[{"href":"https:\/\/diariodominicano.com\/index.php?rest_route=\/wp\/v2\/posts\/37263","targetHints":{"allow":["GET"]}}],"collection":[{"href":"https:\/\/diariodominicano.com\/index.php?rest_route=\/wp\/v2\/posts"}],"about":[{"href":"https:\/\/diariodominicano.com\/index.php?rest_route=\/wp\/v2\/types\/post"}],"author":[{"embeddable":true,"href":"https:\/\/diariodominicano.com\/index.php?rest_route=\/wp\/v2\/users\/3"}],"replies":[{"embeddable":true,"href":"https:\/\/diariodominicano.com\/index.php?rest_route=%2Fwp%2Fv2%2Fcomments&post=37263"}],"version-history":[{"count":0,"href":"https:\/\/diariodominicano.com\/index.php?rest_route=\/wp\/v2\/posts\/37263\/revisions"}],"wp:attachment":[{"href":"https:\/\/diariodominicano.com\/index.php?rest_route=%2Fwp%2Fv2%2Fmedia&parent=37263"}],"wp:term":[{"taxonomy":"category","embeddable":true,"href":"https:\/\/diariodominicano.com\/index.php?rest_route=%2Fwp%2Fv2%2Fcategories&post=37263"},{"taxonomy":"post_tag","embeddable":true,"href":"https:\/\/diariodominicano.com\/index.php?rest_route=%2Fwp%2Fv2%2Ftags&post=37263"}],"curies":[{"name":"wp","href":"https:\/\/api.w.org\/{rel}","templated":true}]}}